{"id":10265,"date":"2026-01-19T08:10:00","date_gmt":"2026-01-19T11:10:00","guid":{"rendered":"https:\/\/diariodaregiao.audiencelabs.com.br\/?p=10265"},"modified":"2026-01-19T07:59:48","modified_gmt":"2026-01-19T10:59:48","slug":"enquanto-muitos-tentam-rebaixar-pele-presidente-da-argentina-zombou-de-maradona-e-escolhe-o-rei-do-futebol","status":"publish","type":"post","link":"https:\/\/diariodaregiao.audiencelabs.com.br\/enquanto-muitos-tentam-rebaixar-pele-presidente-da-argentina-zombou-de-maradona-e-escolhe-o-rei-do-futebol\/","title":{"rendered":"Enquanto muitos tentam rebaixar Pel\u00e9, presidente da Argentina zombou de Maradona e escolhe o Rei do Futebol"},"content":{"rendered":"\n<p>Por aqui no Brasil \u00e9 mais comum do que se imagina ver brasileiros rebaixando Pel\u00e9 e, ao mesmo tempo, exaltando Diego Armando Maradona. Algo que raramente acontece l\u00e1 pelos lados do pa\u00eds vizinho. E o atual presidente do pa\u00eds, Javier Milei, \u00e9 uma das exce\u00e7\u00f5es.<\/p>\n\n\n\n<p>Antes de ser eleito presidente da Argentina, em 2023, Milei teve alguns tweets seus resgatados por seguidores. As publica\u00e7\u00f5es dirigiam cr\u00edticas a Diego, um dos maiores nomes da hist\u00f3ria do futebol e \u00eddolo m\u00e1ximo dos \u2018hermanos\u2019 &#8211; chamado at\u00e9 de \u201cD\u00edos\u201d por l\u00e1.<\/p>\n\n\n\n<p>Com Maradona vivo na \u00e9poca, o l\u00edder argentino o chamou de \u201cMar de Droga\u201d e fez compara\u00e7\u00f5es negativas com o Rei do Futebol. Segundo Milei, overdoses seriam 12 de Dieguito e nenhuma de Pel\u00e9. Inala\u00e7\u00f5es seriam 57kg &#8211; fazendo alus\u00e3o ao v\u00edcio do craque argentino em coca\u00edna.<\/p>\n\n\n<div class=\"wp-block-image\">\n<figure class=\"aligncenter size-large\"><img loading=\"lazy\" decoding=\"async\" width=\"1024\" height=\"683\" src=\"https:\/\/diariodaregiao.audiencelabs.com.br\/wp-content\/uploads\/2026\/01\/toms0366-1024x683.jpg\" alt=\"Javier Milei\" class=\"wp-image-9542\" srcset=\"https:\/\/diariodaregiao.audiencelabs.com.br\/wp-content\/uploads\/2026\/01\/toms0366-1024x683.jpg 1024w, https:\/\/diariodaregiao.audiencelabs.com.br\/wp-content\/uploads\/2026\/01\/toms0366-300x200.jpg 300w, https:\/\/diariodaregiao.audiencelabs.com.br\/wp-content\/uploads\/2026\/01\/toms0366-768x512.jpg 768w, https:\/\/diariodaregiao.audiencelabs.com.br\/wp-content\/uploads\/2026\/01\/toms0366-1536x1024.jpg 1536w, https:\/\/diariodaregiao.audiencelabs.com.br\/wp-content\/uploads\/2026\/01\/toms0366-750x500.jpg 750w, https:\/\/diariodaregiao.audiencelabs.com.br\/wp-content\/uploads\/2026\/01\/toms0366-1140x760.jpg 1140w, https:\/\/diariodaregiao.audiencelabs.com.br\/wp-content\/uploads\/2026\/01\/toms0366.jpg 2048w\" sizes=\"auto, (max-width: 1024px) 100vw, 1024px\" \/><figcaption class=\"wp-element-caption\">Cr\u00e9ditos: Tomaz Silva\/Ag\u00eancia Brasil<\/figcaption><\/figure>\n<\/div>\n\n\n<p>Beijos em homens na boca, o que seria um problema em sua vis\u00e3o, seriam muitos do argentino a nenhum do brasileiro. Quanto aos gols e conquistas dentro de campo, o atual presidente, que na \u00e9poca era economista, apontou ampla vantagem para o Rei.<\/p>\n\n\n\n<p>Na mesma \u00e9poca, vale lembrar, Milei tamb\u00e9m rebaixou Diego em compara\u00e7\u00e3o com Lionel Messi, outro \u00eddolo futebol\u00edstico do pa\u00eds. De acordo com ele, a carreira europeia de Messi \u00e9 um \u201cespancamento\u201d quando colocada lado a lado com a do bicampe\u00e3o do mundo.<\/p>\n\n\n\n<h2 class=\"wp-block-heading\">Posicionamento de Maradona incomodava Milei<\/h2>\n\n\n\n<p>Os ataques de Milei a Maradona n\u00e3o foram por acaso. Os dois eram antag\u00f4nicos no que diz respeito ao posicionamento pol\u00edtico. Sendo mais claro: Diego era uma figura que o atual presidente argentino abominava ideologicamente.<\/p>\n\n\n\n<p>El Pibe nunca escondeu sua defesa aos mais pobres. Um peronista declarado, carregava uma tatuagem de Che Guevara no bra\u00e7o e tinha uma rela\u00e7\u00e3o pr\u00f3xima com Fidel Castro.<\/p>\n","protected":false},"excerpt":{"rendered":"<p>Por aqui no Brasil \u00e9 mais comum do que se imagina ver brasileiros rebaixando Pel\u00e9 e, ao mesmo tempo, exaltando Diego Armando Maradona. Algo que raramente acontece l\u00e1 pelos lados do pa\u00eds vizinho. E o atual presidente do pa\u00eds, Javier Milei, \u00e9 uma das exce\u00e7\u00f5es. Antes de ser eleito presidente da Argentina, em 2023, Milei [&hellip;]<\/p>\n","protected":false},"author":14,"featured_media":10266,"comment_status":"open","ping_status":"open","sticky":false,"template":"","format":"standard","meta":{"jnews-multi-image_gallery":[],"jnews_single_post":{"format":"standard"},"jnews_primary_category":[],"jnews_social_meta":[],"jnews_post_split":[],"footnotes":""},"categories":[1],"tags":[],"class_list":["post-10265","post","type-post","status-publish","format-standard","has-post-thumbnail","hentry","category-variedades"],"_links":{"self":[{"href":"https:\/\/diariodaregiao.audiencelabs.com.br\/wp-json\/wp\/v2\/posts\/10265","targetHints":{"allow":["GET"]}}],"collection":[{"href":"https:\/\/diariodaregiao.audiencelabs.com.br\/wp-json\/wp\/v2\/posts"}],"about":[{"href":"https:\/\/diariodaregiao.audiencelabs.com.br\/wp-json\/wp\/v2\/types\/post"}],"author":[{"embeddable":true,"href":"https:\/\/diariodaregiao.audiencelabs.com.br\/wp-json\/wp\/v2\/users\/14"}],"replies":[{"embeddable":true,"href":"https:\/\/diariodaregiao.audiencelabs.com.br\/wp-json\/wp\/v2\/comments?post=10265"}],"version-history":[{"count":1,"href":"https:\/\/diariodaregiao.audiencelabs.com.br\/wp-json\/wp\/v2\/posts\/10265\/revisions"}],"predecessor-version":[{"id":10267,"href":"https:\/\/diariodaregiao.audiencelabs.com.br\/wp-json\/wp\/v2\/posts\/10265\/revisions\/10267"}],"wp:featuredmedia":[{"embeddable":true,"href":"https:\/\/diariodaregiao.audiencelabs.com.br\/wp-json\/wp\/v2\/media\/10266"}],"wp:attachment":[{"href":"https:\/\/diariodaregiao.audiencelabs.com.br\/wp-json\/wp\/v2\/media?parent=10265"}],"wp:term":[{"taxonomy":"category","embeddable":true,"href":"https:\/\/diariodaregiao.audiencelabs.com.br\/wp-json\/wp\/v2\/categories?post=10265"},{"taxonomy":"post_tag","embeddable":true,"href":"https:\/\/diariodaregiao.audiencelabs.com.br\/wp-json\/wp\/v2\/tags?post=10265"}],"curies":[{"name":"wp","href":"https:\/\/api.w.org\/{rel}","templated":true}]}}