{"id":10485,"date":"2026-04-28T15:45:17","date_gmt":"2026-04-28T18:45:17","guid":{"rendered":"https:\/\/diariodaregiao.audiencelabs.com.br\/?p=10485"},"modified":"2026-04-28T09:30:24","modified_gmt":"2026-04-28T12:30:24","slug":"cidade-mais-barulhenta-do-brasil-ja-foi-atingida-por-um-meteoro","status":"publish","type":"post","link":"https:\/\/diariodaregiao.audiencelabs.com.br\/cidade-mais-barulhenta-do-brasil-ja-foi-atingida-por-um-meteoro\/","title":{"rendered":"Cidade mais barulhenta do Brasil j\u00e1 foi atingida por um meteoro"},"content":{"rendered":"\n<p>S\u00e3o Paulo, conhecida por sua intensa polui\u00e7\u00e3o sonora, \u00e9 a cidade mais barulhenta do Brasil, ocupando a s\u00e9tima posi\u00e7\u00e3o no ranking global de ru\u00eddo. Apesar de sua notoriedade, a metr\u00f3pole n\u00e3o est\u00e1 entre as cinco mais barulhentas do mundo, com Paris sendo a l\u00edder nesse aspecto.<\/p>\n\n\n\n<p>A pesquisa que classificou as cidades levou em conta fatores como congestionamento, densidade populacional e n\u00edveis de polui\u00e7\u00e3o sonora, resultando em uma m\u00e9dia de 68,9 decib\u00e9is para S\u00e3o Paulo.<\/p>\n\n\n\n<figure class=\"wp-block-gallery has-nested-images columns-default is-cropped wp-block-gallery-1 is-layout-flex wp-block-gallery-is-layout-flex\">\n<figure class=\"wp-block-image size-large\"><img loading=\"lazy\" decoding=\"async\" width=\"901\" height=\"600\" data-id=\"10486\" src=\"https:\/\/diariodaregiao.audiencelabs.com.br\/wp-content\/uploads\/2026\/01\/explosao-de-meteoro-scaled-1.jpg\" alt=\"\" class=\"wp-image-10486\" srcset=\"https:\/\/diariodaregiao.audiencelabs.com.br\/wp-content\/uploads\/2026\/01\/explosao-de-meteoro-scaled-1.jpg 901w, https:\/\/diariodaregiao.audiencelabs.com.br\/wp-content\/uploads\/2026\/01\/explosao-de-meteoro-scaled-1-300x200.jpg 300w, https:\/\/diariodaregiao.audiencelabs.com.br\/wp-content\/uploads\/2026\/01\/explosao-de-meteoro-scaled-1-768x511.jpg 768w, https:\/\/diariodaregiao.audiencelabs.com.br\/wp-content\/uploads\/2026\/01\/explosao-de-meteoro-scaled-1-750x499.jpg 750w\" sizes=\"auto, (max-width: 901px) 100vw, 901px\" \/><figcaption class=\"wp-element-caption\">Cr\u00e9ditos: Freepik<\/figcaption><\/figure>\n<\/figure>\n\n\n\n<h2 class=\"wp-block-heading\">A cratera de Col\u00f4nia em Vargem Grande<\/h2>\n\n\n\n<p>No entanto, o bairro Vargem Grande, localizado no extremo sul da cidade, abriga uma hist\u00f3ria geol\u00f3gica fascinante. Essa \u00e1rea se desenvolveu sobre a cratera de Col\u00f4nia, formada pelo impacto de um meteoro ou cometa h\u00e1 entre 5 e 36 milh\u00f5es de anos.<\/p>\n\n\n\n<p>A cratera, com 3,6 quil\u00f4metros de di\u00e2metro e 400 metros de profundidade, foi descoberta na d\u00e9cada de 1960 e tombada como patrim\u00f4nio geol\u00f3gico em 2003. O impacto que criou a cratera de Col\u00f4nia foi t\u00e3o significativo que eliminou toda a vida em um raio de 20 quil\u00f4metros.<\/p>\n\n\n\n<p>A forma\u00e7\u00e3o geol\u00f3gica \u00e9 considerada uma importante fonte de informa\u00e7\u00f5es sobre a hist\u00f3ria da Terra, oferecendo dados valiosos sobre mudan\u00e7as clim\u00e1ticas e vegeta\u00e7\u00e3o ao longo de milh\u00f5es de anos. Pesquisas na \u00e1rea revelaram a presen\u00e7a de esf\u00e9rulas, forma\u00e7\u00f5es raras que se originam de impactos celestes.<\/p>\n\n\n\n<p>Os moradores de Vargem Grande convivem com a hist\u00f3ria da cratera e expressam orgulho de viver em uma das \u00fanicas crateras habitadas do mundo. O bairro, que abriga cerca de 60 mil pessoas, \u00e9 caracterizado por sua vegeta\u00e7\u00e3o abundante e tranquilidade, contrastando com a agita\u00e7\u00e3o do centro de S\u00e3o Paulo.<\/p>\n","protected":false},"excerpt":{"rendered":"<p>S\u00e3o Paulo, conhecida por sua intensa polui\u00e7\u00e3o sonora, \u00e9 a cidade mais barulhenta do Brasil, ocupando a s\u00e9tima posi\u00e7\u00e3o no ranking global de ru\u00eddo. Apesar de sua notoriedade, a metr\u00f3pole n\u00e3o est\u00e1 entre as cinco mais barulhentas do mundo, com Paris sendo a l\u00edder nesse aspecto. A pesquisa que classificou as cidades levou em conta [&hellip;]<\/p>\n","protected":false},"author":4,"featured_media":10487,"comment_status":"open","ping_status":"open","sticky":false,"template":"","format":"standard","meta":{"jnews-multi-image_gallery":[],"jnews_single_post":{"format":"standard"},"jnews_primary_category":[],"jnews_social_meta":[],"jnews_post_split":[],"footnotes":""},"categories":[1],"tags":[],"class_list":["post-10485","post","type-post","status-publish","format-standard","has-post-thumbnail","hentry","category-variedades"],"_links":{"self":[{"href":"https:\/\/diariodaregiao.audiencelabs.com.br\/wp-json\/wp\/v2\/posts\/10485","targetHints":{"allow":["GET"]}}],"collection":[{"href":"https:\/\/diariodaregiao.audiencelabs.com.br\/wp-json\/wp\/v2\/posts"}],"about":[{"href":"https:\/\/diariodaregiao.audiencelabs.com.br\/wp-json\/wp\/v2\/types\/post"}],"author":[{"embeddable":true,"href":"https:\/\/diariodaregiao.audiencelabs.com.br\/wp-json\/wp\/v2\/users\/4"}],"replies":[{"embeddable":true,"href":"https:\/\/diariodaregiao.audiencelabs.com.br\/wp-json\/wp\/v2\/comments?post=10485"}],"version-history":[{"count":1,"href":"https:\/\/diariodaregiao.audiencelabs.com.br\/wp-json\/wp\/v2\/posts\/10485\/revisions"}],"predecessor-version":[{"id":10489,"href":"https:\/\/diariodaregiao.audiencelabs.com.br\/wp-json\/wp\/v2\/posts\/10485\/revisions\/10489"}],"wp:featuredmedia":[{"embeddable":true,"href":"https:\/\/diariodaregiao.audiencelabs.com.br\/wp-json\/wp\/v2\/media\/10487"}],"wp:attachment":[{"href":"https:\/\/diariodaregiao.audiencelabs.com.br\/wp-json\/wp\/v2\/media?parent=10485"}],"wp:term":[{"taxonomy":"category","embeddable":true,"href":"https:\/\/diariodaregiao.audiencelabs.com.br\/wp-json\/wp\/v2\/categories?post=10485"},{"taxonomy":"post_tag","embeddable":true,"href":"https:\/\/diariodaregiao.audiencelabs.com.br\/wp-json\/wp\/v2\/tags?post=10485"}],"curies":[{"name":"wp","href":"https:\/\/api.w.org\/{rel}","templated":true}]}}