{"id":10803,"date":"2026-05-01T10:20:31","date_gmt":"2026-05-01T13:20:31","guid":{"rendered":"https:\/\/diariodaregiao.audiencelabs.com.br\/?p=10803"},"modified":"2026-04-27T17:36:28","modified_gmt":"2026-04-27T20:36:28","slug":"regra-do-procon-determina-que-compras-baratas-podem-ser-pagas-no-cartao-de-credito","status":"publish","type":"post","link":"https:\/\/diariodaregiao.audiencelabs.com.br\/regra-do-procon-determina-que-compras-baratas-podem-ser-pagas-no-cartao-de-credito\/","title":{"rendered":"Regra do Procon determina que compras baratas podem ser pagas no cart\u00e3o de cr\u00e9dito"},"content":{"rendered":"\n<p>Recentemente, o Procon refor\u00e7ou as regras sobre o uso de cart\u00f5es de cr\u00e9dito nas compras. O C\u00f3digo de Defesa do Consumidor estabelece normas que garantem a prote\u00e7\u00e3o dos direitos dos consumidores e a transpar\u00eancia nas rela\u00e7\u00f5es comerciais.<\/p>\n\n\n\n<p>Uma das diretrizes mais importantes \u00e9 que nenhum estabelecimento pode exigir um valor m\u00ednimo para aceitar pagamentos com cart\u00e3o, seja de cr\u00e9dito ou d\u00e9bito. Os consumidores t\u00eam o direito de utilizar cart\u00f5es de cr\u00e9dito para realizar compras de qualquer valor, sem a imposi\u00e7\u00e3o de um limite m\u00ednimo.<\/p>\n\n\n\n<p>Isso significa que estabelecimentos que ainda exigem um valor m\u00ednimo, como R$ 5, por exemplo, est\u00e3o agindo de forma ilegal. O Procon-SP orienta que os consumidores denunciem essa pr\u00e1tica, que \u00e9 considerada abusiva, e que infringe as normas estabelecidas pelo C\u00f3digo de Defesa do Consumidor (CDC).<\/p>\n\n\n\n<figure class=\"wp-block-gallery has-nested-images columns-default is-cropped wp-block-gallery-1 is-layout-flex wp-block-gallery-is-layout-flex\">\n<figure class=\"wp-block-image size-large\"><img loading=\"lazy\" decoding=\"async\" width=\"900\" height=\"599\" data-id=\"10804\" src=\"https:\/\/diariodaregiao.audiencelabs.com.br\/wp-content\/uploads\/2026\/01\/Captura-de-tela-2026-01-21-095859.png\" alt=\"\" class=\"wp-image-10804\" srcset=\"https:\/\/diariodaregiao.audiencelabs.com.br\/wp-content\/uploads\/2026\/01\/Captura-de-tela-2026-01-21-095859.png 900w, https:\/\/diariodaregiao.audiencelabs.com.br\/wp-content\/uploads\/2026\/01\/Captura-de-tela-2026-01-21-095859-300x200.png 300w, https:\/\/diariodaregiao.audiencelabs.com.br\/wp-content\/uploads\/2026\/01\/Captura-de-tela-2026-01-21-095859-768x511.png 768w, https:\/\/diariodaregiao.audiencelabs.com.br\/wp-content\/uploads\/2026\/01\/Captura-de-tela-2026-01-21-095859-750x499.png 750w\" sizes=\"auto, (max-width: 900px) 100vw, 900px\" \/><figcaption class=\"wp-element-caption\">Cr\u00e9ditos: Freepik<\/figcaption><\/figure>\n<\/figure>\n\n\n\n<h2 class=\"wp-block-heading\">Regras Para Aceita\u00e7\u00e3o de Cart\u00f5es<\/h2>\n\n\n<style>@media (min-width: 992px) {\n    .recomendadorV2Area1 {\n        width: 280px;\n    }\n    .recomendadorV2Area2 {\n        padding: 0px 20px;\n        width: calc(100% - 280px);\n    }\n}\n\n@media (max-width: 992px) {\n    .recomendadorV2Button {\n        margin: 0 auto;\n    }\n    .recomendadorV2Area {\n        flex-direction: column;\n        text-align: center;\n    }\n    .recomendadorV2Area2 {\n        padding: 0px 20px;\n    }\n}\n\n.recomendadorV2Area {\n    background: #eeeeee3d;\n    border-radius: 10px;\n    padding: 15px;\n    display: flex;\n    margin: 15px auto;\n    border: 1px solid #00000014;\n    max-width: 800px;\n}\n\n.recomendadorV2Area1 img {\n    width: 280px;\n    height: auto;\n    border-radius: 8px;\n}\n\n.linkrecomendadorv2 {\n    text-decoration: none !important;\n}\n\n.recomendadorV2Area2 .recomendadorV2Type {\n    text-transform: uppercase;\n    font-weight: 500;\n    font-size: 11px;\n    letter-spacing: 2px;\n    color: #666;\n    margin: 12px 0;\n    display: block;\n}\n\n.recomendadorV2Title h2 {\n    padding-top: 0px !important;\n    margin: 0px !important;\n    border-left: none !important;\n    padding-left: 0px !important;\n    line-height: 1.3;\n    color: #000 !important;\n    font-size: 24px;\n    margin-bottom: 12px !important;\n}\n\n.recomendadorV2Desc {\n    color: #333;\n    margin: 12px 0px !important;\n    font-size: 15px;\n    line-height: 1.5;\n}\n\n.recomendadorV2Button {\n    width: auto;\n    max-width: 200px;\n    margin: 0;\n    display: inline-flex;\n    align-items: center;\n    background: #1D3557;\n    border-radius: 8px;\n    color: #fff;\n    height: 36px;\n    justify-content: center;\n    text-align: center;\n    font-size: 14px;\n    padding: 0 20px;\n    transition: background-color 0.2s ease;\n}\n\n.recomendadorV2Button:hover {\n    background: #2a4d7a;\n}\n\n.recomendadorV2Button:after {\n    margin-top: -2px;\n    content: \"\u2192\";\n    padding: 0px 0px 0px 8px;\n}\n\n.recomendadorV2Alert {\n    text-align: left;\n    font-size: 11px;\n    margin-top: 8px;\n    color: #666;\n}\n\n.recomendadorFixedArea {\n    width: 100%;\n    display: flex;\n    justify-content: center;\n    align-items: center;\n}\n\n@media (min-width: 992px) {\n    #recomendadorFixed {\n        width: 32% !important;\n        left: 5%;\n    }\n    .recomendadorCloseFixed{\n        right: inherit !important;\n        left: 378px !important;\n    }\n}\n\n#recomendadorFixed {\n    width: 90%;\n    box-shadow: 0 10px 20px 0px #00000057;\n    display: none;\n    height: 90px;\n    background: #F6F6F6;\n    position: fixed;\n    flex-direction: row;\n    bottom: 10px;\n    z-index: 9999;\n    border-radius: 16px;\n    padding: 7px 10px;\n}\n\n.recomendadorLeftArea {\n    width: 160px;\n}\n\n.recomendadorRightArea h2 {\n    padding-top: 0px;\n    margin: 2px 0px 4px 0px !important;\n    font-weight: 400;\n    text-align: center;\n    padding-left: 0px !important;\n    color: #000 !important;\n    border-left: none !important;\n    line-height: 20px;\n    font-size: 12px !important;\n}\n\n.recomendadorImgFixed {\n    overflow: hidden;\n    padding: 8px 6px;\n    height: 100%;\n}\n\n.recomendadorImgFixed img {\n    height: 100% !important;\n    border-radius: 16px;\n}\n\n.recomendadorRightArea {\n    padding-top: 6px;\n    display: flex;\n    width: calc(100% - 130px);\n    justify-content: space-between;\n    align-items: center;\n    flex-direction: column;\n}\n\n.recomendadorButtonFixed {\n    margin: 0 auto;\n    background: #1D3557;\n    width: 80%;\n    text-align: center;\n    font-size: 10px;\n    color: #FFF;\n    padding: 2px 10px;\n    border-radius: 3px;\n}\n\n.recomendadorButtonFixed:after {\n    margin-top: -3px;\n    content: \"\u2192\";\n    padding: 0px 0px 0px 10px;\n}\n\n.recomendadorAlertFixed {\n    font-weight: 400;\n    text-align: center;\n    color: #484848;\n    font-size: 8px;\n}\n\n.recomendadorCloseFixed {\n    z-index: 99999;\n    display: none;\n    right: 0px;\n    left: inherit;\n    bottom: 99px;\n    position: fixed;\n    justify-content: center;\n    background: #F6F6F6;\n    width: 25px;\n    align-items: center;\n    height: 25px;\n    font-weight: 800;\n    border-radius: 50%;\n    border: 1px solid #EBEBEB;\n}\n\n.recomendadorV2Desc{\n    color: #000000;\n    margin: 20px 0px;\n}\n\n@media (max-width: 576px) {\n    .recomendadorV2Area {\n      padding: 10px;\n      max-width: 100%;\n    }\n  \n    .recomendadorV2Area1 img {\n      width: 100%;\n      border-radius: 6px;\n    }\n  \n    .recomendadorV2Area2 .recomendadorV2Type {\n      font-size: 9px;\n      letter-spacing: 1px;\n      margin: 8px 0;\n    }\n  \n    .recomendadorV2Title h2 {\n      font-size: 18px !important;\n      margin-bottom: 8px !important;\n      line-height: 1.2;\n    }\n  \n    .recomendadorV2Desc {\n      font-size: 14px;\n      margin: 8px 0 !important;\n      line-height: 1.4;\n    }\n  \n    .recomendadorV2Button {\n      font-size: 12px;\n      height: 30px;\n      padding: 0 12px;\n      max-width: 160px;\n    }\n  \n    .recomendadorV2Button:after {\n      padding-left: 6px;\n    }\n  }\n  <\/style>\n        <div class=\"lazyblock-recomendador-v2-2jDGz wp-block-lazyblock-recomendador-v2\">\n        <a class=\"linkrecomendadorv2\" href=\"https:\/\/diariodaregiao.com.br\/variedades\/ibama-nao-deixa-que-estes-5-animais-sejam-criados-como-pets\/?utm_source=lazy\" target=\"_blank\" rel=\"noopener\">\n            <div class=\"recomendadorV2Area\">\n            <div class=\"recomendadorV2Area1\">\n                <div class=\"recomendadorV2Img\">\n                <img class=\"lazyloaded\" decoding=\"async\" src=\"https:\/\/diariodaregiao.com.br\/variedades\/wp-content\/uploads\/2026\/04\/Viatura-do-Ibama-1140x570.jpg\" data-src=\"https:\/\/diariodaregiao.com.br\/variedades\/wp-content\/uploads\/2026\/04\/Viatura-do-Ibama-1140x570.jpg\" alt=\"\">\n                <\/div>\n            <\/div>\n            <div class=\"recomendadorV2Area2\">\n                <div class=\"recomendadorV2Type\">\n                    <span>Ibama alerta<\/span>\n                <\/div>\n                <div class=\"recomendadorV2Title\">\n                <h2><span>Pets proibidos \ud83d\udc3e<\/span><\/h2>\n                <\/div>\n                <div class=\"recomendadorV2Desc\">\n                <span>Veja animais que n\u00e3o podem ser criados<\/span>\n                <\/div>\n                <div class=\"recomendadorV2Button\">Conferir lista<\/div>\n                <div class=\"recomendadorV2Alert\"><\/div>\n            <\/div>\n            <\/div>\n        <\/a>\n        <div>\n            <div style=\"z-index:99999;\" id=\"buttonClose\" onclick=\"closeRecomendadorFixed()\">\n            <div class=\"recomendadorCloseFixed\">X<\/div>\n            <\/div>\n            <a href=\"https:\/\/diariodaregiao.com.br\/variedades\/ibama-nao-deixa-que-estes-5-animais-sejam-criados-como-pets\/?utm_source=lazy\" target=\"_blank\" rel=\"noopener\">\n            <div class=\"recomendadorFixedArea\">\n                <div id=\"recomendadorFixed\">\n                <div class=\"recomendadorLeftArea\">\n                    <div class=\"recomendadorImgFixed\">\n                    <img class=\"lazyload\" decoding=\"async\" src=\"https:\/\/diariodaregiao.com.br\/variedades\/wp-content\/uploads\/2026\/04\/Viatura-do-Ibama-1140x570.jpg\" alt=\"\">\n                    <\/div>\n                <\/div>\n                <div class=\"recomendadorRightArea\">\n                    <div class=\"recomendadorTitleFixed\">\n                    <h2><span>Pets proibidos \ud83d\udc3e<\/span><\/h2>\n                    <\/div>\n                    <div class=\"recomendadorButtonFixed\">Conferir lista<\/div>\n                    <div class=\"recomendadorAlertFixed\"><\/div>\n                <\/div>\n                <\/div>\n            <\/div>\n            <\/a>\n        <\/div>\n        <\/div>\n\n\n\n<p>Embora os comerciantes n\u00e3o sejam obrigados a aceitar pagamentos em cart\u00e3o, essa informa\u00e7\u00e3o deve ser claramente comunicada ao consumidor. A falta de clareza pode levar a mal-entendidos e prejudicar a experi\u00eancia de compra.<\/p>\n\n\n\n<p>Por isso, \u00e9 fundamental que os estabelecimentos exibam avisos vis\u00edveis caso n\u00e3o aceitem cart\u00f5es como forma de pagamento. No Estado de S\u00e3o Paulo, a Lei 16.120\/16 pro\u00edbe explicitamente que os comerciantes estabele\u00e7am valores m\u00ednimos para transa\u00e7\u00f5es realizadas com cart\u00f5es de cr\u00e9dito ou d\u00e9bito.<\/p>\n\n\n\n<p>\u00c9 essencial que os consumidores conhe\u00e7am seus direitos e se informem sobre as regras que regem o uso de cart\u00f5es de cr\u00e9dito. A conscientiza\u00e7\u00e3o sobre essas normas ajuda a proteger os direitos do consumidor e a assegurar que as rela\u00e7\u00f5es comerciais sejam justas.&nbsp;<\/p>\n","protected":false},"excerpt":{"rendered":"<p>Recentemente, o Procon refor\u00e7ou as regras sobre o uso de cart\u00f5es de cr\u00e9dito nas compras. O C\u00f3digo de Defesa do Consumidor estabelece normas que garantem a prote\u00e7\u00e3o dos direitos dos consumidores e a transpar\u00eancia nas rela\u00e7\u00f5es comerciais. Uma das diretrizes mais importantes \u00e9 que nenhum estabelecimento pode exigir um valor m\u00ednimo para aceitar pagamentos com [&hellip;]<\/p>\n","protected":false},"author":4,"featured_media":10805,"comment_status":"open","ping_status":"open","sticky":false,"template":"","format":"standard","meta":{"jnews-multi-image_gallery":[],"jnews_single_post":{"format":"standard"},"jnews_primary_category":[],"jnews_social_meta":[],"jnews_post_split":[],"footnotes":""},"categories":[1],"tags":[],"class_list":["post-10803","post","type-post","status-publish","format-standard","has-post-thumbnail","hentry","category-variedades"],"_links":{"self":[{"href":"https:\/\/diariodaregiao.audiencelabs.com.br\/wp-json\/wp\/v2\/posts\/10803","targetHints":{"allow":["GET"]}}],"collection":[{"href":"https:\/\/diariodaregiao.audiencelabs.com.br\/wp-json\/wp\/v2\/posts"}],"about":[{"href":"https:\/\/diariodaregiao.audiencelabs.com.br\/wp-json\/wp\/v2\/types\/post"}],"author":[{"embeddable":true,"href":"https:\/\/diariodaregiao.audiencelabs.com.br\/wp-json\/wp\/v2\/users\/4"}],"replies":[{"embeddable":true,"href":"https:\/\/diariodaregiao.audiencelabs.com.br\/wp-json\/wp\/v2\/comments?post=10803"}],"version-history":[{"count":2,"href":"https:\/\/diariodaregiao.audiencelabs.com.br\/wp-json\/wp\/v2\/posts\/10803\/revisions"}],"predecessor-version":[{"id":23649,"href":"https:\/\/diariodaregiao.audiencelabs.com.br\/wp-json\/wp\/v2\/posts\/10803\/revisions\/23649"}],"wp:featuredmedia":[{"embeddable":true,"href":"https:\/\/diariodaregiao.audiencelabs.com.br\/wp-json\/wp\/v2\/media\/10805"}],"wp:attachment":[{"href":"https:\/\/diariodaregiao.audiencelabs.com.br\/wp-json\/wp\/v2\/media?parent=10803"}],"wp:term":[{"taxonomy":"category","embeddable":true,"href":"https:\/\/diariodaregiao.audiencelabs.com.br\/wp-json\/wp\/v2\/categories?post=10803"},{"taxonomy":"post_tag","embeddable":true,"href":"https:\/\/diariodaregiao.audiencelabs.com.br\/wp-json\/wp\/v2\/tags?post=10803"}],"curies":[{"name":"wp","href":"https:\/\/api.w.org\/{rel}","templated":true}]}}