{"id":10992,"date":"2026-02-22T14:00:00","date_gmt":"2026-02-22T17:00:00","guid":{"rendered":"https:\/\/diariodaregiao.audiencelabs.com.br\/?p=10992"},"modified":"2026-02-20T10:51:11","modified_gmt":"2026-02-20T13:51:11","slug":"enquanto-a-menor-temperatura-registrada-no-brasil-foi-de-14oc-a-maior-surpreende","status":"publish","type":"post","link":"https:\/\/diariodaregiao.audiencelabs.com.br\/enquanto-a-menor-temperatura-registrada-no-brasil-foi-de-14oc-a-maior-surpreende\/","title":{"rendered":"Enquanto a menor temperatura registrada no Brasil foi de -14\u00baC, a maior surpreende"},"content":{"rendered":"\n<p>Santa Catarina \u00e9 reconhecida por seu clima frio e det\u00e9m um recorde que se mant\u00e9m imbat\u00edvel. Em 11 de junho de 1952, a cidade de Ca\u00e7ador registrou a menor temperatura j\u00e1 documentada no Brasil, atingindo impressionantes -14\u00b0C, de acordo com informa\u00e7\u00f5es do Epagri\/Ciram.<\/p>\n\n\n\n<p>Este recorde perdura h\u00e1 mais de 70 anos, destacando a capacidade do estado de enfrentar temperaturas extremas durante o inverno. O estado de Santa Catarina \u00e9 frequentemente afetado por massas de ar polar, especialmente em munic\u00edpios localizados em \u00e1reas de maior altitude.<\/p>\n\n\n\n<p>Essa caracter\u00edstica geogr\u00e1fica contribui para a reputa\u00e7\u00e3o de Santa Catarina como um dos lugares mais frios do Brasil. Durante o inverno, \u00e9 comum que turistas e moradores busquem atividades relacionadas \u00e0 neve, sabendo que o Sul do Brasil \u00e9 um dos locais onde podem encontr\u00e1-la.<\/p>\n\n\n\n<figure class=\"wp-block-gallery has-nested-images columns-default is-cropped wp-block-gallery-1 is-layout-flex wp-block-gallery-is-layout-flex\">\n<figure class=\"wp-block-image size-large\"><img loading=\"lazy\" decoding=\"async\" width=\"900\" height=\"601\" data-id=\"10994\" src=\"https:\/\/diariodaregiao.audiencelabs.com.br\/wp-content\/uploads\/2026\/01\/image-1.jpg\" alt=\"\" class=\"wp-image-10994\" srcset=\"https:\/\/diariodaregiao.audiencelabs.com.br\/wp-content\/uploads\/2026\/01\/image-1.jpg 900w, https:\/\/diariodaregiao.audiencelabs.com.br\/wp-content\/uploads\/2026\/01\/image-1-300x200.jpg 300w, https:\/\/diariodaregiao.audiencelabs.com.br\/wp-content\/uploads\/2026\/01\/image-1-768x513.jpg 768w, https:\/\/diariodaregiao.audiencelabs.com.br\/wp-content\/uploads\/2026\/01\/image-1-750x501.jpg 750w\" sizes=\"auto, (max-width: 900px) 100vw, 900px\" \/><figcaption class=\"wp-element-caption\">Cr\u00e9ditos: Shutterstock<\/figcaption><\/figure>\n<\/figure>\n\n\n\n<h2 class=\"wp-block-heading\">Recorde de calor em Ara\u00e7ua\u00ed<\/h2>\n\n\n\n<p>Por outro lado, a temperatura mais alta j\u00e1 registrada no Brasil foi de 44,8\u00b0C, em Ara\u00e7ua\u00ed, Minas Gerais, no dia 19 de novembro de 2023, conforme dados do Instituto Nacional de Meteorologia (INMET).<\/p>\n\n\n\n<p>Este registro de calor extremo \u00e9 um reflexo das ondas de calor que t\u00eam se tornado mais frequentes no pa\u00eds. Outros locais que tamb\u00e9m registraram temperaturas elevadas incluem Nova Maring\u00e1, em Mato Grosso, e Bom Jesus do Piau\u00ed, no Piau\u00ed, com 44,8\u00b0C e 44,7\u00b0C, respectivamente.<\/p>\n\n\n\n<p>Os recordes de temperatura s\u00e3o baseados em medi\u00e7\u00f5es padronizadas, que s\u00e3o realizadas \u00e0 sombra, em altura adequada e com equipamentos calibrados. Isso garante que as compara\u00e7\u00f5es entre diferentes cidades sejam confi\u00e1veis.<\/p>\n\n\n\n<p>As varia\u00e7\u00f5es clim\u00e1ticas no Brasil, tanto em rela\u00e7\u00e3o ao frio quanto ao calor, refletem as mudan\u00e7as nas condi\u00e7\u00f5es meteorol\u00f3gicas que impactam o cotidiano da popula\u00e7\u00e3o e a economia local.<\/p>\n","protected":false},"excerpt":{"rendered":"<p>Santa Catarina \u00e9 reconhecida por seu clima frio e det\u00e9m um recorde que se mant\u00e9m imbat\u00edvel. Em 11 de junho de 1952, a cidade de Ca\u00e7ador registrou a menor temperatura j\u00e1 documentada no Brasil, atingindo impressionantes -14\u00b0C, de acordo com informa\u00e7\u00f5es do Epagri\/Ciram. Este recorde perdura h\u00e1 mais de 70 anos, destacando a capacidade do [&hellip;]<\/p>\n","protected":false},"author":4,"featured_media":10993,"comment_status":"open","ping_status":"open","sticky":false,"template":"","format":"standard","meta":{"jnews-multi-image_gallery":[],"jnews_single_post":{"format":"standard"},"jnews_primary_category":[],"jnews_social_meta":[],"jnews_post_split":[],"footnotes":""},"categories":[1],"tags":[],"class_list":["post-10992","post","type-post","status-publish","format-standard","has-post-thumbnail","hentry","category-variedades"],"_links":{"self":[{"href":"https:\/\/diariodaregiao.audiencelabs.com.br\/wp-json\/wp\/v2\/posts\/10992","targetHints":{"allow":["GET"]}}],"collection":[{"href":"https:\/\/diariodaregiao.audiencelabs.com.br\/wp-json\/wp\/v2\/posts"}],"about":[{"href":"https:\/\/diariodaregiao.audiencelabs.com.br\/wp-json\/wp\/v2\/types\/post"}],"author":[{"embeddable":true,"href":"https:\/\/diariodaregiao.audiencelabs.com.br\/wp-json\/wp\/v2\/users\/4"}],"replies":[{"embeddable":true,"href":"https:\/\/diariodaregiao.audiencelabs.com.br\/wp-json\/wp\/v2\/comments?post=10992"}],"version-history":[{"count":1,"href":"https:\/\/diariodaregiao.audiencelabs.com.br\/wp-json\/wp\/v2\/posts\/10992\/revisions"}],"predecessor-version":[{"id":10995,"href":"https:\/\/diariodaregiao.audiencelabs.com.br\/wp-json\/wp\/v2\/posts\/10992\/revisions\/10995"}],"wp:featuredmedia":[{"embeddable":true,"href":"https:\/\/diariodaregiao.audiencelabs.com.br\/wp-json\/wp\/v2\/media\/10993"}],"wp:attachment":[{"href":"https:\/\/diariodaregiao.audiencelabs.com.br\/wp-json\/wp\/v2\/media?parent=10992"}],"wp:term":[{"taxonomy":"category","embeddable":true,"href":"https:\/\/diariodaregiao.audiencelabs.com.br\/wp-json\/wp\/v2\/categories?post=10992"},{"taxonomy":"post_tag","embeddable":true,"href":"https:\/\/diariodaregiao.audiencelabs.com.br\/wp-json\/wp\/v2\/tags?post=10992"}],"curies":[{"name":"wp","href":"https:\/\/api.w.org\/{rel}","templated":true}]}}