{"id":11605,"date":"2026-04-26T18:12:21","date_gmt":"2026-04-26T21:12:21","guid":{"rendered":"https:\/\/diariodaregiao.audiencelabs.com.br\/?p=11605"},"modified":"2026-04-20T11:08:16","modified_gmt":"2026-04-20T14:08:16","slug":"antigamente-era-comum-que-bebes-fossem-colocados-em-gaiolas-na-sacada-para-pegar-sol","status":"publish","type":"post","link":"https:\/\/diariodaregiao.audiencelabs.com.br\/antigamente-era-comum-que-bebes-fossem-colocados-em-gaiolas-na-sacada-para-pegar-sol\/","title":{"rendered":"Antigamente era comum que beb\u00eas fossem colocados em gaiolas na sacada para pegar sol"},"content":{"rendered":"\n<p>Nos anos 1930, alguns pais nos Estados Unidos adotaram a pr\u00e1tica de colocar seus filhos em gaiolas de ferro penduradas nas janelas dos apartamentos. Essa ideia surgiu a partir do conceito de \u201carejar\u201d, introduzido pelo m\u00e9dico Luther Emmett Holt em seu livro \u201cThe Care and Feeding of Children\u201d.<\/p>\n\n\n\n<p>Holt defendia que a exposi\u00e7\u00e3o ao ar fresco ajudaria os beb\u00eas a desenvolverem melhor a imunidade e a sa\u00fade geral, aumentando a resist\u00eancia a doen\u00e7as. A pr\u00e1tica de usar gaiolas para beb\u00eas ganhou popularidade quando Eleanor Roosevelt, em 1906, decidiu pendurar uma gaiola de arame na janela de seu apartamento em Nova York para que sua filha, Anna, pudesse dormir ao ar livre.<\/p>\n\n\n\n<p>Essa situa\u00e7\u00e3o gerou demanda por produtos semelhantes, levando ao lan\u00e7amento de itens como o \u201cBer\u00e7o de Janela dos Boggins\u201d, descrito no livro \u201cThe Health-Care of the Baby\u201d. Esse ber\u00e7o, adaptado para janelas, oferecia uma solu\u00e7\u00e3o para os pais que n\u00e3o tinham acesso a jardins ou \u00e1reas externas.<\/p>\n\n\n\n<figure class=\"wp-block-gallery has-nested-images columns-default is-cropped wp-block-gallery-1 is-layout-flex wp-block-gallery-is-layout-flex\">\n<figure class=\"wp-block-image size-large\"><img loading=\"lazy\" decoding=\"async\" width=\"900\" height=\"600\" data-id=\"11606\" src=\"https:\/\/diariodaregiao.audiencelabs.com.br\/wp-content\/uploads\/2026\/01\/shutterstock_2444583257_Easy-Resize.com_.jpg\" alt=\"\" class=\"wp-image-11606\" srcset=\"https:\/\/diariodaregiao.audiencelabs.com.br\/wp-content\/uploads\/2026\/01\/shutterstock_2444583257_Easy-Resize.com_.jpg 900w, https:\/\/diariodaregiao.audiencelabs.com.br\/wp-content\/uploads\/2026\/01\/shutterstock_2444583257_Easy-Resize.com_-300x200.jpg 300w, https:\/\/diariodaregiao.audiencelabs.com.br\/wp-content\/uploads\/2026\/01\/shutterstock_2444583257_Easy-Resize.com_-768x512.jpg 768w, https:\/\/diariodaregiao.audiencelabs.com.br\/wp-content\/uploads\/2026\/01\/shutterstock_2444583257_Easy-Resize.com_-750x500.jpg 750w\" sizes=\"auto, (max-width: 900px) 100vw, 900px\" \/><figcaption class=\"wp-element-caption\">Cr\u00e9ditos: Shutterstock<\/figcaption><\/figure>\n<\/figure>\n\n\n\n<h2 class=\"wp-block-heading\">A populariza\u00e7\u00e3o e o decl\u00ednio do uso<\/h2>\n\n\n\n<p>Nos anos seguintes, o uso das gaiolas se espalhou, especialmente nos Estados Unidos e na Inglaterra, atingindo seu auge na d\u00e9cada de 1930. No entanto, a crescente preocupa\u00e7\u00e3o com a seguran\u00e7a infantil come\u00e7ou a mudar a percep\u00e7\u00e3o sobre essa pr\u00e1tica.<\/p>\n\n\n\n<p>As gaiolas, que antes eram vistas como uma solu\u00e7\u00e3o pr\u00e1tica para a exposi\u00e7\u00e3o ao ar livre, passaram a ser questionadas quanto \u00e0 seguran\u00e7a de pendurar crian\u00e7as em janelas.<\/p>\n\n\n\n<p>Com a evolu\u00e7\u00e3o do entendimento sobre a seguran\u00e7a das crian\u00e7as, a pr\u00e1tica de usar gaiolas ao ar livre foi gradualmente abandonada. A ideia de deixar beb\u00eas suspensos em janelas n\u00e3o era considerada segura, levando \u00e0 diminui\u00e7\u00e3o do uso desse m\u00e9todo.&nbsp;<\/p>\n","protected":false},"excerpt":{"rendered":"<p>Nos anos 1930, alguns pais nos Estados Unidos adotaram a pr\u00e1tica de colocar seus filhos em gaiolas de ferro penduradas nas janelas dos apartamentos. Essa ideia surgiu a partir do conceito de \u201carejar\u201d, introduzido pelo m\u00e9dico Luther Emmett Holt em seu livro \u201cThe Care and Feeding of Children\u201d. Holt defendia que a exposi\u00e7\u00e3o ao ar [&hellip;]<\/p>\n","protected":false},"author":4,"featured_media":11607,"comment_status":"open","ping_status":"open","sticky":false,"template":"","format":"standard","meta":{"jnews-multi-image_gallery":[],"jnews_single_post":{"format":"standard"},"jnews_primary_category":[],"jnews_social_meta":[],"jnews_post_split":[],"footnotes":""},"categories":[1],"tags":[],"class_list":["post-11605","post","type-post","status-publish","format-standard","has-post-thumbnail","hentry","category-variedades"],"_links":{"self":[{"href":"https:\/\/diariodaregiao.audiencelabs.com.br\/wp-json\/wp\/v2\/posts\/11605","targetHints":{"allow":["GET"]}}],"collection":[{"href":"https:\/\/diariodaregiao.audiencelabs.com.br\/wp-json\/wp\/v2\/posts"}],"about":[{"href":"https:\/\/diariodaregiao.audiencelabs.com.br\/wp-json\/wp\/v2\/types\/post"}],"author":[{"embeddable":true,"href":"https:\/\/diariodaregiao.audiencelabs.com.br\/wp-json\/wp\/v2\/users\/4"}],"replies":[{"embeddable":true,"href":"https:\/\/diariodaregiao.audiencelabs.com.br\/wp-json\/wp\/v2\/comments?post=11605"}],"version-history":[{"count":1,"href":"https:\/\/diariodaregiao.audiencelabs.com.br\/wp-json\/wp\/v2\/posts\/11605\/revisions"}],"predecessor-version":[{"id":11608,"href":"https:\/\/diariodaregiao.audiencelabs.com.br\/wp-json\/wp\/v2\/posts\/11605\/revisions\/11608"}],"wp:featuredmedia":[{"embeddable":true,"href":"https:\/\/diariodaregiao.audiencelabs.com.br\/wp-json\/wp\/v2\/media\/11607"}],"wp:attachment":[{"href":"https:\/\/diariodaregiao.audiencelabs.com.br\/wp-json\/wp\/v2\/media?parent=11605"}],"wp:term":[{"taxonomy":"category","embeddable":true,"href":"https:\/\/diariodaregiao.audiencelabs.com.br\/wp-json\/wp\/v2\/categories?post=11605"},{"taxonomy":"post_tag","embeddable":true,"href":"https:\/\/diariodaregiao.audiencelabs.com.br\/wp-json\/wp\/v2\/tags?post=11605"}],"curies":[{"name":"wp","href":"https:\/\/api.w.org\/{rel}","templated":true}]}}