{"id":12482,"date":"2026-05-01T18:50:47","date_gmt":"2026-05-01T21:50:47","guid":{"rendered":"https:\/\/diariodaregiao.audiencelabs.com.br\/?p=12482"},"modified":"2026-04-29T17:27:19","modified_gmt":"2026-04-29T20:27:19","slug":"inmet-revela-qual-e-a-cidade-mais-fria-do-nordeste","status":"publish","type":"post","link":"https:\/\/diariodaregiao.audiencelabs.com.br\/inmet-revela-qual-e-a-cidade-mais-fria-do-nordeste\/","title":{"rendered":"Inmet revela qual \u00e9 a cidade mais fria do Nordeste"},"content":{"rendered":"\n<p>Em dados divulgados recentemente, o Instituto Nacional de Meteorologia (Inmet) revelou qual \u00e9 a cidade mais fria do Nordeste. Esse posto continua sendo ocupado por Vit\u00f3ria da Conquista, que n\u00e3o carrega a alcunha de \u201cSu\u00ed\u00e7a Baiana\u201d por acaso.<\/p>\n\n\n\n<h2 class=\"wp-block-heading\">Top-3 do Inmet <\/h2>\n\n\n\n<p>De acordo com o levantamento, o Top-3 \u00e9 composto inteiramente por cidades baianas. Vit\u00f3ria da Conquista lidera a lista, com uma temperatura m\u00ednima de 16,3\u00b0C. O p\u00f3dio \u00e9 completado por Len\u00e7ois, na Chapada Diamantina, com 17,1\u00b0C, e Barreiras, no Extremo Oeste, com 17,4\u00b0C.<\/p>\n\n\n<div class=\"wp-block-image\">\n<figure class=\"aligncenter size-full\"><img loading=\"lazy\" decoding=\"async\" width=\"1024\" height=\"768\" src=\"https:\/\/diariodaregiao.audiencelabs.com.br\/wp-content\/uploads\/2026\/01\/seca_em_bsb_dsc4180-1.webp\" alt=\"\" class=\"wp-image-12488\" srcset=\"https:\/\/diariodaregiao.audiencelabs.com.br\/wp-content\/uploads\/2026\/01\/seca_em_bsb_dsc4180-1.webp 1024w, https:\/\/diariodaregiao.audiencelabs.com.br\/wp-content\/uploads\/2026\/01\/seca_em_bsb_dsc4180-1-300x225.webp 300w, https:\/\/diariodaregiao.audiencelabs.com.br\/wp-content\/uploads\/2026\/01\/seca_em_bsb_dsc4180-1-768x576.webp 768w, https:\/\/diariodaregiao.audiencelabs.com.br\/wp-content\/uploads\/2026\/01\/seca_em_bsb_dsc4180-1-750x563.webp 750w\" sizes=\"auto, (max-width: 1024px) 100vw, 1024px\" \/><figcaption class=\"wp-element-caption\">Cr\u00e9ditos: Marcello Casal Jr\/ Ag\u00eancia Brasil<\/figcaption><\/figure>\n<\/div>\n\n\n<p>Por mais incr\u00edvel que pare\u00e7a, as cidades mais frias do Nordeste podem registrar temperaturas baixas, inclusive no ver\u00e3o. Vit\u00f3ria \u00e9 o maior exemplo disso, pois \u00e9 conhecidamente um dos munic\u00edpios mais frios da regi\u00e3o, vira e mexe registrando temperaturas na casa dos 5 \u00b0C no inverno e 13,4 \u00b0C no ver\u00e3o.<\/p>\n\n\n\n<p>Em julho de 2025, por exemplo, a cidade atingiu 6,5 \u00baC, a terceira menor temperatura registrada desde 1976 &#8211; foi s\u00f3 naquele ano que os dados clim\u00e1ticos come\u00e7aram a ser coletados pelo Instituto do Meio Ambiente e Recursos H\u00eddricos (Inema).<\/p>\n\n\n\n<h2 class=\"wp-block-heading\">Vit\u00f3ria da Conquista lembra a Su\u00ed\u00e7a em outras coisas<\/h2>\n\n\n\n<p>N\u00e3o \u00e9 s\u00f3 em rela\u00e7\u00e3o a temperatura que a cidade baiana lembra o pa\u00eds europeu. O mesmo pode ser dito a respeito dos \u00edndices de seguran\u00e7a e qualidade de vida de Vit\u00f3ria, que tamb\u00e9m podem ser colocados em perspectiva com os su\u00ed\u00e7os.<\/p>\n\n\n\n<p>Vit\u00f3ria da Conquista se consolidou em 2025 como um dos munic\u00edpios com os melhores n\u00fameros desses marcadores. Por essa raz\u00e3o, \u00e9 frequentemente destacada como a mais segura cidade com mais de 100 mil habitantes do estado. Sem d\u00favidas, um feito para se orgulhar e exibir como trof\u00e9u, fazendo inveja em muitas cidades grandes do pa\u00eds.<\/p>\n","protected":false},"excerpt":{"rendered":"<p>Em dados divulgados recentemente, o Instituto Nacional de Meteorologia (Inmet) revelou qual \u00e9 a cidade mais fria do Nordeste. Esse posto continua sendo ocupado por Vit\u00f3ria da Conquista, que n\u00e3o carrega a alcunha de \u201cSu\u00ed\u00e7a Baiana\u201d por acaso. Top-3 do Inmet De acordo com o levantamento, o Top-3 \u00e9 composto inteiramente por cidades baianas. Vit\u00f3ria [&hellip;]<\/p>\n","protected":false},"author":14,"featured_media":12486,"comment_status":"open","ping_status":"open","sticky":false,"template":"","format":"standard","meta":{"jnews-multi-image_gallery":[],"jnews_single_post":{"format":"standard"},"jnews_primary_category":[],"jnews_social_meta":[],"jnews_post_split":[],"footnotes":""},"categories":[1],"tags":[],"class_list":["post-12482","post","type-post","status-publish","format-standard","has-post-thumbnail","hentry","category-variedades"],"_links":{"self":[{"href":"https:\/\/diariodaregiao.audiencelabs.com.br\/wp-json\/wp\/v2\/posts\/12482","targetHints":{"allow":["GET"]}}],"collection":[{"href":"https:\/\/diariodaregiao.audiencelabs.com.br\/wp-json\/wp\/v2\/posts"}],"about":[{"href":"https:\/\/diariodaregiao.audiencelabs.com.br\/wp-json\/wp\/v2\/types\/post"}],"author":[{"embeddable":true,"href":"https:\/\/diariodaregiao.audiencelabs.com.br\/wp-json\/wp\/v2\/users\/14"}],"replies":[{"embeddable":true,"href":"https:\/\/diariodaregiao.audiencelabs.com.br\/wp-json\/wp\/v2\/comments?post=12482"}],"version-history":[{"count":3,"href":"https:\/\/diariodaregiao.audiencelabs.com.br\/wp-json\/wp\/v2\/posts\/12482\/revisions"}],"predecessor-version":[{"id":24161,"href":"https:\/\/diariodaregiao.audiencelabs.com.br\/wp-json\/wp\/v2\/posts\/12482\/revisions\/24161"}],"wp:featuredmedia":[{"embeddable":true,"href":"https:\/\/diariodaregiao.audiencelabs.com.br\/wp-json\/wp\/v2\/media\/12486"}],"wp:attachment":[{"href":"https:\/\/diariodaregiao.audiencelabs.com.br\/wp-json\/wp\/v2\/media?parent=12482"}],"wp:term":[{"taxonomy":"category","embeddable":true,"href":"https:\/\/diariodaregiao.audiencelabs.com.br\/wp-json\/wp\/v2\/categories?post=12482"},{"taxonomy":"post_tag","embeddable":true,"href":"https:\/\/diariodaregiao.audiencelabs.com.br\/wp-json\/wp\/v2\/tags?post=12482"}],"curies":[{"name":"wp","href":"https:\/\/api.w.org\/{rel}","templated":true}]}}