{"id":12855,"date":"2026-02-02T12:10:00","date_gmt":"2026-02-02T15:10:00","guid":{"rendered":"https:\/\/diariodaregiao.audiencelabs.com.br\/?p=12855"},"modified":"2026-02-02T10:54:39","modified_gmt":"2026-02-02T13:54:39","slug":"novo-passe-de-r-373-permite-viajar-o-pais-todo-atraves-de-trens-metros-e-onibus-na-espanha","status":"publish","type":"post","link":"https:\/\/diariodaregiao.audiencelabs.com.br\/novo-passe-de-r-373-permite-viajar-o-pais-todo-atraves-de-trens-metros-e-onibus-na-espanha\/","title":{"rendered":"Novo passe de R$ 373 permite viajar o pa\u00eds todo atrav\u00e9s de trens, metr\u00f4s e \u00f4nibus na Espanha"},"content":{"rendered":"\n<p>Uma novidade permitir\u00e1 a popula\u00e7\u00e3o da Espanha viajar o pa\u00eds todo de transporte p\u00fablico com um \u00fanico valor mensal. Conforme anunciado pelo pa\u00eds europeu, o passe nacional custar\u00e1 \u20ac60 (R$ 373) e dar\u00e1 direito aos cidad\u00e3os se locomoverem por meio de trens, metr\u00f4s e \u00f4nibus.<\/p>\n\n\n\n<p>De acordo com o primeiro-ministro espanhol, Pedro S\u00e1nchez, a iniciativa tem como objetivo \u201cmudar para sempre a forma como os espanh\u00f3is entendem e usam os transportes p\u00fablicos\u201d. Algo que j\u00e1 est\u00e1 em vigor em outros pa\u00edses do continente europeu, mas que passar\u00e1 a valer s\u00f3 agora para os espanh\u00f3is.<\/p>\n\n\n<div class=\"wp-block-image\">\n<figure class=\"aligncenter size-large\"><img loading=\"lazy\" decoding=\"async\" width=\"1920\" height=\"1441\" src=\"https:\/\/diariodaregiao.audiencelabs.com.br\/wp-content\/uploads\/2026\/02\/spencer-davis-p8hKu5FMUw4-unsplash-edited.jpg\" alt=\"\" class=\"wp-image-12858\" srcset=\"https:\/\/diariodaregiao.audiencelabs.com.br\/wp-content\/uploads\/2026\/02\/spencer-davis-p8hKu5FMUw4-unsplash-edited.jpg 1920w, https:\/\/diariodaregiao.audiencelabs.com.br\/wp-content\/uploads\/2026\/02\/spencer-davis-p8hKu5FMUw4-unsplash-edited-300x225.jpg 300w, https:\/\/diariodaregiao.audiencelabs.com.br\/wp-content\/uploads\/2026\/02\/spencer-davis-p8hKu5FMUw4-unsplash-edited-1024x769.jpg 1024w, https:\/\/diariodaregiao.audiencelabs.com.br\/wp-content\/uploads\/2026\/02\/spencer-davis-p8hKu5FMUw4-unsplash-edited-768x576.jpg 768w, https:\/\/diariodaregiao.audiencelabs.com.br\/wp-content\/uploads\/2026\/02\/spencer-davis-p8hKu5FMUw4-unsplash-edited-1536x1153.jpg 1536w, https:\/\/diariodaregiao.audiencelabs.com.br\/wp-content\/uploads\/2026\/02\/spencer-davis-p8hKu5FMUw4-unsplash-edited-750x563.jpg 750w, https:\/\/diariodaregiao.audiencelabs.com.br\/wp-content\/uploads\/2026\/02\/spencer-davis-p8hKu5FMUw4-unsplash-edited-1140x856.jpg 1140w\" sizes=\"auto, (max-width: 1920px) 100vw, 1920px\" \/><figcaption class=\"wp-element-caption\">Cr\u00e9ditos: Unplash\/Spencer Davis<\/figcaption><\/figure>\n<\/div>\n\n\n<p>Os valores ser\u00e3o de \u20ac60 para maiores de 26 anos e \u20ac30 para menores. O passe, tal qual destacado anteriormente, possibilitar\u00e1 a locomo\u00e7\u00e3o pelo pa\u00eds todo. A grande quest\u00e3o, por\u00e9m, \u00e9 se a regra tamb\u00e9m valer\u00e1 para os estrangeiros &#8211; ainda n\u00e3o est\u00e1 claro se a medida ser\u00e1 aplicada \u00e0s pessoas de fora.<\/p>\n\n\n\n<p>Segundo S\u00e1nchez, a nova regra poder\u00e1 reduzir os custos mensais de viagem da popula\u00e7\u00e3o em at\u00e9 60% &#8211; o que \u00e9 bastante significativo. A orienta\u00e7\u00e3o dada \u00e0s autoridades regionais e municipais \u00e9 para instalar as normas de forma gradativa, principalmente levando em conta metr\u00f4 e \u00f4nibus, os meios mais utilizados pelas pessoas.<\/p>\n\n\n\n<h2 class=\"wp-block-heading\">Espanha quer reduzir depend\u00eancia dos carros<\/h2>\n\n\n\n<p>Uma miss\u00e3o dos europeus de forma geral, n\u00e3o s\u00f3 dos espanh\u00f3is, \u00e9 reduzir a frequ\u00eancia da utiliza\u00e7\u00e3o de carros particulares por parte da popula\u00e7\u00e3o. Por isso, a cria\u00e7\u00e3o de programas de incentivo ao transporte p\u00fablico.<\/p>\n\n\n\n<p>Iniciativa que visa acabar com quest\u00f5es como o tr\u00e2nsito nas grandes cidades e a polui\u00e7\u00e3o produzida pelo excesso de ve\u00edculos. Pa\u00edses como Alemanha, Portugal, Su\u00ed\u00e7a e Hungria j\u00e1 possuem programas como esse.<\/p>\n","protected":false},"excerpt":{"rendered":"<p>Uma novidade permitir\u00e1 a popula\u00e7\u00e3o da Espanha viajar o pa\u00eds todo de transporte p\u00fablico com um \u00fanico valor mensal. Conforme anunciado pelo pa\u00eds europeu, o passe nacional custar\u00e1 \u20ac60 (R$ 373) e dar\u00e1 direito aos cidad\u00e3os se locomoverem por meio de trens, metr\u00f4s e \u00f4nibus. De acordo com o primeiro-ministro espanhol, Pedro S\u00e1nchez, a iniciativa [&hellip;]<\/p>\n","protected":false},"author":14,"featured_media":12856,"comment_status":"open","ping_status":"open","sticky":false,"template":"","format":"standard","meta":{"jnews-multi-image_gallery":[],"jnews_single_post":{"format":"standard"},"jnews_primary_category":[],"jnews_social_meta":[],"jnews_post_split":[],"footnotes":""},"categories":[1],"tags":[],"class_list":["post-12855","post","type-post","status-publish","format-standard","has-post-thumbnail","hentry","category-variedades"],"_links":{"self":[{"href":"https:\/\/diariodaregiao.audiencelabs.com.br\/wp-json\/wp\/v2\/posts\/12855","targetHints":{"allow":["GET"]}}],"collection":[{"href":"https:\/\/diariodaregiao.audiencelabs.com.br\/wp-json\/wp\/v2\/posts"}],"about":[{"href":"https:\/\/diariodaregiao.audiencelabs.com.br\/wp-json\/wp\/v2\/types\/post"}],"author":[{"embeddable":true,"href":"https:\/\/diariodaregiao.audiencelabs.com.br\/wp-json\/wp\/v2\/users\/14"}],"replies":[{"embeddable":true,"href":"https:\/\/diariodaregiao.audiencelabs.com.br\/wp-json\/wp\/v2\/comments?post=12855"}],"version-history":[{"count":1,"href":"https:\/\/diariodaregiao.audiencelabs.com.br\/wp-json\/wp\/v2\/posts\/12855\/revisions"}],"predecessor-version":[{"id":12859,"href":"https:\/\/diariodaregiao.audiencelabs.com.br\/wp-json\/wp\/v2\/posts\/12855\/revisions\/12859"}],"wp:featuredmedia":[{"embeddable":true,"href":"https:\/\/diariodaregiao.audiencelabs.com.br\/wp-json\/wp\/v2\/media\/12856"}],"wp:attachment":[{"href":"https:\/\/diariodaregiao.audiencelabs.com.br\/wp-json\/wp\/v2\/media?parent=12855"}],"wp:term":[{"taxonomy":"category","embeddable":true,"href":"https:\/\/diariodaregiao.audiencelabs.com.br\/wp-json\/wp\/v2\/categories?post=12855"},{"taxonomy":"post_tag","embeddable":true,"href":"https:\/\/diariodaregiao.audiencelabs.com.br\/wp-json\/wp\/v2\/tags?post=12855"}],"curies":[{"name":"wp","href":"https:\/\/api.w.org\/{rel}","templated":true}]}}