{"id":14493,"date":"2026-02-14T15:00:00","date_gmt":"2026-02-14T18:00:00","guid":{"rendered":"https:\/\/diariodaregiao.audiencelabs.com.br\/?p=14493"},"modified":"2026-02-10T11:30:11","modified_gmt":"2026-02-10T14:30:11","slug":"vietna-decide-construir-um-novo-super-estadio-de-r-185-bilhoes-para-135-mil-espectadores","status":"publish","type":"post","link":"https:\/\/diariodaregiao.audiencelabs.com.br\/vietna-decide-construir-um-novo-super-estadio-de-r-185-bilhoes-para-135-mil-espectadores\/","title":{"rendered":"Viet\u00f1a decide construir um novo super est\u00e1dio de R$ 185 bilh\u00f5es para 135 mil espectadores"},"content":{"rendered":"\n<p>O Vietn\u00e3 anunciou o in\u00edcio da constru\u00e7\u00e3o do Est\u00e1dio Trong Dong, que se tornar\u00e1 o maior est\u00e1dio do mundo em capacidade de p\u00fablico. Com investimento estimado em mais de R$ 185 bilh\u00f5es, o projeto visa criar uma arena multiuso com capacidade para 135 mil espectadores.&nbsp;<\/p>\n\n\n\n<p>A constru\u00e7\u00e3o come\u00e7ou em dezembro de 2025 e est\u00e1 prevista para ser conclu\u00edda em agosto de 2028. O investimento de cerca de 925 trilh\u00f5es de dong reflete o esfor\u00e7o do Vietn\u00e3 para atrair grandes eventos internacionais.<\/p>\n\n\n\n<p>O Est\u00e1dio Trong Dong superar\u00e1 outros est\u00e1dios not\u00e1veis, como o Est\u00e1dio Rungrado 1\u00ba de Maio, na Coreia do Norte, que comporta 114 mil pessoas, e o Est\u00e1dio Hassan II, no Marrocos, que est\u00e1 em constru\u00e7\u00e3o para a Copa do Mundo de 2030.<\/p>\n\n\n\n<figure class=\"wp-block-gallery has-nested-images columns-default is-cropped wp-block-gallery-1 is-layout-flex wp-block-gallery-is-layout-flex\">\n<figure class=\"wp-block-image size-large\"><img loading=\"lazy\" decoding=\"async\" width=\"900\" height=\"600\" data-id=\"14495\" src=\"https:\/\/diariodaregiao.audiencelabs.com.br\/wp-content\/uploads\/2026\/02\/Captura-de-tela-2026-02-10-112511.png\" alt=\"\" class=\"wp-image-14495\" srcset=\"https:\/\/diariodaregiao.audiencelabs.com.br\/wp-content\/uploads\/2026\/02\/Captura-de-tela-2026-02-10-112511.png 900w, https:\/\/diariodaregiao.audiencelabs.com.br\/wp-content\/uploads\/2026\/02\/Captura-de-tela-2026-02-10-112511-300x200.png 300w, https:\/\/diariodaregiao.audiencelabs.com.br\/wp-content\/uploads\/2026\/02\/Captura-de-tela-2026-02-10-112511-768x512.png 768w, https:\/\/diariodaregiao.audiencelabs.com.br\/wp-content\/uploads\/2026\/02\/Captura-de-tela-2026-02-10-112511-750x500.png 750w\" sizes=\"auto, (max-width: 900px) 100vw, 900px\" \/><figcaption class=\"wp-element-caption\">Cr\u00e9ditos: Shutterstock<\/figcaption><\/figure>\n<\/figure>\n\n\n\n<h2 class=\"wp-block-heading\">Inspira\u00e7\u00e3o arquitet\u00f4nica<\/h2>\n\n\n\n<p>O projeto arquitet\u00f4nico do est\u00e1dio \u00e9 inspirado no tambor de bronze Dong Son, um artefato sagrado no Vietn\u00e3 que simboliza uma antiga civiliza\u00e7\u00e3o. Esse elemento cultural representa valores como esp\u00edrito comunit\u00e1rio e longevidade, que influenciaram o design da arena.<\/p>\n\n\n\n<p>Al\u00e9m disso, o est\u00e1dio contar\u00e1 com um teto retr\u00e1til, aumentando sua versatilidade para diferentes tipos de eventos. O Est\u00e1dio Trong Dong far\u00e1 parte de um complexo poliesportivo abrangente, que ocupar\u00e1 cerca de 9 mil hectares, equivalente a 90 milh\u00f5es de metros quadrados.<\/p>\n\n\n\n<p>A concep\u00e7\u00e3o do est\u00e1dio tamb\u00e9m leva em conta refer\u00eancias de outras arenas famosas, como Wembley, na Inglaterra, e o Ninho do P\u00e1ssaro, na China. Essa abordagem visa criar um espa\u00e7o adapt\u00e1vel para diversas atividades.<\/p>\n\n\n\n<p>Al\u00e9m de sediar partidas esportivas, o est\u00e1dio foi planejado para receber grandes eventos, como shows e festivais, alinhando-se \u00e0 estrat\u00e9gia do Vietn\u00e3 de se tornar um centro para eventos internacionais.&nbsp;<\/p>\n","protected":false},"excerpt":{"rendered":"<p>O Vietn\u00e3 anunciou o in\u00edcio da constru\u00e7\u00e3o do Est\u00e1dio Trong Dong, que se tornar\u00e1 o maior est\u00e1dio do mundo em capacidade de p\u00fablico. Com investimento estimado em mais de R$ 185 bilh\u00f5es, o projeto visa criar uma arena multiuso com capacidade para 135 mil espectadores.&nbsp; A constru\u00e7\u00e3o come\u00e7ou em dezembro de 2025 e est\u00e1 prevista [&hellip;]<\/p>\n","protected":false},"author":4,"featured_media":14494,"comment_status":"open","ping_status":"open","sticky":false,"template":"","format":"standard","meta":{"jnews-multi-image_gallery":[],"jnews_single_post":{"format":"standard"},"jnews_primary_category":[],"jnews_social_meta":[],"jnews_post_split":[],"footnotes":""},"categories":[1],"tags":[],"class_list":["post-14493","post","type-post","status-publish","format-standard","has-post-thumbnail","hentry","category-variedades"],"_links":{"self":[{"href":"https:\/\/diariodaregiao.audiencelabs.com.br\/wp-json\/wp\/v2\/posts\/14493","targetHints":{"allow":["GET"]}}],"collection":[{"href":"https:\/\/diariodaregiao.audiencelabs.com.br\/wp-json\/wp\/v2\/posts"}],"about":[{"href":"https:\/\/diariodaregiao.audiencelabs.com.br\/wp-json\/wp\/v2\/types\/post"}],"author":[{"embeddable":true,"href":"https:\/\/diariodaregiao.audiencelabs.com.br\/wp-json\/wp\/v2\/users\/4"}],"replies":[{"embeddable":true,"href":"https:\/\/diariodaregiao.audiencelabs.com.br\/wp-json\/wp\/v2\/comments?post=14493"}],"version-history":[{"count":1,"href":"https:\/\/diariodaregiao.audiencelabs.com.br\/wp-json\/wp\/v2\/posts\/14493\/revisions"}],"predecessor-version":[{"id":14497,"href":"https:\/\/diariodaregiao.audiencelabs.com.br\/wp-json\/wp\/v2\/posts\/14493\/revisions\/14497"}],"wp:featuredmedia":[{"embeddable":true,"href":"https:\/\/diariodaregiao.audiencelabs.com.br\/wp-json\/wp\/v2\/media\/14494"}],"wp:attachment":[{"href":"https:\/\/diariodaregiao.audiencelabs.com.br\/wp-json\/wp\/v2\/media?parent=14493"}],"wp:term":[{"taxonomy":"category","embeddable":true,"href":"https:\/\/diariodaregiao.audiencelabs.com.br\/wp-json\/wp\/v2\/categories?post=14493"},{"taxonomy":"post_tag","embeddable":true,"href":"https:\/\/diariodaregiao.audiencelabs.com.br\/wp-json\/wp\/v2\/tags?post=14493"}],"curies":[{"name":"wp","href":"https:\/\/api.w.org\/{rel}","templated":true}]}}