{"id":14520,"date":"2026-02-10T15:40:00","date_gmt":"2026-02-10T18:40:00","guid":{"rendered":"https:\/\/diariodaregiao.audiencelabs.com.br\/?p=14520"},"modified":"2026-02-10T13:10:21","modified_gmt":"2026-02-10T16:10:21","slug":"empresa-e-condenada-a-pagar-multa-e-destruir-arvores-com-direitos-autorais-plantadas-sem-autorizacao","status":"publish","type":"post","link":"https:\/\/diariodaregiao.audiencelabs.com.br\/empresa-e-condenada-a-pagar-multa-e-destruir-arvores-com-direitos-autorais-plantadas-sem-autorizacao\/","title":{"rendered":"Empresa \u00e9 condenada a pagar multa e destruir \u00e1rvores com &#8220;direitos autorais&#8221; plantadas sem autoriza\u00e7\u00e3o"},"content":{"rendered":"\n<p>Um viveiro chileno foi condenado por propagar, comercializar e oferecer ao p\u00fablico plantas de variedades protegidas sem a devida autoriza\u00e7\u00e3o dos detentores dos direitos. A decis\u00e3o obriga a empresa a destruir todas as \u00e1rvores irregulares, al\u00e9m de pagar multas compensat\u00f3rias e royalties referentes \u00e0s vendas realizadas anteriormente. O caso ganhou repercuss\u00e3o por envolver variedades vegetais com prote\u00e7\u00e3o de propriedade intelectual, popularmente comparadas a \u201cdireitos autorais\u201d.<\/p>\n\n\n\n<h2 class=\"wp-block-heading\">Den\u00fancia revelou venda irregular de milhares de plantas<\/h2>\n\n\n\n<p>A investiga\u00e7\u00e3o teve in\u00edcio ap\u00f3s uma den\u00fancia an\u00f4nima encaminhada \u00e0 ANA Chile\u00ae, que apontava a oferta de mais de 20 mil mudas de nectarinas da s\u00e9rie Andesnec sem licen\u00e7a para propaga\u00e7\u00e3o. A partir das informa\u00e7\u00f5es recebidas, o Servi\u00e7o Agr\u00edcola e Pecu\u00e1rio (SAG) realizou fiscaliza\u00e7\u00f5es no viveiro e recolheu amostras de plantas consideradas suspeitas.<\/p>\n\n\n\n<p>O material coletado foi submetido a an\u00e1lises no Laborat\u00f3rio de Biotecnologia do INIA \u2013 La Platina. Utilizando marcadores moleculares, t\u00e9cnica que funciona como uma \u201cimpress\u00e3o digital\u201d gen\u00e9tica, os peritos confirmaram que as plantas pertenciam a variedades oficialmente protegidas, refor\u00e7ando as evid\u00eancias de infra\u00e7\u00e3o \u00e0 legisla\u00e7\u00e3o vigente.<\/p>\n\n\n\n<figure class=\"wp-block-image size-large\"><img loading=\"lazy\" decoding=\"async\" width=\"1024\" height=\"683\" src=\"https:\/\/diariodaregiao.audiencelabs.com.br\/wp-content\/uploads\/2026\/02\/11813-1-1024x683.jpg\" alt=\"\" class=\"wp-image-14526\" srcset=\"https:\/\/diariodaregiao.audiencelabs.com.br\/wp-content\/uploads\/2026\/02\/11813-1-1024x683.jpg 1024w, https:\/\/diariodaregiao.audiencelabs.com.br\/wp-content\/uploads\/2026\/02\/11813-1-300x200.jpg 300w, https:\/\/diariodaregiao.audiencelabs.com.br\/wp-content\/uploads\/2026\/02\/11813-1-768x513.jpg 768w, https:\/\/diariodaregiao.audiencelabs.com.br\/wp-content\/uploads\/2026\/02\/11813-1-750x501.jpg 750w, https:\/\/diariodaregiao.audiencelabs.com.br\/wp-content\/uploads\/2026\/02\/11813-1-1140x761.jpg 1140w, https:\/\/diariodaregiao.audiencelabs.com.br\/wp-content\/uploads\/2026\/02\/11813-1.jpg 1500w\" sizes=\"auto, (max-width: 1024px) 100vw, 1024px\" \/><figcaption class=\"wp-element-caption\">Cr\u00e9ditos: Freepik<\/figcaption><\/figure>\n\n\n\n<h2 class=\"wp-block-heading\">Tentativa de oculta\u00e7\u00e3o agravou o caso<\/h2>\n\n\n\n<p>Segundo as autoridades, o viveiro tentou mascarar a irregularidade ao comercializar as mudas com nomes de variedades tradicionais e n\u00e3o protegidas. No entanto, a investiga\u00e7\u00e3o comprovou que se tratava de cultivares registradas, cuja multiplica\u00e7\u00e3o s\u00f3 \u00e9 permitida a empresas licenciadas, o que agravou a situa\u00e7\u00e3o jur\u00eddica da empresa.<\/p>\n\n\n\n<p>Al\u00e9m da destrui\u00e7\u00e3o das plantas ilegais e do pagamento de indeniza\u00e7\u00f5es, o viveiro ser\u00e1 auditado quanto a vendas realizadas em anos anteriores. Para a ANA Chile\u00ae e o SAG, o caso estabelece um precedente importante no combate \u00e0 propaga\u00e7\u00e3o ilegal de variedades protegidas, refor\u00e7ando a prote\u00e7\u00e3o \u00e0 propriedade intelectual no setor agr\u00edcola e garantindo seguran\u00e7a jur\u00eddica a produtores que atuam dentro da lei.<\/p>\n","protected":false},"excerpt":{"rendered":"<p>Um viveiro chileno foi condenado por propagar, comercializar e oferecer ao p\u00fablico plantas de variedades protegidas sem a devida autoriza\u00e7\u00e3o dos detentores dos direitos. A decis\u00e3o obriga a empresa a destruir todas as \u00e1rvores irregulares, al\u00e9m de pagar multas compensat\u00f3rias e royalties referentes \u00e0s vendas realizadas anteriormente. O caso ganhou repercuss\u00e3o por envolver variedades vegetais [&hellip;]<\/p>\n","protected":false},"author":8,"featured_media":14527,"comment_status":"open","ping_status":"open","sticky":false,"template":"","format":"standard","meta":{"jnews-multi-image_gallery":[],"jnews_single_post":{"format":"standard"},"jnews_primary_category":[],"jnews_social_meta":[],"jnews_post_split":[],"footnotes":""},"categories":[1],"tags":[],"class_list":["post-14520","post","type-post","status-publish","format-standard","has-post-thumbnail","hentry","category-variedades"],"_links":{"self":[{"href":"https:\/\/diariodaregiao.audiencelabs.com.br\/wp-json\/wp\/v2\/posts\/14520","targetHints":{"allow":["GET"]}}],"collection":[{"href":"https:\/\/diariodaregiao.audiencelabs.com.br\/wp-json\/wp\/v2\/posts"}],"about":[{"href":"https:\/\/diariodaregiao.audiencelabs.com.br\/wp-json\/wp\/v2\/types\/post"}],"author":[{"embeddable":true,"href":"https:\/\/diariodaregiao.audiencelabs.com.br\/wp-json\/wp\/v2\/users\/8"}],"replies":[{"embeddable":true,"href":"https:\/\/diariodaregiao.audiencelabs.com.br\/wp-json\/wp\/v2\/comments?post=14520"}],"version-history":[{"count":1,"href":"https:\/\/diariodaregiao.audiencelabs.com.br\/wp-json\/wp\/v2\/posts\/14520\/revisions"}],"predecessor-version":[{"id":14528,"href":"https:\/\/diariodaregiao.audiencelabs.com.br\/wp-json\/wp\/v2\/posts\/14520\/revisions\/14528"}],"wp:featuredmedia":[{"embeddable":true,"href":"https:\/\/diariodaregiao.audiencelabs.com.br\/wp-json\/wp\/v2\/media\/14527"}],"wp:attachment":[{"href":"https:\/\/diariodaregiao.audiencelabs.com.br\/wp-json\/wp\/v2\/media?parent=14520"}],"wp:term":[{"taxonomy":"category","embeddable":true,"href":"https:\/\/diariodaregiao.audiencelabs.com.br\/wp-json\/wp\/v2\/categories?post=14520"},{"taxonomy":"post_tag","embeddable":true,"href":"https:\/\/diariodaregiao.audiencelabs.com.br\/wp-json\/wp\/v2\/tags?post=14520"}],"curies":[{"name":"wp","href":"https:\/\/api.w.org\/{rel}","templated":true}]}}