{"id":1457,"date":"2025-11-15T12:40:00","date_gmt":"2025-11-15T15:40:00","guid":{"rendered":"https:\/\/diariodaregiao.audiencelabs.com.br\/?p=1457"},"modified":"2025-11-14T16:11:00","modified_gmt":"2025-11-14T19:11:00","slug":"cidade-mais-alta-foi-fundada-por-um-portugues-desenvolvida-por-nordestinos-e-parece-a-suica","status":"publish","type":"post","link":"https:\/\/diariodaregiao.audiencelabs.com.br\/cidade-mais-alta-foi-fundada-por-um-portugues-desenvolvida-por-nordestinos-e-parece-a-suica\/","title":{"rendered":"Cidade mais alta do Brasil foi fundada por um portugu\u00eas, desenvolvida por nordestinos e parece a Su\u00ed\u00e7a"},"content":{"rendered":"\n<p>Situada no cora\u00e7\u00e3o de S\u00e3o Paulo, Campos do Jord\u00e3o se destaca como a cidade mais elevada do Brasil, com uma altitude m\u00e9dia impressionante de 1.628 metros acima do n\u00edvel do mar. <\/p>\n\n\n\n<p>Aninhada na Serra da Mantiqueira, essa localidade encanta visitantes com seu ar puro e paisagens montanhosas, oferecendo um ref\u00fagio contra o calor das plan\u00edcies brasileiras. O clima ameno, frequentemente frio, transforma a regi\u00e3o em um destino ideal para quem busca escapar do ver\u00e3o intenso do pa\u00eds.<\/p>\n\n\n\n<figure class=\"wp-block-image size-large\"><img loading=\"lazy\" decoding=\"async\" width=\"1024\" height=\"573\" src=\"https:\/\/diariodaregiao.audiencelabs.com.br\/wp-content\/uploads\/2025\/11\/1280px-Vista_area_da_Vila_Capivari_Campos_do_Jordao_cropped-1024x573.jpg\" alt=\"\" class=\"wp-image-1459\" srcset=\"https:\/\/diariodaregiao.audiencelabs.com.br\/wp-content\/uploads\/2025\/11\/1280px-Vista_area_da_Vila_Capivari_Campos_do_Jordao_cropped-1024x573.jpg 1024w, https:\/\/diariodaregiao.audiencelabs.com.br\/wp-content\/uploads\/2025\/11\/1280px-Vista_area_da_Vila_Capivari_Campos_do_Jordao_cropped-300x168.jpg 300w, https:\/\/diariodaregiao.audiencelabs.com.br\/wp-content\/uploads\/2025\/11\/1280px-Vista_area_da_Vila_Capivari_Campos_do_Jordao_cropped-768x430.jpg 768w, https:\/\/diariodaregiao.audiencelabs.com.br\/wp-content\/uploads\/2025\/11\/1280px-Vista_area_da_Vila_Capivari_Campos_do_Jordao_cropped-750x420.jpg 750w, https:\/\/diariodaregiao.audiencelabs.com.br\/wp-content\/uploads\/2025\/11\/1280px-Vista_area_da_Vila_Capivari_Campos_do_Jordao_cropped-1140x638.jpg 1140w, https:\/\/diariodaregiao.audiencelabs.com.br\/wp-content\/uploads\/2025\/11\/1280px-Vista_area_da_Vila_Capivari_Campos_do_Jordao_cropped.jpg 1280w\" sizes=\"auto, (max-width: 1024px) 100vw, 1024px\" \/><figcaption class=\"wp-element-caption\">Cr\u00e9ditos: Reprodu\u00e7\u00e3o Wikip\u00e9dia<\/figcaption><\/figure>\n\n\n\n<h3 class=\"wp-block-heading\">Origens Hist\u00f3ricas: De \u00cdndios a Nordestinos<\/h3>\n\n\n<style>@media (min-width: 992px) {\n    .recomendadorV2Area1 {\n        width: 280px;\n    }\n    .recomendadorV2Area2 {\n        padding: 0px 20px;\n        width: calc(100% - 280px);\n    }\n}\n\n@media (max-width: 992px) {\n    .recomendadorV2Button {\n        margin: 0 auto;\n    }\n    .recomendadorV2Area {\n        flex-direction: column;\n        text-align: center;\n    }\n    .recomendadorV2Area2 {\n        padding: 0px 20px;\n    }\n}\n\n.recomendadorV2Area {\n    background: #eeeeee3d;\n    border-radius: 10px;\n    padding: 15px;\n    display: flex;\n    margin: 15px auto;\n    border: 1px solid #00000014;\n    max-width: 800px;\n}\n\n.recomendadorV2Area1 img {\n    width: 280px;\n    height: auto;\n    border-radius: 8px;\n}\n\n.linkrecomendadorv2 {\n    text-decoration: none !important;\n}\n\n.recomendadorV2Area2 .recomendadorV2Type {\n    text-transform: uppercase;\n    font-weight: 500;\n    font-size: 11px;\n    letter-spacing: 2px;\n    color: #666;\n    margin: 12px 0;\n    display: block;\n}\n\n.recomendadorV2Title h2 {\n    padding-top: 0px !important;\n    margin: 0px !important;\n    border-left: none !important;\n    padding-left: 0px !important;\n    line-height: 1.3;\n    color: #000 !important;\n    font-size: 24px;\n    margin-bottom: 12px !important;\n}\n\n.recomendadorV2Desc {\n    color: #333;\n    margin: 12px 0px !important;\n    font-size: 15px;\n    line-height: 1.5;\n}\n\n.recomendadorV2Button {\n    width: auto;\n    max-width: 200px;\n    margin: 0;\n    display: inline-flex;\n    align-items: center;\n    background: #1D3557;\n    border-radius: 8px;\n    color: #fff;\n    height: 36px;\n    justify-content: center;\n    text-align: center;\n    font-size: 14px;\n    padding: 0 20px;\n    transition: background-color 0.2s ease;\n}\n\n.recomendadorV2Button:hover {\n    background: #2a4d7a;\n}\n\n.recomendadorV2Button:after {\n    margin-top: -2px;\n    content: \"\u2192\";\n    padding: 0px 0px 0px 8px;\n}\n\n.recomendadorV2Alert {\n    text-align: left;\n    font-size: 11px;\n    margin-top: 8px;\n    color: #666;\n}\n\n.recomendadorFixedArea {\n    width: 100%;\n    display: flex;\n    justify-content: center;\n    align-items: center;\n}\n\n@media (min-width: 992px) {\n    #recomendadorFixed {\n        width: 32% !important;\n        left: 5%;\n    }\n    .recomendadorCloseFixed{\n        right: inherit !important;\n        left: 378px !important;\n    }\n}\n\n#recomendadorFixed {\n    width: 90%;\n    box-shadow: 0 10px 20px 0px #00000057;\n    display: none;\n    height: 90px;\n    background: #F6F6F6;\n    position: fixed;\n    flex-direction: row;\n    bottom: 10px;\n    z-index: 9999;\n    border-radius: 16px;\n    padding: 7px 10px;\n}\n\n.recomendadorLeftArea {\n    width: 160px;\n}\n\n.recomendadorRightArea h2 {\n    padding-top: 0px;\n    margin: 2px 0px 4px 0px !important;\n    font-weight: 400;\n    text-align: center;\n    padding-left: 0px !important;\n    color: #000 !important;\n    border-left: none !important;\n    line-height: 20px;\n    font-size: 12px !important;\n}\n\n.recomendadorImgFixed {\n    overflow: hidden;\n    padding: 8px 6px;\n    height: 100%;\n}\n\n.recomendadorImgFixed img {\n    height: 100% !important;\n    border-radius: 16px;\n}\n\n.recomendadorRightArea {\n    padding-top: 6px;\n    display: flex;\n    width: calc(100% - 130px);\n    justify-content: space-between;\n    align-items: center;\n    flex-direction: column;\n}\n\n.recomendadorButtonFixed {\n    margin: 0 auto;\n    background: #1D3557;\n    width: 80%;\n    text-align: center;\n    font-size: 10px;\n    color: #FFF;\n    padding: 2px 10px;\n    border-radius: 3px;\n}\n\n.recomendadorButtonFixed:after {\n    margin-top: -3px;\n    content: \"\u2192\";\n    padding: 0px 0px 0px 10px;\n}\n\n.recomendadorAlertFixed {\n    font-weight: 400;\n    text-align: center;\n    color: #484848;\n    font-size: 8px;\n}\n\n.recomendadorCloseFixed {\n    z-index: 99999;\n    display: none;\n    right: 0px;\n    left: inherit;\n    bottom: 99px;\n    position: fixed;\n    justify-content: center;\n    background: #F6F6F6;\n    width: 25px;\n    align-items: center;\n    height: 25px;\n    font-weight: 800;\n    border-radius: 50%;\n    border: 1px solid #EBEBEB;\n}\n\n.recomendadorV2Desc{\n    color: #000000;\n    margin: 20px 0px;\n}\n\n@media (max-width: 576px) {\n    .recomendadorV2Area {\n      padding: 10px;\n      max-width: 100%;\n    }\n  \n    .recomendadorV2Area1 img {\n      width: 100%;\n      border-radius: 6px;\n    }\n  \n    .recomendadorV2Area2 .recomendadorV2Type {\n      font-size: 9px;\n      letter-spacing: 1px;\n      margin: 8px 0;\n    }\n  \n    .recomendadorV2Title h2 {\n      font-size: 18px !important;\n      margin-bottom: 8px !important;\n      line-height: 1.2;\n    }\n  \n    .recomendadorV2Desc {\n      font-size: 14px;\n      margin: 8px 0 !important;\n      line-height: 1.4;\n    }\n  \n    .recomendadorV2Button {\n      font-size: 12px;\n      height: 30px;\n      padding: 0 12px;\n      max-width: 160px;\n    }\n  \n    .recomendadorV2Button:after {\n      padding-left: 6px;\n    }\n  }\n  <\/style>\n        <div class=\"lazyblock-recomendador-v2-2jDGz wp-block-lazyblock-recomendador-v2\">\n        <a class=\"linkrecomendadorv2\" href=\"https:\/\/diariodaregiao.com.br\/variedades\/mansao-de-neymar-em-cidade-paradisiaca-do-rj-com-cinema-e-pista-de-kart-exclusiva-em-10-mil-m\u00b2-e-uma-das-mais-luxuosas-do-pais\/?utm_source=lazy\" target=\"_blank\" rel=\"noopener\">\n            <div class=\"recomendadorV2Area\">\n            <div class=\"recomendadorV2Area1\">\n                <div class=\"recomendadorV2Img\">\n                <img class=\"lazyloaded\" decoding=\"async\" src=\"https:\/\/diariodaregiao.audiencelabs.com.br\/wp-content\/uploads\/2025\/11\/54913363065_1e1de25158_k.jpg\" data-src=\"https:\/\/diariodaregiao.audiencelabs.com.br\/wp-content\/uploads\/2025\/11\/54913363065_1e1de25158_k.jpg\" alt=\"\">\n                <\/div>\n            <\/div>\n            <div class=\"recomendadorV2Area2\">\n                <div class=\"recomendadorV2Type\">\n                    <span>celebridades brasil<\/span>\n                <\/div>\n                <div class=\"recomendadorV2Title\">\n                <h2><span>Mans\u00e3o de Neymar luxuosa \ud83c\udfe0<\/span><\/h2>\n                <\/div>\n                <div class=\"recomendadorV2Desc\">\n                <span>Veja os detalhes da casa milion\u00e1ria no RJ!<\/span>\n                <\/div>\n                <div class=\"recomendadorV2Button\">Explore a mans\u00e3o<\/div>\n                <div class=\"recomendadorV2Alert\"><\/div>\n            <\/div>\n            <\/div>\n        <\/a>\n        <div>\n            <div style=\"z-index:99999;\" id=\"buttonClose\" onclick=\"closeRecomendadorFixed()\">\n            <div class=\"recomendadorCloseFixed\">X<\/div>\n            <\/div>\n            <a href=\"https:\/\/diariodaregiao.com.br\/variedades\/mansao-de-neymar-em-cidade-paradisiaca-do-rj-com-cinema-e-pista-de-kart-exclusiva-em-10-mil-m\u00b2-e-uma-das-mais-luxuosas-do-pais\/?utm_source=lazy\" target=\"_blank\" rel=\"noopener\">\n            <div class=\"recomendadorFixedArea\">\n                <div id=\"recomendadorFixed\">\n                <div class=\"recomendadorLeftArea\">\n                    <div class=\"recomendadorImgFixed\">\n                    <img class=\"lazyload\" decoding=\"async\" src=\"https:\/\/diariodaregiao.audiencelabs.com.br\/wp-content\/uploads\/2025\/11\/54913363065_1e1de25158_k.jpg\" alt=\"\">\n                    <\/div>\n                <\/div>\n                <div class=\"recomendadorRightArea\">\n                    <div class=\"recomendadorTitleFixed\">\n                    <h2><span>Mans\u00e3o de Neymar luxuosa \ud83c\udfe0<\/span><\/h2>\n                    <\/div>\n                    <div class=\"recomendadorButtonFixed\">Explore a mans\u00e3o<\/div>\n                    <div class=\"recomendadorAlertFixed\"><\/div>\n                <\/div>\n                <\/div>\n            <\/div>\n            <\/a>\n        <\/div>\n        <\/div>\n\n\n\n<p>A hist\u00f3ria de Campos do Jord\u00e3o \u00e9 rica e multifacetada, refletindo a diversidade cultural do Brasil. Inicialmente habitada por povos ind\u00edgenas, a \u00e1rea foi explorada por portugueses no s\u00e9culo XIX, que a fundaram como um ponto estrat\u00e9gico para o com\u00e9rcio e a agricultura. <\/p>\n\n\n\n<p>No entanto, o verdadeiro impulso para seu crescimento veio dos nordestinos, imigrantes de regi\u00f5es \u00e1ridas do Nordeste brasileiro, que trouxeram sua resili\u00eancia e habilidades para desenvolver a infraestrutura local. <\/p>\n\n\n\n<p>Esses pioneiros transformaram a vila em um centro pr\u00f3spero, cultivando a terra e construindo estradas, apesar das condi\u00e7\u00f5es desafiadoras das montanhas.<\/p>\n\n\n\n<h3 class=\"wp-block-heading\">Arquitetura e Atrativos que Imitam a Europa<\/h3>\n\n\n\n<p>O que mais chama aten\u00e7\u00e3o em Campos do Jord\u00e3o \u00e9 sua arquitetura, que evoca cidades europeias como as da Su\u00ed\u00e7a ou Alemanha. Chal\u00e9s com telhados \u00edngremes, ruas arborizadas e constru\u00e7\u00f5es em estilo alpino criam uma atmosfera encantadora, quase surreal no contexto brasileiro. <\/p>\n\n\n\n<p>Essa influ\u00eancia europeia n\u00e3o \u00e9 acidental; ela reflete o esfor\u00e7o dos moradores em criar um ambiente acolhedor, inspirado em destinos tur\u00edsticos famosos. Durante o inverno, a cidade se enche de neve artificial e eventos festivos, atraindo fam\u00edlias e casais para passeios rom\u00e2nticos e degusta\u00e7\u00f5es de fondue.<\/p>\n\n\n\n<h3 class=\"wp-block-heading\">Compara\u00e7\u00f5es e o Charme \u00danico<\/h3>\n\n\n\n<p>Embora pare\u00e7a uma vila su\u00ed\u00e7a transplantada para o Brasil, Campos do Jord\u00e3o carrega uma identidade pr\u00f3pria, moldada por sua hist\u00f3ria mesti\u00e7a. <\/p>\n\n\n\n<p>A fus\u00e3o de ra\u00edzes ind\u00edgenas, portuguesas e nordestinas cria um mosaico cultural \u00fanico, onde tradi\u00e7\u00f5es locais se misturam com influ\u00eancias externas.<\/p>\n","protected":false},"excerpt":{"rendered":"<p>Situada no cora\u00e7\u00e3o de S\u00e3o Paulo, Campos do Jord\u00e3o se destaca como a cidade mais elevada do Brasil, com uma altitude m\u00e9dia impressionante de 1.628 metros acima do n\u00edvel do mar. Aninhada na Serra da Mantiqueira, essa localidade encanta visitantes com seu ar puro e paisagens montanhosas, oferecendo um ref\u00fagio contra o calor das plan\u00edcies [&hellip;]<\/p>\n","protected":false},"author":5,"featured_media":1458,"comment_status":"open","ping_status":"open","sticky":false,"template":"","format":"standard","meta":{"jnews-multi-image_gallery":[],"jnews_single_post":{"format":"standard"},"jnews_primary_category":[],"jnews_social_meta":[],"jnews_post_split":[],"footnotes":""},"categories":[1],"tags":[],"class_list":["post-1457","post","type-post","status-publish","format-standard","has-post-thumbnail","hentry","category-variedades"],"_links":{"self":[{"href":"https:\/\/diariodaregiao.audiencelabs.com.br\/wp-json\/wp\/v2\/posts\/1457","targetHints":{"allow":["GET"]}}],"collection":[{"href":"https:\/\/diariodaregiao.audiencelabs.com.br\/wp-json\/wp\/v2\/posts"}],"about":[{"href":"https:\/\/diariodaregiao.audiencelabs.com.br\/wp-json\/wp\/v2\/types\/post"}],"author":[{"embeddable":true,"href":"https:\/\/diariodaregiao.audiencelabs.com.br\/wp-json\/wp\/v2\/users\/5"}],"replies":[{"embeddable":true,"href":"https:\/\/diariodaregiao.audiencelabs.com.br\/wp-json\/wp\/v2\/comments?post=1457"}],"version-history":[{"count":3,"href":"https:\/\/diariodaregiao.audiencelabs.com.br\/wp-json\/wp\/v2\/posts\/1457\/revisions"}],"predecessor-version":[{"id":2106,"href":"https:\/\/diariodaregiao.audiencelabs.com.br\/wp-json\/wp\/v2\/posts\/1457\/revisions\/2106"}],"wp:featuredmedia":[{"embeddable":true,"href":"https:\/\/diariodaregiao.audiencelabs.com.br\/wp-json\/wp\/v2\/media\/1458"}],"wp:attachment":[{"href":"https:\/\/diariodaregiao.audiencelabs.com.br\/wp-json\/wp\/v2\/media?parent=1457"}],"wp:term":[{"taxonomy":"category","embeddable":true,"href":"https:\/\/diariodaregiao.audiencelabs.com.br\/wp-json\/wp\/v2\/categories?post=1457"},{"taxonomy":"post_tag","embeddable":true,"href":"https:\/\/diariodaregiao.audiencelabs.com.br\/wp-json\/wp\/v2\/tags?post=1457"}],"curies":[{"name":"wp","href":"https:\/\/api.w.org\/{rel}","templated":true}]}}