{"id":14892,"date":"2026-04-25T06:38:54","date_gmt":"2026-04-25T09:38:54","guid":{"rendered":"https:\/\/diariodaregiao.audiencelabs.com.br\/?p=14892"},"modified":"2026-04-20T11:07:19","modified_gmt":"2026-04-20T14:07:19","slug":"marcia-sensitiva-faz-alerta-para-quem-entra-dentro-de-casa-com-sapato","status":"publish","type":"post","link":"https:\/\/diariodaregiao.audiencelabs.com.br\/marcia-sensitiva-faz-alerta-para-quem-entra-dentro-de-casa-com-sapato\/","title":{"rendered":"M\u00e1rcia Sensitiva faz alerta para quem entra dentro de casa com sapato"},"content":{"rendered":"\n<p>A astr\u00f3loga M\u00e1rcia Sensitiva fez um alerta importante a quem costuma entrar em casa com os sapatos no p\u00e9. Embora seja algo muito comum, a especialista explica que fazer isso pode ser o mesmo que trazer para dentro do lar tudo de ruim que vem da rua.<\/p>\n\n\n\n<p>Durante entrevista ao Dia TV, M\u00e1rcia chamou aten\u00e7\u00e3o para o fato de que quando estamos do lado de fora, acumulamos muitas coisas, principalmente negativas. \u201c\u00c9 um peda\u00e7o de tudo que \u00e9 ruim. S\u00e3o formas de tudo o que \u00e9 negativo, que caem do teu corpo e fica tudo espalhado. Aquilo tem lixo astral\u201d, afirmou.<\/p>\n\n\n<div class=\"wp-block-image\">\n<figure class=\"aligncenter size-large\"><img loading=\"lazy\" decoding=\"async\" width=\"1024\" height=\"682\" src=\"https:\/\/diariodaregiao.audiencelabs.com.br\/wp-content\/uploads\/2026\/02\/pexels-lisa-fotios-1909014-scaled-e1674596441645-1024x682.jpg\" alt=\"\" class=\"wp-image-14894\" srcset=\"https:\/\/diariodaregiao.audiencelabs.com.br\/wp-content\/uploads\/2026\/02\/pexels-lisa-fotios-1909014-scaled-e1674596441645-1024x682.jpg 1024w, https:\/\/diariodaregiao.audiencelabs.com.br\/wp-content\/uploads\/2026\/02\/pexels-lisa-fotios-1909014-scaled-e1674596441645-300x200.jpg 300w, https:\/\/diariodaregiao.audiencelabs.com.br\/wp-content\/uploads\/2026\/02\/pexels-lisa-fotios-1909014-scaled-e1674596441645-768x512.jpg 768w, https:\/\/diariodaregiao.audiencelabs.com.br\/wp-content\/uploads\/2026\/02\/pexels-lisa-fotios-1909014-scaled-e1674596441645-750x500.jpg 750w, https:\/\/diariodaregiao.audiencelabs.com.br\/wp-content\/uploads\/2026\/02\/pexels-lisa-fotios-1909014-scaled-e1674596441645.jpg 1064w\" sizes=\"auto, (max-width: 1024px) 100vw, 1024px\" \/><figcaption class=\"wp-element-caption\">Cr\u00e9ditos: Lisa Fotios\/Pexels<\/figcaption><\/figure>\n<\/div>\n\n\n<p>Essa bagagem de fora, por assim dizer, pode fazer com que sentimentos e sensa\u00e7\u00f5es como medo, ansiedade, fadiga e at\u00e9 doen\u00e7as espirituais e f\u00edsicas entrem em casa. Por isso, \u00e9 bom evitar entrar na resid\u00eancia com sapatos. Conv\u00e9m deix\u00e1-los do lado de fora para n\u00e3o correr o risco de contaminar o ambiente.<\/p>\n\n\n\n<p>Ali\u00e1s, o ato de tirar os sapatos antes de entrar em casa tamb\u00e9m \u00e9 recomendado pela ci\u00eancia. Como costumamos passar muito tempo fora de casa, \u00e9 natural que a sola do sapato acumule microrganismos no decorrer do dia. Portanto, esse simples ato de deixar os sapatos do lado de fora pode ser ben\u00e9fico para a sa\u00fade.<\/p>\n\n\n\n<h2 class=\"wp-block-heading\">Tirar os sapatos faz parte da cultura asi\u00e1tica<\/h2>\n\n\n\n<p>Embora deste lado do mundo existam pa\u00edses e pessoas que tratam essa pr\u00e1tica com mais naturalidade, ela est\u00e1 mais presente em na\u00e7\u00f5es do continente asi\u00e1tico. \u00c9 comum vermos isso em filmes e s\u00e9ries que se passam no Jap\u00e3o, na China e na Coreia, por exemplo.<\/p>\n\n\n\n<p>Quem sabe, a partir de agora esse n\u00e3o se torne um h\u00e1bito nosso tamb\u00e9m. Seja por quest\u00f5es ligadas \u00e0 sa\u00fade ou a espiritualidade, \u00e9 o mais indicado a se fazer.<\/p>\n","protected":false},"excerpt":{"rendered":"<p>A astr\u00f3loga M\u00e1rcia Sensitiva fez um alerta importante a quem costuma entrar em casa com os sapatos no p\u00e9. Embora seja algo muito comum, a especialista explica que fazer isso pode ser o mesmo que trazer para dentro do lar tudo de ruim que vem da rua. Durante entrevista ao Dia TV, M\u00e1rcia chamou aten\u00e7\u00e3o [&hellip;]<\/p>\n","protected":false},"author":14,"featured_media":14893,"comment_status":"open","ping_status":"open","sticky":false,"template":"","format":"standard","meta":{"jnews-multi-image_gallery":[],"jnews_single_post":{"format":"standard"},"jnews_primary_category":[],"jnews_social_meta":[],"jnews_post_split":[],"footnotes":""},"categories":[1],"tags":[],"class_list":["post-14892","post","type-post","status-publish","format-standard","has-post-thumbnail","hentry","category-variedades"],"_links":{"self":[{"href":"https:\/\/diariodaregiao.audiencelabs.com.br\/wp-json\/wp\/v2\/posts\/14892","targetHints":{"allow":["GET"]}}],"collection":[{"href":"https:\/\/diariodaregiao.audiencelabs.com.br\/wp-json\/wp\/v2\/posts"}],"about":[{"href":"https:\/\/diariodaregiao.audiencelabs.com.br\/wp-json\/wp\/v2\/types\/post"}],"author":[{"embeddable":true,"href":"https:\/\/diariodaregiao.audiencelabs.com.br\/wp-json\/wp\/v2\/users\/14"}],"replies":[{"embeddable":true,"href":"https:\/\/diariodaregiao.audiencelabs.com.br\/wp-json\/wp\/v2\/comments?post=14892"}],"version-history":[{"count":2,"href":"https:\/\/diariodaregiao.audiencelabs.com.br\/wp-json\/wp\/v2\/posts\/14892\/revisions"}],"predecessor-version":[{"id":23521,"href":"https:\/\/diariodaregiao.audiencelabs.com.br\/wp-json\/wp\/v2\/posts\/14892\/revisions\/23521"}],"wp:featuredmedia":[{"embeddable":true,"href":"https:\/\/diariodaregiao.audiencelabs.com.br\/wp-json\/wp\/v2\/media\/14893"}],"wp:attachment":[{"href":"https:\/\/diariodaregiao.audiencelabs.com.br\/wp-json\/wp\/v2\/media?parent=14892"}],"wp:term":[{"taxonomy":"category","embeddable":true,"href":"https:\/\/diariodaregiao.audiencelabs.com.br\/wp-json\/wp\/v2\/categories?post=14892"},{"taxonomy":"post_tag","embeddable":true,"href":"https:\/\/diariodaregiao.audiencelabs.com.br\/wp-json\/wp\/v2\/tags?post=14892"}],"curies":[{"name":"wp","href":"https:\/\/api.w.org\/{rel}","templated":true}]}}