{"id":15136,"date":"2026-04-26T06:40:41","date_gmt":"2026-04-26T09:40:41","guid":{"rendered":"https:\/\/diariodaregiao.audiencelabs.com.br\/?p=15136"},"modified":"2026-04-22T15:25:01","modified_gmt":"2026-04-22T18:25:01","slug":"predio-mais-alto-da-america-latina-com-408-metros-96-andares-e-22-pavimentos-residenciais-esta-sendo-construindo","status":"publish","type":"post","link":"https:\/\/diariodaregiao.audiencelabs.com.br\/predio-mais-alto-da-america-latina-com-408-metros-96-andares-e-22-pavimentos-residenciais-esta-sendo-construindo\/","title":{"rendered":"Pr\u00e9dio mais alto da Am\u00e9rica Latina com 408 metros, 96 andares e 22 pavimentos residenciais est\u00e1 sendo construindo"},"content":{"rendered":"\n<p>O pr\u00e9dio mais alto de toda a Am\u00e9rica Latina est\u00e1 em constru\u00e7\u00e3o. Localizada no bairro Obispado, na cidade de Monterrey, no M\u00e9xico, a Torre Rise promete ser um colosso: ter\u00e1 nada menos que 408 metros, 96 andares e 22 pavimentos residenciais.<\/p>\n\n\n\n<p>O ambicioso projeto imobili\u00e1rio est\u00e1 sendo erguido sob padr\u00f5es internacionais de engenharia. Ser\u00e1 composto por uma se\u00e7\u00e3o habit\u00e1vel de 408 metros e coroada por uma agulha decorativa de 76 metros de comprimento. Ao todo, portanto, ter\u00e1 484 metros.<\/p>\n\n\n<div class=\"wp-block-image\">\n<figure class=\"aligncenter size-full\"><img loading=\"lazy\" decoding=\"async\" width=\"888\" height=\"591\" src=\"https:\/\/diariodaregiao.audiencelabs.com.br\/wp-content\/uploads\/2026\/02\/la-torre-rise-superara-los-registros-regionales-63zbazwusrfcjgmlfon6ka27gi.avif\" alt=\"\" class=\"wp-image-15138\" srcset=\"https:\/\/diariodaregiao.audiencelabs.com.br\/wp-content\/uploads\/2026\/02\/la-torre-rise-superara-los-registros-regionales-63zbazwusrfcjgmlfon6ka27gi.avif 888w, https:\/\/diariodaregiao.audiencelabs.com.br\/wp-content\/uploads\/2026\/02\/la-torre-rise-superara-los-registros-regionales-63zbazwusrfcjgmlfon6ka27gi-300x200.avif 300w, https:\/\/diariodaregiao.audiencelabs.com.br\/wp-content\/uploads\/2026\/02\/la-torre-rise-superara-los-registros-regionales-63zbazwusrfcjgmlfon6ka27gi-768x511.avif 768w, https:\/\/diariodaregiao.audiencelabs.com.br\/wp-content\/uploads\/2026\/02\/la-torre-rise-superara-los-registros-regionales-63zbazwusrfcjgmlfon6ka27gi-750x499.avif 750w\" sizes=\"auto, (max-width: 888px) 100vw, 888px\" \/><figcaption class=\"wp-element-caption\">Cr\u00e9ditos: Divulga\u00e7\u00e3o\/Ancore Group<\/figcaption><\/figure>\n<\/div>\n\n\n<p>Essa impon\u00eancia toda abrigar\u00e1 um total de 96 andares, projetados para contemplar diversas atividades. Ser\u00e3o 35 n\u00edveis destinados a escrit\u00f3rios corporativos, 22 pavimentos residenciais, dez andares para um hotel de luxo e quatro n\u00edveis de uso comercial.<\/p>\n\n\n\n<p>A proposta tamb\u00e9m inclui o \u201cSkyDeck 360\u00b0\u201d, um espa\u00e7o de observa\u00e7\u00e3o panor\u00e2mica localizado nos \u00faltimos tr\u00eas andares com vista ampla da cidade. J\u00e1 o andar mais elevado contar\u00e1 com uma tirolesa instalada na borda da estrutura para os corajosos que quiserem se aventurar.<\/p>\n\n\n<style>@media (min-width: 992px) {\n    .recomendadorV2Area1 {\n        width: 280px;\n    }\n    .recomendadorV2Area2 {\n        padding: 0px 20px;\n        width: calc(100% - 280px);\n    }\n}\n\n@media (max-width: 992px) {\n    .recomendadorV2Button {\n        margin: 0 auto;\n    }\n    .recomendadorV2Area {\n        flex-direction: column;\n        text-align: center;\n    }\n    .recomendadorV2Area2 {\n        padding: 0px 20px;\n    }\n}\n\n.recomendadorV2Area {\n    background: #eeeeee3d;\n    border-radius: 10px;\n    padding: 15px;\n    display: flex;\n    margin: 15px auto;\n    border: 1px solid #00000014;\n    max-width: 800px;\n}\n\n.recomendadorV2Area1 img {\n    width: 280px;\n    height: auto;\n    border-radius: 8px;\n}\n\n.linkrecomendadorv2 {\n    text-decoration: none !important;\n}\n\n.recomendadorV2Area2 .recomendadorV2Type {\n    text-transform: uppercase;\n    font-weight: 500;\n    font-size: 11px;\n    letter-spacing: 2px;\n    color: #666;\n    margin: 12px 0;\n    display: block;\n}\n\n.recomendadorV2Title h2 {\n    padding-top: 0px !important;\n    margin: 0px !important;\n    border-left: none !important;\n    padding-left: 0px !important;\n    line-height: 1.3;\n    color: #000 !important;\n    font-size: 24px;\n    margin-bottom: 12px !important;\n}\n\n.recomendadorV2Desc {\n    color: #333;\n    margin: 12px 0px !important;\n    font-size: 15px;\n    line-height: 1.5;\n}\n\n.recomendadorV2Button {\n    width: auto;\n    max-width: 200px;\n    margin: 0;\n    display: inline-flex;\n    align-items: center;\n    background: #1D3557;\n    border-radius: 8px;\n    color: #fff;\n    height: 36px;\n    justify-content: center;\n    text-align: center;\n    font-size: 14px;\n    padding: 0 20px;\n    transition: background-color 0.2s ease;\n}\n\n.recomendadorV2Button:hover {\n    background: #2a4d7a;\n}\n\n.recomendadorV2Button:after {\n    margin-top: -2px;\n    content: \"\u2192\";\n    padding: 0px 0px 0px 8px;\n}\n\n.recomendadorV2Alert {\n    text-align: left;\n    font-size: 11px;\n    margin-top: 8px;\n    color: #666;\n}\n\n.recomendadorFixedArea {\n    width: 100%;\n    display: flex;\n    justify-content: center;\n    align-items: center;\n}\n\n@media (min-width: 992px) {\n    #recomendadorFixed {\n        width: 32% !important;\n        left: 5%;\n    }\n    .recomendadorCloseFixed{\n        right: inherit !important;\n        left: 378px !important;\n    }\n}\n\n#recomendadorFixed {\n    width: 90%;\n    box-shadow: 0 10px 20px 0px #00000057;\n    display: none;\n    height: 90px;\n    background: #F6F6F6;\n    position: fixed;\n    flex-direction: row;\n    bottom: 10px;\n    z-index: 9999;\n    border-radius: 16px;\n    padding: 7px 10px;\n}\n\n.recomendadorLeftArea {\n    width: 160px;\n}\n\n.recomendadorRightArea h2 {\n    padding-top: 0px;\n    margin: 2px 0px 4px 0px !important;\n    font-weight: 400;\n    text-align: center;\n    padding-left: 0px !important;\n    color: #000 !important;\n    border-left: none !important;\n    line-height: 20px;\n    font-size: 12px !important;\n}\n\n.recomendadorImgFixed {\n    overflow: hidden;\n    padding: 8px 6px;\n    height: 100%;\n}\n\n.recomendadorImgFixed img {\n    height: 100% !important;\n    border-radius: 16px;\n}\n\n.recomendadorRightArea {\n    padding-top: 6px;\n    display: flex;\n    width: calc(100% - 130px);\n    justify-content: space-between;\n    align-items: center;\n    flex-direction: column;\n}\n\n.recomendadorButtonFixed {\n    margin: 0 auto;\n    background: #1D3557;\n    width: 80%;\n    text-align: center;\n    font-size: 10px;\n    color: #FFF;\n    padding: 2px 10px;\n    border-radius: 3px;\n}\n\n.recomendadorButtonFixed:after {\n    margin-top: -3px;\n    content: \"\u2192\";\n    padding: 0px 0px 0px 10px;\n}\n\n.recomendadorAlertFixed {\n    font-weight: 400;\n    text-align: center;\n    color: #484848;\n    font-size: 8px;\n}\n\n.recomendadorCloseFixed {\n    z-index: 99999;\n    display: none;\n    right: 0px;\n    left: inherit;\n    bottom: 99px;\n    position: fixed;\n    justify-content: center;\n    background: #F6F6F6;\n    width: 25px;\n    align-items: center;\n    height: 25px;\n    font-weight: 800;\n    border-radius: 50%;\n    border: 1px solid #EBEBEB;\n}\n\n.recomendadorV2Desc{\n    color: #000000;\n    margin: 20px 0px;\n}\n\n@media (max-width: 576px) {\n    .recomendadorV2Area {\n      padding: 10px;\n      max-width: 100%;\n    }\n  \n    .recomendadorV2Area1 img {\n      width: 100%;\n      border-radius: 6px;\n    }\n  \n    .recomendadorV2Area2 .recomendadorV2Type {\n      font-size: 9px;\n      letter-spacing: 1px;\n      margin: 8px 0;\n    }\n  \n    .recomendadorV2Title h2 {\n      font-size: 18px !important;\n      margin-bottom: 8px !important;\n      line-height: 1.2;\n    }\n  \n    .recomendadorV2Desc {\n      font-size: 14px;\n      margin: 8px 0 !important;\n      line-height: 1.4;\n    }\n  \n    .recomendadorV2Button {\n      font-size: 12px;\n      height: 30px;\n      padding: 0 12px;\n      max-width: 160px;\n    }\n  \n    .recomendadorV2Button:after {\n      padding-left: 6px;\n    }\n  }\n  <\/style>\n        <div class=\"lazyblock-recomendador-v2-2jDGz wp-block-lazyblock-recomendador-v2\">\n        <a class=\"linkrecomendadorv2\" href=\"https:\/\/diariodaregiao.com.br\/variedades\/a-mansao-de-anitta-com-15-mil-m\u00b2-chama-atencao-pelo-quarto-do-beijo-e-pela-linda-vista-para-as-montanhas\/?utm_source=lazy\" target=\"_blank\" rel=\"noopener\">\n            <div class=\"recomendadorV2Area\">\n            <div class=\"recomendadorV2Area1\">\n                <div class=\"recomendadorV2Img\">\n                <img class=\"lazyloaded\" decoding=\"async\" src=\"https:\/\/diariodaregiao.com.br\/variedades\/wp-content\/uploads\/2026\/02\/Captura-de-tela-2026-02-20-105625-750x375.jpg\" data-src=\"https:\/\/diariodaregiao.com.br\/variedades\/wp-content\/uploads\/2026\/02\/Captura-de-tela-2026-02-20-105625-750x375.jpg\" alt=\"\">\n                <\/div>\n            <\/div>\n            <div class=\"recomendadorV2Area2\">\n                <div class=\"recomendadorV2Type\">\n                    <span>Mans\u00e3o Anitta<\/span>\n                <\/div>\n                <div class=\"recomendadorV2Title\">\n                <h2><span>Luxo extremo \ud83c\udfe1<\/span><\/h2>\n                <\/div>\n                <div class=\"recomendadorV2Desc\">\n                <span>Casa impressiona com quarto do beijo<\/span>\n                <\/div>\n                <div class=\"recomendadorV2Button\">Ver detalhes<\/div>\n                <div class=\"recomendadorV2Alert\"><\/div>\n            <\/div>\n            <\/div>\n        <\/a>\n        <div>\n            <div style=\"z-index:99999;\" id=\"buttonClose\" onclick=\"closeRecomendadorFixed()\">\n            <div class=\"recomendadorCloseFixed\">X<\/div>\n            <\/div>\n            <a href=\"https:\/\/diariodaregiao.com.br\/variedades\/a-mansao-de-anitta-com-15-mil-m\u00b2-chama-atencao-pelo-quarto-do-beijo-e-pela-linda-vista-para-as-montanhas\/?utm_source=lazy\" target=\"_blank\" rel=\"noopener\">\n            <div class=\"recomendadorFixedArea\">\n                <div id=\"recomendadorFixed\">\n                <div class=\"recomendadorLeftArea\">\n                    <div class=\"recomendadorImgFixed\">\n                    <img class=\"lazyload\" decoding=\"async\" src=\"https:\/\/diariodaregiao.com.br\/variedades\/wp-content\/uploads\/2026\/02\/Captura-de-tela-2026-02-20-105625-750x375.jpg\" alt=\"\">\n                    <\/div>\n                <\/div>\n                <div class=\"recomendadorRightArea\">\n                    <div class=\"recomendadorTitleFixed\">\n                    <h2><span>Luxo extremo \ud83c\udfe1<\/span><\/h2>\n                    <\/div>\n                    <div class=\"recomendadorButtonFixed\">Ver detalhes<\/div>\n                    <div class=\"recomendadorAlertFixed\"><\/div>\n                <\/div>\n                <\/div>\n            <\/div>\n            <\/a>\n        <\/div>\n        <\/div>\n\n\n\n<p>O pr\u00e9dio ficar\u00e1 em frente ao rio Santa Catarina e sobre a avenida Constituci\u00f3n, assim garantindo conex\u00e3o com um dos principais corredores vi\u00e1rios de Monterrey. A inaugura\u00e7\u00e3o est\u00e1 prevista para acontecer este ano, antes da Copa do Mundo.<\/p>\n\n\n\n<h2 class=\"wp-block-heading\">Pr\u00e9dio ser\u00e1 o maior da Am\u00e9rica Latina<\/h2>\n\n\n\n<p>Conforme destacado anteriormente, a Torre Rise ser\u00e1 o segundo pr\u00e9dio mais alto da Am\u00e9rica Latina, superando a Torre Obispado, que possui 170 metros a menos.<\/p>\n\n\n\n<p>O novo empreendimento ser\u00e1 o segundo maior de todo o continente americano e ocupar\u00e1 a 13\u00aa posi\u00e7\u00e3o do ranking das torres mais altas do planeta. De fato, um projeto para l\u00e1 de ambicioso de autoria dos mexicanos.<\/p>\n","protected":false},"excerpt":{"rendered":"<p>O pr\u00e9dio mais alto de toda a Am\u00e9rica Latina est\u00e1 em constru\u00e7\u00e3o. Localizada no bairro Obispado, na cidade de Monterrey, no M\u00e9xico, a Torre Rise promete ser um colosso: ter\u00e1 nada menos que 408 metros, 96 andares e 22 pavimentos residenciais. O ambicioso projeto imobili\u00e1rio est\u00e1 sendo erguido sob padr\u00f5es internacionais de engenharia. Ser\u00e1 composto [&hellip;]<\/p>\n","protected":false},"author":14,"featured_media":15137,"comment_status":"open","ping_status":"open","sticky":false,"template":"","format":"standard","meta":{"jnews-multi-image_gallery":[],"jnews_single_post":{"format":"standard"},"jnews_primary_category":[],"jnews_social_meta":[],"jnews_post_split":[],"footnotes":""},"categories":[1],"tags":[],"class_list":["post-15136","post","type-post","status-publish","format-standard","has-post-thumbnail","hentry","category-variedades"],"_links":{"self":[{"href":"https:\/\/diariodaregiao.audiencelabs.com.br\/wp-json\/wp\/v2\/posts\/15136","targetHints":{"allow":["GET"]}}],"collection":[{"href":"https:\/\/diariodaregiao.audiencelabs.com.br\/wp-json\/wp\/v2\/posts"}],"about":[{"href":"https:\/\/diariodaregiao.audiencelabs.com.br\/wp-json\/wp\/v2\/types\/post"}],"author":[{"embeddable":true,"href":"https:\/\/diariodaregiao.audiencelabs.com.br\/wp-json\/wp\/v2\/users\/14"}],"replies":[{"embeddable":true,"href":"https:\/\/diariodaregiao.audiencelabs.com.br\/wp-json\/wp\/v2\/comments?post=15136"}],"version-history":[{"count":3,"href":"https:\/\/diariodaregiao.audiencelabs.com.br\/wp-json\/wp\/v2\/posts\/15136\/revisions"}],"predecessor-version":[{"id":23527,"href":"https:\/\/diariodaregiao.audiencelabs.com.br\/wp-json\/wp\/v2\/posts\/15136\/revisions\/23527"}],"wp:featuredmedia":[{"embeddable":true,"href":"https:\/\/diariodaregiao.audiencelabs.com.br\/wp-json\/wp\/v2\/media\/15137"}],"wp:attachment":[{"href":"https:\/\/diariodaregiao.audiencelabs.com.br\/wp-json\/wp\/v2\/media?parent=15136"}],"wp:term":[{"taxonomy":"category","embeddable":true,"href":"https:\/\/diariodaregiao.audiencelabs.com.br\/wp-json\/wp\/v2\/categories?post=15136"},{"taxonomy":"post_tag","embeddable":true,"href":"https:\/\/diariodaregiao.audiencelabs.com.br\/wp-json\/wp\/v2\/tags?post=15136"}],"curies":[{"name":"wp","href":"https:\/\/api.w.org\/{rel}","templated":true}]}}