{"id":15779,"date":"2026-04-25T07:38:47","date_gmt":"2026-04-25T10:38:47","guid":{"rendered":"https:\/\/diariodaregiao.audiencelabs.com.br\/?p=15779"},"modified":"2026-04-22T15:24:24","modified_gmt":"2026-04-22T18:24:24","slug":"a-mansao-de-anitta-com-15-mil-m%c2%b2-chama-atencao-pelo-quarto-do-beijo-e-pela-linda-vista-para-as-montanhas","status":"publish","type":"post","link":"https:\/\/diariodaregiao.audiencelabs.com.br\/a-mansao-de-anitta-com-15-mil-m%c2%b2-chama-atencao-pelo-quarto-do-beijo-e-pela-linda-vista-para-as-montanhas\/","title":{"rendered":"A mans\u00e3o de Anitta com 1,5 mil m\u00b2 chama aten\u00e7\u00e3o pelo quarto do beijo e pela linda vista para as montanhas"},"content":{"rendered":"\n<p>A mans\u00e3o de Anitta, localizada no Rio de Janeiro, possui 1,5 mil m\u00b2 e combina luxo com espiritualidade. Com um design que lembra Mykonos, a casa apresenta caracter\u00edsticas \u00fanicas, como um &#8220;quarto do beijo&#8221; e uma vista deslumbrante para as montanhas.&nbsp;<\/p>\n\n\n\n<p>A entrada da mans\u00e3o foi idealizada para transmitir uma sensa\u00e7\u00e3o de amplitude, semelhante a uma galeria de arte. Um grande quadro na entrada homenageia as ra\u00edzes da cantora e o futuro representado pelas crian\u00e7as.<\/p>\n\n\n\n<p>O hall \u00e9 decorado com um cristal gigante e pedras naturais, que t\u00eam a fun\u00e7\u00e3o de energizar e proteger o ambiente. A decora\u00e7\u00e3o tamb\u00e9m valoriza a cultura brasileira, com vasos de cer\u00e2mica trazidos de Trancoso.<\/p>\n\n\n\n<h2 class=\"wp-block-heading\">Mans\u00e3o de Anitta<\/h2>\n\n\n\n<figure class=\"wp-block-gallery has-nested-images columns-default is-cropped wp-block-gallery-1 is-layout-flex wp-block-gallery-is-layout-flex\">\n<figure class=\"wp-block-image size-large\"><img loading=\"lazy\" decoding=\"async\" width=\"899\" height=\"600\" data-id=\"15780\" src=\"https:\/\/diariodaregiao.audiencelabs.com.br\/wp-content\/uploads\/2026\/02\/Captura-de-tela-2026-02-20-105727.png\" alt=\"\" class=\"wp-image-15780\" srcset=\"https:\/\/diariodaregiao.audiencelabs.com.br\/wp-content\/uploads\/2026\/02\/Captura-de-tela-2026-02-20-105727.png 899w, https:\/\/diariodaregiao.audiencelabs.com.br\/wp-content\/uploads\/2026\/02\/Captura-de-tela-2026-02-20-105727-300x200.png 300w, https:\/\/diariodaregiao.audiencelabs.com.br\/wp-content\/uploads\/2026\/02\/Captura-de-tela-2026-02-20-105727-768x513.png 768w, https:\/\/diariodaregiao.audiencelabs.com.br\/wp-content\/uploads\/2026\/02\/Captura-de-tela-2026-02-20-105727-750x501.png 750w\" sizes=\"auto, (max-width: 899px) 100vw, 899px\" \/><figcaption class=\"wp-element-caption\">Cr\u00e9ditos: Youtube \/ @CasaVogueBrasil<\/figcaption><\/figure>\n<\/figure>\n\n\n\n<h2 class=\"wp-block-heading\">Elementos tem\u00e1ticos<\/h2>\n\n\n\n<p>A sala de jantar conta com uma mesa feita sob medida para receber a grande fam\u00edlia de Anitta. Um lustre inspirado em Omulu, o Orix\u00e1 da cura, traz um toque especial ao ambiente. A sala de estar possui um cantinho relaxante, adornado com uma escultura de pescador, enquanto a antiga adega foi transformada em um lavabo, aumentando a comodidade para as visitas.<\/p>\n\n\n\n<p>O quarto principal \u00e9 um santu\u00e1rio zen, projetado para oferecer acolhimento e prote\u00e7\u00e3o. A cama, posicionada quase no n\u00edvel do ch\u00e3o, cria uma atmosfera de templo pessoal. Cristais est\u00e3o espalhados pelo ambiente, refor\u00e7ando a busca pela espiritualidade. A decora\u00e7\u00e3o inclui uma pintura de uma artista brasileira que aborda as lutas das mulheres na sociedade.<\/p>\n\n\n\n<p>A mans\u00e3o de Anitta inclui uma ampla sala de TV, que se tornou o ponto de encontro da fam\u00edlia e dos pets. As aberturas circulares nas paredes permitem a circula\u00e7\u00e3o de energia, conectando os ambientes. A decora\u00e7\u00e3o mistura elementos m\u00edsticos, como imagens de Buda e Orix\u00e1s, refletindo a diversidade de cren\u00e7as e a espiritualidade da artista.<\/p>\n","protected":false},"excerpt":{"rendered":"<p>A mans\u00e3o de Anitta, localizada no Rio de Janeiro, possui 1,5 mil m\u00b2 e combina luxo com espiritualidade. Com um design que lembra Mykonos, a casa apresenta caracter\u00edsticas \u00fanicas, como um &#8220;quarto do beijo&#8221; e uma vista deslumbrante para as montanhas.&nbsp; A entrada da mans\u00e3o foi idealizada para transmitir uma sensa\u00e7\u00e3o de amplitude, semelhante a [&hellip;]<\/p>\n","protected":false},"author":4,"featured_media":15781,"comment_status":"open","ping_status":"open","sticky":false,"template":"","format":"standard","meta":{"jnews-multi-image_gallery":[],"jnews_single_post":{"format":"standard"},"jnews_primary_category":[],"jnews_social_meta":[],"jnews_post_split":[],"footnotes":""},"categories":[1],"tags":[],"class_list":["post-15779","post","type-post","status-publish","format-standard","has-post-thumbnail","hentry","category-variedades"],"_links":{"self":[{"href":"https:\/\/diariodaregiao.audiencelabs.com.br\/wp-json\/wp\/v2\/posts\/15779","targetHints":{"allow":["GET"]}}],"collection":[{"href":"https:\/\/diariodaregiao.audiencelabs.com.br\/wp-json\/wp\/v2\/posts"}],"about":[{"href":"https:\/\/diariodaregiao.audiencelabs.com.br\/wp-json\/wp\/v2\/types\/post"}],"author":[{"embeddable":true,"href":"https:\/\/diariodaregiao.audiencelabs.com.br\/wp-json\/wp\/v2\/users\/4"}],"replies":[{"embeddable":true,"href":"https:\/\/diariodaregiao.audiencelabs.com.br\/wp-json\/wp\/v2\/comments?post=15779"}],"version-history":[{"count":2,"href":"https:\/\/diariodaregiao.audiencelabs.com.br\/wp-json\/wp\/v2\/posts\/15779\/revisions"}],"predecessor-version":[{"id":23146,"href":"https:\/\/diariodaregiao.audiencelabs.com.br\/wp-json\/wp\/v2\/posts\/15779\/revisions\/23146"}],"wp:featuredmedia":[{"embeddable":true,"href":"https:\/\/diariodaregiao.audiencelabs.com.br\/wp-json\/wp\/v2\/media\/15781"}],"wp:attachment":[{"href":"https:\/\/diariodaregiao.audiencelabs.com.br\/wp-json\/wp\/v2\/media?parent=15779"}],"wp:term":[{"taxonomy":"category","embeddable":true,"href":"https:\/\/diariodaregiao.audiencelabs.com.br\/wp-json\/wp\/v2\/categories?post=15779"},{"taxonomy":"post_tag","embeddable":true,"href":"https:\/\/diariodaregiao.audiencelabs.com.br\/wp-json\/wp\/v2\/tags?post=15779"}],"curies":[{"name":"wp","href":"https:\/\/api.w.org\/{rel}","templated":true}]}}