{"id":1648,"date":"2025-11-16T10:40:00","date_gmt":"2025-11-16T13:40:00","guid":{"rendered":"https:\/\/diariodaregiao.audiencelabs.com.br\/?p=1648"},"modified":"2025-11-13T19:10:06","modified_gmt":"2025-11-13T22:10:06","slug":"cientistas-estao-curiosos-com-estatua-humanoide-de-12-mil-anos-achada-no-meio-de-parede","status":"publish","type":"post","link":"https:\/\/diariodaregiao.audiencelabs.com.br\/cientistas-estao-curiosos-com-estatua-humanoide-de-12-mil-anos-achada-no-meio-de-parede\/","title":{"rendered":"Cientistas est\u00e3o curiosos com est\u00e1tua humanoide de 12 mil anos achada no meio de parede"},"content":{"rendered":"\n<p>Arque\u00f3logos revelaram uma est\u00e1tua humanoide de 12 mil anos incrustada em uma parede de pedra em G\u00f6beklitepe, na Turquia. Essa pe\u00e7a, encontrada durante restaura\u00e7\u00f5es, desafia conhecimentos sobre rituais neol\u00edticos. <\/p>\n\n\n\n<p>O achado, posicionado horizontalmente, sugere oferendas votivas em santu\u00e1rios antigos. Essa \u00e9 a primeira est\u00e1tua humana descoberta no local, embora similares existam em s\u00edtios pr\u00f3ximos como Karahantepe. <\/p>\n\n\n\n<p>Especialistas veem nela pistas sobre cren\u00e7as ancestrais, ligadas a mitos e pr\u00e1ticas comunit\u00e1rias. O ministro turco Mehmet Nuri Ersoy destaca seu papel em iluminar rituais do Neol\u00edtico.<\/p>\n\n\n\n<figure class=\"wp-block-image size-large\"><img loading=\"lazy\" decoding=\"async\" width=\"1024\" height=\"680\" src=\"https:\/\/diariodaregiao.audiencelabs.com.br\/wp-content\/uploads\/2025\/11\/1626px-Gobekli_Tepe_Urfa-1024x680.jpg\" alt=\"\" class=\"wp-image-1657\" srcset=\"https:\/\/diariodaregiao.audiencelabs.com.br\/wp-content\/uploads\/2025\/11\/1626px-Gobekli_Tepe_Urfa-1024x680.jpg 1024w, https:\/\/diariodaregiao.audiencelabs.com.br\/wp-content\/uploads\/2025\/11\/1626px-Gobekli_Tepe_Urfa-300x199.jpg 300w, https:\/\/diariodaregiao.audiencelabs.com.br\/wp-content\/uploads\/2025\/11\/1626px-Gobekli_Tepe_Urfa-768x510.jpg 768w, https:\/\/diariodaregiao.audiencelabs.com.br\/wp-content\/uploads\/2025\/11\/1626px-Gobekli_Tepe_Urfa-1536x1020.jpg 1536w, https:\/\/diariodaregiao.audiencelabs.com.br\/wp-content\/uploads\/2025\/11\/1626px-Gobekli_Tepe_Urfa-750x498.jpg 750w, https:\/\/diariodaregiao.audiencelabs.com.br\/wp-content\/uploads\/2025\/11\/1626px-Gobekli_Tepe_Urfa-1140x757.jpg 1140w, https:\/\/diariodaregiao.audiencelabs.com.br\/wp-content\/uploads\/2025\/11\/1626px-Gobekli_Tepe_Urfa.jpg 1626w\" sizes=\"auto, (max-width: 1024px) 100vw, 1024px\" \/><figcaption class=\"wp-element-caption\">Cr\u00e9ditos: Reprodu\u00e7\u00e3o Wikip\u00e9dia<\/figcaption><\/figure>\n\n\n\n<p>G\u00f6beklitepe, Patrim\u00f4nio da Unesco, antecede monumentos como Stonehenge e pir\u00e2mides eg\u00edpcias. Suas estruturas circulares com pilares em &#8220;T&#8221; exibem animais esculpidos, simbolizando narrativas sagradas. <\/p>\n\n\n\n<h4 class=\"wp-block-heading\">Significado Cultural e Hist\u00f3rico da Pe\u00e7a<\/h4>\n\n\n<style>@media (min-width: 992px) {\n    .recomendadorV2Area1 {\n        width: 280px;\n    }\n    .recomendadorV2Area2 {\n        padding: 0px 20px;\n        width: calc(100% - 280px);\n    }\n}\n\n@media (max-width: 992px) {\n    .recomendadorV2Button {\n        margin: 0 auto;\n    }\n    .recomendadorV2Area {\n        flex-direction: column;\n        text-align: center;\n    }\n    .recomendadorV2Area2 {\n        padding: 0px 20px;\n    }\n}\n\n.recomendadorV2Area {\n    background: #eeeeee3d;\n    border-radius: 10px;\n    padding: 15px;\n    display: flex;\n    margin: 15px auto;\n    border: 1px solid #00000014;\n    max-width: 800px;\n}\n\n.recomendadorV2Area1 img {\n    width: 280px;\n    height: auto;\n    border-radius: 8px;\n}\n\n.linkrecomendadorv2 {\n    text-decoration: none !important;\n}\n\n.recomendadorV2Area2 .recomendadorV2Type {\n    text-transform: uppercase;\n    font-weight: 500;\n    font-size: 11px;\n    letter-spacing: 2px;\n    color: #666;\n    margin: 12px 0;\n    display: block;\n}\n\n.recomendadorV2Title h2 {\n    padding-top: 0px !important;\n    margin: 0px !important;\n    border-left: none !important;\n    padding-left: 0px !important;\n    line-height: 1.3;\n    color: #000 !important;\n    font-size: 24px;\n    margin-bottom: 12px !important;\n}\n\n.recomendadorV2Desc {\n    color: #333;\n    margin: 12px 0px !important;\n    font-size: 15px;\n    line-height: 1.5;\n}\n\n.recomendadorV2Button {\n    width: auto;\n    max-width: 200px;\n    margin: 0;\n    display: inline-flex;\n    align-items: center;\n    background: #1D3557;\n    border-radius: 8px;\n    color: #fff;\n    height: 36px;\n    justify-content: center;\n    text-align: center;\n    font-size: 14px;\n    padding: 0 20px;\n    transition: background-color 0.2s ease;\n}\n\n.recomendadorV2Button:hover {\n    background: #2a4d7a;\n}\n\n.recomendadorV2Button:after {\n    margin-top: -2px;\n    content: \"\u2192\";\n    padding: 0px 0px 0px 8px;\n}\n\n.recomendadorV2Alert {\n    text-align: left;\n    font-size: 11px;\n    margin-top: 8px;\n    color: #666;\n}\n\n.recomendadorFixedArea {\n    width: 100%;\n    display: flex;\n    justify-content: center;\n    align-items: center;\n}\n\n@media (min-width: 992px) {\n    #recomendadorFixed {\n        width: 32% !important;\n        left: 5%;\n    }\n    .recomendadorCloseFixed{\n        right: inherit !important;\n        left: 378px !important;\n    }\n}\n\n#recomendadorFixed {\n    width: 90%;\n    box-shadow: 0 10px 20px 0px #00000057;\n    display: none;\n    height: 90px;\n    background: #F6F6F6;\n    position: fixed;\n    flex-direction: row;\n    bottom: 10px;\n    z-index: 9999;\n    border-radius: 16px;\n    padding: 7px 10px;\n}\n\n.recomendadorLeftArea {\n    width: 160px;\n}\n\n.recomendadorRightArea h2 {\n    padding-top: 0px;\n    margin: 2px 0px 4px 0px !important;\n    font-weight: 400;\n    text-align: center;\n    padding-left: 0px !important;\n    color: #000 !important;\n    border-left: none !important;\n    line-height: 20px;\n    font-size: 12px !important;\n}\n\n.recomendadorImgFixed {\n    overflow: hidden;\n    padding: 8px 6px;\n    height: 100%;\n}\n\n.recomendadorImgFixed img {\n    height: 100% !important;\n    border-radius: 16px;\n}\n\n.recomendadorRightArea {\n    padding-top: 6px;\n    display: flex;\n    width: calc(100% - 130px);\n    justify-content: space-between;\n    align-items: center;\n    flex-direction: column;\n}\n\n.recomendadorButtonFixed {\n    margin: 0 auto;\n    background: #1D3557;\n    width: 80%;\n    text-align: center;\n    font-size: 10px;\n    color: #FFF;\n    padding: 2px 10px;\n    border-radius: 3px;\n}\n\n.recomendadorButtonFixed:after {\n    margin-top: -3px;\n    content: \"\u2192\";\n    padding: 0px 0px 0px 10px;\n}\n\n.recomendadorAlertFixed {\n    font-weight: 400;\n    text-align: center;\n    color: #484848;\n    font-size: 8px;\n}\n\n.recomendadorCloseFixed {\n    z-index: 99999;\n    display: none;\n    right: 0px;\n    left: inherit;\n    bottom: 99px;\n    position: fixed;\n    justify-content: center;\n    background: #F6F6F6;\n    width: 25px;\n    align-items: center;\n    height: 25px;\n    font-weight: 800;\n    border-radius: 50%;\n    border: 1px solid #EBEBEB;\n}\n\n.recomendadorV2Desc{\n    color: #000000;\n    margin: 20px 0px;\n}\n\n@media (max-width: 576px) {\n    .recomendadorV2Area {\n      padding: 10px;\n      max-width: 100%;\n    }\n  \n    .recomendadorV2Area1 img {\n      width: 100%;\n      border-radius: 6px;\n    }\n  \n    .recomendadorV2Area2 .recomendadorV2Type {\n      font-size: 9px;\n      letter-spacing: 1px;\n      margin: 8px 0;\n    }\n  \n    .recomendadorV2Title h2 {\n      font-size: 18px !important;\n      margin-bottom: 8px !important;\n      line-height: 1.2;\n    }\n  \n    .recomendadorV2Desc {\n      font-size: 14px;\n      margin: 8px 0 !important;\n      line-height: 1.4;\n    }\n  \n    .recomendadorV2Button {\n      font-size: 12px;\n      height: 30px;\n      padding: 0 12px;\n      max-width: 160px;\n    }\n  \n    .recomendadorV2Button:after {\n      padding-left: 6px;\n    }\n  }\n  <\/style>\n        <div class=\"lazyblock-recomendador-v2-2jDGz wp-block-lazyblock-recomendador-v2\">\n        <a class=\"linkrecomendadorv2\" href=\"https:\/\/diariodaregiao.com.br\/variedades\/planta-que-produz-minerio-mais-caro-que-ouro-vira-opcao-para-o-seu-jardim\/?utm_source=lazy\" target=\"_blank\" rel=\"noopener\">\n            <div class=\"recomendadorV2Area\">\n            <div class=\"recomendadorV2Area1\">\n                <div class=\"recomendadorV2Img\">\n                <img class=\"lazyloaded\" decoding=\"async\" src=\"https:\/\/diariodaregiao.audiencelabs.com.br\/wp-content\/uploads\/2025\/11\/vista-frontal-de-plantas-em-crescimento_11zon-scaled.jpg\" data-src=\"https:\/\/diariodaregiao.audiencelabs.com.br\/wp-content\/uploads\/2025\/11\/vista-frontal-de-plantas-em-crescimento_11zon-scaled.jpg\" alt=\"\">\n                <\/div>\n            <\/div>\n            <div class=\"recomendadorV2Area2\">\n                <div class=\"recomendadorV2Type\">\n                    <span>Planta Rara<\/span>\n                <\/div>\n                <div class=\"recomendadorV2Title\">\n                <h2><span>Mineral Valioso \ud83c\udf3f<\/span><\/h2>\n                <\/div>\n                <div class=\"recomendadorV2Desc\">\n                <span>Planta que produz min\u00e9rio mais caro que ouro<\/span>\n                <\/div>\n                <div class=\"recomendadorV2Button\">Descubra J\u00e1<\/div>\n                <div class=\"recomendadorV2Alert\"><\/div>\n            <\/div>\n            <\/div>\n        <\/a>\n        <div>\n            <div style=\"z-index:99999;\" id=\"buttonClose\" onclick=\"closeRecomendadorFixed()\">\n            <div class=\"recomendadorCloseFixed\">X<\/div>\n            <\/div>\n            <a href=\"https:\/\/diariodaregiao.com.br\/variedades\/planta-que-produz-minerio-mais-caro-que-ouro-vira-opcao-para-o-seu-jardim\/?utm_source=lazy\" target=\"_blank\" rel=\"noopener\">\n            <div class=\"recomendadorFixedArea\">\n                <div id=\"recomendadorFixed\">\n                <div class=\"recomendadorLeftArea\">\n                    <div class=\"recomendadorImgFixed\">\n                    <img class=\"lazyload\" decoding=\"async\" src=\"https:\/\/diariodaregiao.audiencelabs.com.br\/wp-content\/uploads\/2025\/11\/vista-frontal-de-plantas-em-crescimento_11zon-scaled.jpg\" alt=\"\">\n                    <\/div>\n                <\/div>\n                <div class=\"recomendadorRightArea\">\n                    <div class=\"recomendadorTitleFixed\">\n                    <h2><span>Mineral Valioso \ud83c\udf3f<\/span><\/h2>\n                    <\/div>\n                    <div class=\"recomendadorButtonFixed\">Descubra J\u00e1<\/div>\n                    <div class=\"recomendadorAlertFixed\"><\/div>\n                <\/div>\n                <\/div>\n            <\/div>\n            <\/a>\n        <\/div>\n        <\/div>\n\n\n\n<p>A est\u00e1tua representa uma figura humana real, integrada \u00e0 arquitetura sagrada. Pesquisadores acreditam que ela foi deliberadamente colocada como base de parede, indicando rituais complexos. <\/p>\n\n\n\n<p>Essa descoberta amplia o entendimento sobre sociedades pr\u00e9-hist\u00f3ricas no Oriente M\u00e9dio. No contexto neol\u00edtico, tais oferendas votivas eram comuns para honrar deuses ou ancestrais. G\u00f6beklitepe, com suas esculturas de raposas e serpentes, revela uma cultura rica em simbolismo. <\/p>\n\n\n\n<p>A pe\u00e7a humana adiciona uma dimens\u00e3o antropom\u00f3rfica aos mitos locais. Especialistas est\u00e3o ansiosos para analisar a est\u00e1tua, que pode revelar t\u00e9cnicas de escultura antigas. Sua posi\u00e7\u00e3o horizontal sugere planejamento arquitet\u00f4nico avan\u00e7ado. <\/p>\n\n\n\n<h4 class=\"wp-block-heading\">Preserva\u00e7\u00e3o e Futuro do S\u00edtio Arqueol\u00f3gico<\/h4>\n\n\n\n<p>O Projeto Legado para o Futuro estabiliza G\u00f6beklitepe com materiais aut\u00eanticos, como argamassa com pelo de cabra. Pilares de toneladas foram reerguidos, e oliveiras relocadas para proteger o entorno. Essas a\u00e7\u00f5es garantem a integridade do santu\u00e1rio mais antigo do mundo.<\/p>\n\n\n\n<p>At\u00e9 o fim de 2025, um centro de visitantes e trilhas ser\u00e3o inaugurados, atraindo turistas globalmente. O ministro Ersoy enfatiza sustentabilidade, equilibrando acesso p\u00fablico e conserva\u00e7\u00e3o. Isso preserva o legado para gera\u00e7\u00f5es futuras.<\/p>\n","protected":false},"excerpt":{"rendered":"<p>Arque\u00f3logos revelaram uma est\u00e1tua humanoide de 12 mil anos incrustada em uma parede de pedra em G\u00f6beklitepe, na Turquia. Essa pe\u00e7a, encontrada durante restaura\u00e7\u00f5es, desafia conhecimentos sobre rituais neol\u00edticos. O achado, posicionado horizontalmente, sugere oferendas votivas em santu\u00e1rios antigos. Essa \u00e9 a primeira est\u00e1tua humana descoberta no local, embora similares existam em s\u00edtios pr\u00f3ximos como [&hellip;]<\/p>\n","protected":false},"author":5,"featured_media":0,"comment_status":"open","ping_status":"open","sticky":false,"template":"","format":"standard","meta":{"jnews-multi-image_gallery":[],"jnews_single_post":{"format":"standard"},"jnews_primary_category":[],"jnews_social_meta":[],"jnews_post_split":[],"footnotes":""},"categories":[1],"tags":[],"class_list":["post-1648","post","type-post","status-publish","format-standard","hentry","category-variedades"],"_links":{"self":[{"href":"https:\/\/diariodaregiao.audiencelabs.com.br\/wp-json\/wp\/v2\/posts\/1648","targetHints":{"allow":["GET"]}}],"collection":[{"href":"https:\/\/diariodaregiao.audiencelabs.com.br\/wp-json\/wp\/v2\/posts"}],"about":[{"href":"https:\/\/diariodaregiao.audiencelabs.com.br\/wp-json\/wp\/v2\/types\/post"}],"author":[{"embeddable":true,"href":"https:\/\/diariodaregiao.audiencelabs.com.br\/wp-json\/wp\/v2\/users\/5"}],"replies":[{"embeddable":true,"href":"https:\/\/diariodaregiao.audiencelabs.com.br\/wp-json\/wp\/v2\/comments?post=1648"}],"version-history":[{"count":6,"href":"https:\/\/diariodaregiao.audiencelabs.com.br\/wp-json\/wp\/v2\/posts\/1648\/revisions"}],"predecessor-version":[{"id":1975,"href":"https:\/\/diariodaregiao.audiencelabs.com.br\/wp-json\/wp\/v2\/posts\/1648\/revisions\/1975"}],"wp:attachment":[{"href":"https:\/\/diariodaregiao.audiencelabs.com.br\/wp-json\/wp\/v2\/media?parent=1648"}],"wp:term":[{"taxonomy":"category","embeddable":true,"href":"https:\/\/diariodaregiao.audiencelabs.com.br\/wp-json\/wp\/v2\/categories?post=1648"},{"taxonomy":"post_tag","embeddable":true,"href":"https:\/\/diariodaregiao.audiencelabs.com.br\/wp-json\/wp\/v2\/tags?post=1648"}],"curies":[{"name":"wp","href":"https:\/\/api.w.org\/{rel}","templated":true}]}}