{"id":16513,"date":"2026-05-01T12:20:03","date_gmt":"2026-05-01T15:20:03","guid":{"rendered":"https:\/\/diariodaregiao.audiencelabs.com.br\/?p=16513"},"modified":"2026-04-27T09:29:27","modified_gmt":"2026-04-27T12:29:27","slug":"elon-musk-deixa-marte-de-lado-e-agora-quer-colonizar-a-lua","status":"publish","type":"post","link":"https:\/\/diariodaregiao.audiencelabs.com.br\/elon-musk-deixa-marte-de-lado-e-agora-quer-colonizar-a-lua\/","title":{"rendered":"Elon Musk deixa Marte de lado e agora quer colonizar a Lua"},"content":{"rendered":"\n<p>Os anseios de um bilion\u00e1rio, assim como o de pessoas que ganham muito menos, seguem um mesmo padr\u00e3o: nem sempre continuam iguais. O empres\u00e1rio Elon Musk, por exemplo, possui v\u00e1rios sonhos capazes de mudar com o passar do tempo. Recentemente, ele comentou sobre um.<\/p>\n\n\n\n<p>O dono da SpaceX, da Starlink e do X utilizou a rede social para comunicar que houve uma altera\u00e7\u00e3o nos esfor\u00e7os. Elon Musk teria falado anteriormente sobre colonizar e construir uma cidade no planeta mais pr\u00f3xima da Terra, Marte. No dia 08 de fevereiro, por\u00e9m, o alvo se tornou a Lua e com novidade.<\/p>\n\n\n\n<p>Elon Musk n\u00e3o s\u00f3 revelou que a prioridade \u00e9 construir uma cidade na Lua, como explicou que gostaria de uma com \u201ccrescimento pr\u00f3prio\u201d. O empres\u00e1rio complementou o an\u00fancio com uma proje\u00e7\u00e3o otimista. Acredita que \u00e9 poss\u00edvel alcan\u00e7ar o sucesso na \u201cmiss\u00e3o\u201d em uma d\u00e9cada. Para Marte, a previs\u00e3o era de 20 anos.<\/p>\n\n\n<div class=\"wp-block-image\">\n<figure class=\"aligncenter size-large\"><img loading=\"lazy\" decoding=\"async\" width=\"1024\" height=\"576\" src=\"https:\/\/diariodaregiao.audiencelabs.com.br\/wp-content\/uploads\/2026\/02\/Lua-1024x576.webp\" alt=\"\" class=\"wp-image-16515\" srcset=\"https:\/\/diariodaregiao.audiencelabs.com.br\/wp-content\/uploads\/2026\/02\/Lua-1024x576.webp 1024w, https:\/\/diariodaregiao.audiencelabs.com.br\/wp-content\/uploads\/2026\/02\/Lua-300x169.webp 300w, https:\/\/diariodaregiao.audiencelabs.com.br\/wp-content\/uploads\/2026\/02\/Lua-768x432.webp 768w, https:\/\/diariodaregiao.audiencelabs.com.br\/wp-content\/uploads\/2026\/02\/Lua-750x422.webp 750w, https:\/\/diariodaregiao.audiencelabs.com.br\/wp-content\/uploads\/2026\/02\/Lua.webp 1080w\" sizes=\"auto, (max-width: 1024px) 100vw, 1024px\" \/><figcaption class=\"wp-element-caption\">Cr\u00e9ditos: SpaceX para New York Times<\/figcaption><\/figure>\n<\/div>\n\n\n<h2 class=\"wp-block-heading\">Adeus, Marte e foco na Lua?<\/h2>\n\n\n\n<p>Pelo visto, n\u00e3o. A reportagem da CNN entrou em contato com Elon Musk depois do an\u00fancio para entender melhor os novos passos. O empres\u00e1rio n\u00e3o descartou os investimentos em Marte. De acordo com o pr\u00f3prio, os trabalhos tendem a come\u00e7ar em cerca de cinco ou sete anos.<\/p>\n\n\n\n<p>O empres\u00e1rio, h\u00e1 anos, deixa claro a ambi\u00e7\u00e3o de colonizar Marte e levar a vida humana para um novo estilo de conviv\u00eancia. Elon Musk pensa que \u00e9 uma alternativa vi\u00e1vel para o caso de um poss\u00edvel apocalipse. Seja por conta de guerras ou pandemias.<\/p>\n\n\n\n<p>N\u00e3o \u00e9 o mesmo pensamento da NASA. A empresa estadunidense continua com o foco em estudos e pesquisas na superf\u00edcie da Lua. O presidente do pa\u00eds, Donald Trump, tem o interesse de enviar os astronautas novamente ao lugar e mostrar o poder espacial estadunidense.<\/p>\n","protected":false},"excerpt":{"rendered":"<p>Dono da SpaceX e da Satarlink utilizou a rede social X para comunicar a mudan\u00e7a e anunciar o projeto inovador<\/p>\n","protected":false},"author":2,"featured_media":16514,"comment_status":"open","ping_status":"open","sticky":false,"template":"","format":"standard","meta":{"jnews-multi-image_gallery":[],"jnews_single_post":{"format":"standard"},"jnews_primary_category":[],"jnews_social_meta":[],"jnews_post_split":[],"footnotes":""},"categories":[1],"tags":[],"class_list":["post-16513","post","type-post","status-publish","format-standard","has-post-thumbnail","hentry","category-variedades"],"_links":{"self":[{"href":"https:\/\/diariodaregiao.audiencelabs.com.br\/wp-json\/wp\/v2\/posts\/16513","targetHints":{"allow":["GET"]}}],"collection":[{"href":"https:\/\/diariodaregiao.audiencelabs.com.br\/wp-json\/wp\/v2\/posts"}],"about":[{"href":"https:\/\/diariodaregiao.audiencelabs.com.br\/wp-json\/wp\/v2\/types\/post"}],"author":[{"embeddable":true,"href":"https:\/\/diariodaregiao.audiencelabs.com.br\/wp-json\/wp\/v2\/users\/2"}],"replies":[{"embeddable":true,"href":"https:\/\/diariodaregiao.audiencelabs.com.br\/wp-json\/wp\/v2\/comments?post=16513"}],"version-history":[{"count":2,"href":"https:\/\/diariodaregiao.audiencelabs.com.br\/wp-json\/wp\/v2\/posts\/16513\/revisions"}],"predecessor-version":[{"id":16517,"href":"https:\/\/diariodaregiao.audiencelabs.com.br\/wp-json\/wp\/v2\/posts\/16513\/revisions\/16517"}],"wp:featuredmedia":[{"embeddable":true,"href":"https:\/\/diariodaregiao.audiencelabs.com.br\/wp-json\/wp\/v2\/media\/16514"}],"wp:attachment":[{"href":"https:\/\/diariodaregiao.audiencelabs.com.br\/wp-json\/wp\/v2\/media?parent=16513"}],"wp:term":[{"taxonomy":"category","embeddable":true,"href":"https:\/\/diariodaregiao.audiencelabs.com.br\/wp-json\/wp\/v2\/categories?post=16513"},{"taxonomy":"post_tag","embeddable":true,"href":"https:\/\/diariodaregiao.audiencelabs.com.br\/wp-json\/wp\/v2\/tags?post=16513"}],"curies":[{"name":"wp","href":"https:\/\/api.w.org\/{rel}","templated":true}]}}