{"id":17064,"date":"2026-03-07T04:30:00","date_gmt":"2026-03-07T07:30:00","guid":{"rendered":"https:\/\/diariodaregiao.audiencelabs.com.br\/?p=17064"},"modified":"2026-03-05T16:16:06","modified_gmt":"2026-03-05T19:16:06","slug":"segundo-a-psicologia-o-que-significa-andar-com-as-maos-para-tras-das-costas","status":"publish","type":"post","link":"https:\/\/diariodaregiao.audiencelabs.com.br\/segundo-a-psicologia-o-que-significa-andar-com-as-maos-para-tras-das-costas\/","title":{"rendered":"Segundo a psicologia, o que significa andar com as m\u00e3os para tr\u00e1s das costas"},"content":{"rendered":"\n<p>A linguagem corporal \u00e9 uma forma de comunica\u00e7\u00e3o que reflete nossas emo\u00e7\u00f5es e atitudes. Um gesto comum, mas muitas vezes ignorado, \u00e9 o ato de andar com as m\u00e3os entrela\u00e7adas atr\u00e1s das costas. Esse comportamento pode transmitir uma variedade de significados, de acordo com a psicologia, e oferece insights sobre o estado emocional da pessoa.<\/p>\n\n\n\n<p>Caminhar com as m\u00e3os nas costas \u00e9 um gesto que pode parecer simples, mas carrega significados profundos. Especialistas em comunica\u00e7\u00e3o n\u00e3o verbal afirmam que essa postura est\u00e1 frequentemente relacionada \u00e0 introspec\u00e7\u00e3o e \u00e0 concentra\u00e7\u00e3o.<\/p>\n\n\n\n<p>Quando uma pessoa adota essa posi\u00e7\u00e3o, ela pode estar se dedicando a um pensamento profundo ou refletindo sobre algo importante. Assim, esse gesto n\u00e3o \u00e9 apenas um h\u00e1bito, mas uma express\u00e3o do estado interno do indiv\u00edduo.<\/p>\n\n\n\n<figure class=\"wp-block-gallery has-nested-images columns-default is-cropped wp-block-gallery-1 is-layout-flex wp-block-gallery-is-layout-flex\">\n<figure class=\"wp-block-image size-large\"><img loading=\"lazy\" decoding=\"async\" width=\"900\" height=\"600\" data-id=\"17065\" src=\"https:\/\/diariodaregiao.audiencelabs.com.br\/wp-content\/uploads\/2026\/02\/2131011-maos-atras-das-costas-do-homem-gratis-foto.jpg\" alt=\"\" class=\"wp-image-17065\" srcset=\"https:\/\/diariodaregiao.audiencelabs.com.br\/wp-content\/uploads\/2026\/02\/2131011-maos-atras-das-costas-do-homem-gratis-foto.jpg 900w, https:\/\/diariodaregiao.audiencelabs.com.br\/wp-content\/uploads\/2026\/02\/2131011-maos-atras-das-costas-do-homem-gratis-foto-300x200.jpg 300w, https:\/\/diariodaregiao.audiencelabs.com.br\/wp-content\/uploads\/2026\/02\/2131011-maos-atras-das-costas-do-homem-gratis-foto-768x512.jpg 768w, https:\/\/diariodaregiao.audiencelabs.com.br\/wp-content\/uploads\/2026\/02\/2131011-maos-atras-das-costas-do-homem-gratis-foto-750x500.jpg 750w\" sizes=\"auto, (max-width: 900px) 100vw, 900px\" \/><figcaption class=\"wp-element-caption\">Cr\u00e9ditos: iStock<\/figcaption><\/figure>\n<\/figure>\n\n\n\n<h2 class=\"wp-block-heading\">Reflex\u00e3o e clareza mental<\/h2>\n\n\n\n<p>Um dos principais significados desse gesto \u00e9 a busca por clareza mental. Ao manter as m\u00e3os afastadas da vis\u00e3o, a pessoa pode facilitar a concentra\u00e7\u00e3o e o processamento de ideias. Essa postura tamb\u00e9m \u00e9 vista como um sinal de serenidade, permitindo que a mente organize pensamentos sem distra\u00e7\u00f5es externas.<\/p>\n\n\n\n<p>Por isso, \u00e9 comum observar esse comportamento em situa\u00e7\u00f5es de estresse ou reflex\u00e3o. Caminhar com as m\u00e3os atr\u00e1s das costas pode ser interpretado de diferentes maneiras, dependendo do contexto.<\/p>\n\n\n\n<p>Entre as interpreta\u00e7\u00f5es mais frequentes est\u00e3o a necessidade de reflex\u00e3o pessoal, uma atitude anal\u00edtica e at\u00e9 mesmo um breve isolamento diante de uma rotina acelerada. Esse gesto \u00e9 frequentemente observado em educadores e pesquisadores que pensam enquanto se movem, indicando uma conex\u00e3o entre movimento e cogni\u00e7\u00e3o.<\/p>\n\n\n\n<p>A linguagem corporal, incluindo gestos como andar com as m\u00e3os para tr\u00e1s, \u00e9 fundamental para a comunica\u00e7\u00e3o n\u00e3o verbal. Esses sinais podem revelar emo\u00e7\u00f5es que palavras n\u00e3o conseguem expressar, como n\u00edveis de estresse, ansiedade ou tranquilidade.&nbsp;<\/p>\n","protected":false},"excerpt":{"rendered":"<p>A linguagem corporal \u00e9 uma forma de comunica\u00e7\u00e3o que reflete nossas emo\u00e7\u00f5es e atitudes. Um gesto comum, mas muitas vezes ignorado, \u00e9 o ato de andar com as m\u00e3os entrela\u00e7adas atr\u00e1s das costas. Esse comportamento pode transmitir uma variedade de significados, de acordo com a psicologia, e oferece insights sobre o estado emocional da pessoa. [&hellip;]<\/p>\n","protected":false},"author":4,"featured_media":17066,"comment_status":"open","ping_status":"open","sticky":false,"template":"","format":"standard","meta":{"jnews-multi-image_gallery":[],"jnews_single_post":{"format":"standard"},"jnews_primary_category":[],"jnews_social_meta":[],"jnews_post_split":[],"footnotes":""},"categories":[1],"tags":[],"class_list":["post-17064","post","type-post","status-publish","format-standard","has-post-thumbnail","hentry","category-variedades"],"_links":{"self":[{"href":"https:\/\/diariodaregiao.audiencelabs.com.br\/wp-json\/wp\/v2\/posts\/17064","targetHints":{"allow":["GET"]}}],"collection":[{"href":"https:\/\/diariodaregiao.audiencelabs.com.br\/wp-json\/wp\/v2\/posts"}],"about":[{"href":"https:\/\/diariodaregiao.audiencelabs.com.br\/wp-json\/wp\/v2\/types\/post"}],"author":[{"embeddable":true,"href":"https:\/\/diariodaregiao.audiencelabs.com.br\/wp-json\/wp\/v2\/users\/4"}],"replies":[{"embeddable":true,"href":"https:\/\/diariodaregiao.audiencelabs.com.br\/wp-json\/wp\/v2\/comments?post=17064"}],"version-history":[{"count":2,"href":"https:\/\/diariodaregiao.audiencelabs.com.br\/wp-json\/wp\/v2\/posts\/17064\/revisions"}],"predecessor-version":[{"id":18055,"href":"https:\/\/diariodaregiao.audiencelabs.com.br\/wp-json\/wp\/v2\/posts\/17064\/revisions\/18055"}],"wp:featuredmedia":[{"embeddable":true,"href":"https:\/\/diariodaregiao.audiencelabs.com.br\/wp-json\/wp\/v2\/media\/17066"}],"wp:attachment":[{"href":"https:\/\/diariodaregiao.audiencelabs.com.br\/wp-json\/wp\/v2\/media?parent=17064"}],"wp:term":[{"taxonomy":"category","embeddable":true,"href":"https:\/\/diariodaregiao.audiencelabs.com.br\/wp-json\/wp\/v2\/categories?post=17064"},{"taxonomy":"post_tag","embeddable":true,"href":"https:\/\/diariodaregiao.audiencelabs.com.br\/wp-json\/wp\/v2\/tags?post=17064"}],"curies":[{"name":"wp","href":"https:\/\/api.w.org\/{rel}","templated":true}]}}