{"id":17519,"date":"2026-05-01T17:20:26","date_gmt":"2026-05-01T20:20:26","guid":{"rendered":"https:\/\/diariodaregiao.audiencelabs.com.br\/?p=17519"},"modified":"2026-04-27T09:29:01","modified_gmt":"2026-04-27T12:29:01","slug":"medico-revelou-qual-fruta-tira-a-vontade-de-comer-doce-e-ainda-e-gostosa","status":"publish","type":"post","link":"https:\/\/diariodaregiao.audiencelabs.com.br\/medico-revelou-qual-fruta-tira-a-vontade-de-comer-doce-e-ainda-e-gostosa\/","title":{"rendered":"M\u00e9dico revelou qual fruta tira a vontade de comer doce e ainda \u00e9 gostosa"},"content":{"rendered":"\n<p>Um m\u00e9dico revelou qual fruta \u00e9 eficaz para aqueles que lutam contra o desejo incontrol\u00e1vel por doces. Essa fruta, al\u00e9m de saborosa, oferece benef\u00edcios nutricionais e pode ajudar a satisfazer a vontade de a\u00e7\u00facar de maneira mais equilibrada.<\/p>\n\n\n\n<p>O impulso por consumir doces \u00e9 frequentemente influenciado por fatores biol\u00f3gicos e psicol\u00f3gicos, levando o c\u00e9rebro a buscar recompensas r\u00e1pidas, como o a\u00e7\u00facar. De acordo com o m\u00e9dico espanhol Juan Manuel Felices, o abacaxi cont\u00e9m bromelina, uma enzima que facilita a digest\u00e3o e ajuda a quebrar prote\u00ednas.<\/p>\n\n\n\n<p>Essa enzima provoca uma leve sensa\u00e7\u00e3o de formigamento na l\u00edngua, que temporariamente satura os receptores gustativos, reduzindo assim o desejo por a\u00e7\u00facar. Essa caracter\u00edstica torna o abacaxi um aliado valioso para quem busca controlar a vontade de comer doces.<\/p>\n\n\n\n<figure class=\"wp-block-gallery has-nested-images columns-default is-cropped wp-block-gallery-1 is-layout-flex wp-block-gallery-is-layout-flex\">\n<figure class=\"wp-block-image size-large\"><img loading=\"lazy\" decoding=\"async\" width=\"900\" height=\"600\" data-id=\"17521\" src=\"https:\/\/diariodaregiao.audiencelabs.com.br\/wp-content\/uploads\/2026\/03\/Captura-de-tela-2026-03-03-111343.png\" alt=\"\" class=\"wp-image-17521\" srcset=\"https:\/\/diariodaregiao.audiencelabs.com.br\/wp-content\/uploads\/2026\/03\/Captura-de-tela-2026-03-03-111343.png 900w, https:\/\/diariodaregiao.audiencelabs.com.br\/wp-content\/uploads\/2026\/03\/Captura-de-tela-2026-03-03-111343-300x200.png 300w, https:\/\/diariodaregiao.audiencelabs.com.br\/wp-content\/uploads\/2026\/03\/Captura-de-tela-2026-03-03-111343-768x512.png 768w, https:\/\/diariodaregiao.audiencelabs.com.br\/wp-content\/uploads\/2026\/03\/Captura-de-tela-2026-03-03-111343-750x500.png 750w\" sizes=\"auto, (max-width: 900px) 100vw, 900px\" \/><figcaption class=\"wp-element-caption\">Cr\u00e9ditos: Shutterstock<\/figcaption><\/figure>\n<\/figure>\n\n\n\n<h2 class=\"wp-block-heading\">Benef\u00edcios nutricionais do abacaxi<\/h2>\n\n\n\n<p>Al\u00e9m de auxiliar na redu\u00e7\u00e3o do desejo por a\u00e7\u00facar, o abacaxi \u00e9 uma fruta com valor nutricional significativo. Ele \u00e9 rico em fibras, vitamina C, \u00e1cido f\u00f3lico e iodo, e possui um teor cal\u00f3rico moderado.&nbsp;<\/p>\n\n\n\n<p>A bromelina, seu principal componente, n\u00e3o s\u00f3 ajuda na digest\u00e3o, mas tamb\u00e9m pode ter propriedades anti-inflamat\u00f3rias, contribuindo para a redu\u00e7\u00e3o de incha\u00e7o e dor ap\u00f3s exerc\u00edcios intensos ou procedimentos cir\u00fargicos.<\/p>\n\n\n\n<p>Pesquisas cient\u00edficas est\u00e3o investigando o papel da bromelina na diminui\u00e7\u00e3o do risco de alguns tipos de c\u00e2ncer e no al\u00edvio dos sintomas da artrite reumatoide, devido \u00e0 sua a\u00e7\u00e3o anti-inflamat\u00f3ria.<\/p>\n\n\n\n<p>Al\u00e9m disso, o abacaxi pode fortalecer o sistema imunol\u00f3gico, combatendo o estresse oxidativo e ajudando na preven\u00e7\u00e3o de infec\u00e7\u00f5es virais e bacterianas, especialmente em crian\u00e7as. O m\u00e9dico enfatiza que ter vontade de comer doces ocasionalmente n\u00e3o \u00e9 um problema, desde que haja equil\u00edbrio na alimenta\u00e7\u00e3o.&nbsp;<\/p>\n","protected":false},"excerpt":{"rendered":"<p>Um m\u00e9dico revelou qual fruta \u00e9 eficaz para aqueles que lutam contra o desejo incontrol\u00e1vel por doces. Essa fruta, al\u00e9m de saborosa, oferece benef\u00edcios nutricionais e pode ajudar a satisfazer a vontade de a\u00e7\u00facar de maneira mais equilibrada. O impulso por consumir doces \u00e9 frequentemente influenciado por fatores biol\u00f3gicos e psicol\u00f3gicos, levando o c\u00e9rebro a [&hellip;]<\/p>\n","protected":false},"author":4,"featured_media":17520,"comment_status":"open","ping_status":"open","sticky":false,"template":"","format":"standard","meta":{"jnews-multi-image_gallery":[],"jnews_single_post":{"format":"standard"},"jnews_primary_category":[],"jnews_social_meta":[],"jnews_post_split":[],"footnotes":""},"categories":[1],"tags":[],"class_list":["post-17519","post","type-post","status-publish","format-standard","has-post-thumbnail","hentry","category-variedades"],"_links":{"self":[{"href":"https:\/\/diariodaregiao.audiencelabs.com.br\/wp-json\/wp\/v2\/posts\/17519","targetHints":{"allow":["GET"]}}],"collection":[{"href":"https:\/\/diariodaregiao.audiencelabs.com.br\/wp-json\/wp\/v2\/posts"}],"about":[{"href":"https:\/\/diariodaregiao.audiencelabs.com.br\/wp-json\/wp\/v2\/types\/post"}],"author":[{"embeddable":true,"href":"https:\/\/diariodaregiao.audiencelabs.com.br\/wp-json\/wp\/v2\/users\/4"}],"replies":[{"embeddable":true,"href":"https:\/\/diariodaregiao.audiencelabs.com.br\/wp-json\/wp\/v2\/comments?post=17519"}],"version-history":[{"count":2,"href":"https:\/\/diariodaregiao.audiencelabs.com.br\/wp-json\/wp\/v2\/posts\/17519\/revisions"}],"predecessor-version":[{"id":24158,"href":"https:\/\/diariodaregiao.audiencelabs.com.br\/wp-json\/wp\/v2\/posts\/17519\/revisions\/24158"}],"wp:featuredmedia":[{"embeddable":true,"href":"https:\/\/diariodaregiao.audiencelabs.com.br\/wp-json\/wp\/v2\/media\/17520"}],"wp:attachment":[{"href":"https:\/\/diariodaregiao.audiencelabs.com.br\/wp-json\/wp\/v2\/media?parent=17519"}],"wp:term":[{"taxonomy":"category","embeddable":true,"href":"https:\/\/diariodaregiao.audiencelabs.com.br\/wp-json\/wp\/v2\/categories?post=17519"},{"taxonomy":"post_tag","embeddable":true,"href":"https:\/\/diariodaregiao.audiencelabs.com.br\/wp-json\/wp\/v2\/tags?post=17519"}],"curies":[{"name":"wp","href":"https:\/\/api.w.org\/{rel}","templated":true}]}}