{"id":1763,"date":"2025-11-15T19:40:00","date_gmt":"2025-11-15T22:40:00","guid":{"rendered":"https:\/\/diariodaregiao.audiencelabs.com.br\/?p=1763"},"modified":"2025-11-14T16:12:23","modified_gmt":"2025-11-14T19:12:23","slug":"empresa-familiar-transforma-salgadinho-em-mina-de-ouro-de-r-130-milhoes-por-ano","status":"publish","type":"post","link":"https:\/\/diariodaregiao.audiencelabs.com.br\/empresa-familiar-transforma-salgadinho-em-mina-de-ouro-de-r-130-milhoes-por-ano\/","title":{"rendered":"Empresa familiar transforma salgadinho em mina de ouro de R$ 130 milh\u00f5es por ano"},"content":{"rendered":"\n<p>A Milho de Ouro escreve uma hist\u00f3ria de sucesso. Desde 1992, transforma salgadinhos em neg\u00f3cio milion\u00e1rio. A marca Lobits unificou todo o portf\u00f3lio. Com duas f\u00e1bricas em Embu das Artes, S\u00e3o Paulo. A empresa projeta faturar R$ 130 milh\u00f5es em 2025.<\/p>\n\n\n\n<p>Atualmente produz 700 toneladas mensais. A meta \u00e9 dobrar para 1.400 toneladas. A receita deve alcan\u00e7ar R$ 200 milh\u00f5es em 2026. A presen\u00e7a j\u00e1 supera 20 mil pontos de venda. Crescimento acima da m\u00e9dia do setor.<\/p>\n\n\n\n<figure class=\"wp-block-image size-large\"><img loading=\"lazy\" decoding=\"async\" width=\"1024\" height=\"683\" src=\"https:\/\/diariodaregiao.audiencelabs.com.br\/wp-content\/uploads\/2025\/11\/52643-1024x683.jpg\" alt=\"\" class=\"wp-image-1769\" srcset=\"https:\/\/diariodaregiao.audiencelabs.com.br\/wp-content\/uploads\/2025\/11\/52643-1024x683.jpg 1024w, https:\/\/diariodaregiao.audiencelabs.com.br\/wp-content\/uploads\/2025\/11\/52643-300x200.jpg 300w, https:\/\/diariodaregiao.audiencelabs.com.br\/wp-content\/uploads\/2025\/11\/52643-768x513.jpg 768w, https:\/\/diariodaregiao.audiencelabs.com.br\/wp-content\/uploads\/2025\/11\/52643-750x501.jpg 750w, https:\/\/diariodaregiao.audiencelabs.com.br\/wp-content\/uploads\/2025\/11\/52643-1140x761.jpg 1140w, https:\/\/diariodaregiao.audiencelabs.com.br\/wp-content\/uploads\/2025\/11\/52643.jpg 1500w\" sizes=\"auto, (max-width: 1024px) 100vw, 1024px\" \/><figcaption class=\"wp-element-caption\">Cr\u00e9ditos: Imagem de KamranAydinov no Freepik<\/figcaption><\/figure>\n\n\n\n<h2 class=\"wp-block-heading\">Trajet\u00f3ria de Tr\u00eas D\u00e9cadas<\/h2>\n\n\n<style>@media (min-width: 992px) {\n    .recomendadorV2Area1 {\n        width: 280px;\n    }\n    .recomendadorV2Area2 {\n        padding: 0px 20px;\n        width: calc(100% - 280px);\n    }\n}\n\n@media (max-width: 992px) {\n    .recomendadorV2Button {\n        margin: 0 auto;\n    }\n    .recomendadorV2Area {\n        flex-direction: column;\n        text-align: center;\n    }\n    .recomendadorV2Area2 {\n        padding: 0px 20px;\n    }\n}\n\n.recomendadorV2Area {\n    background: #eeeeee3d;\n    border-radius: 10px;\n    padding: 15px;\n    display: flex;\n    margin: 15px auto;\n    border: 1px solid #00000014;\n    max-width: 800px;\n}\n\n.recomendadorV2Area1 img {\n    width: 280px;\n    height: auto;\n    border-radius: 8px;\n}\n\n.linkrecomendadorv2 {\n    text-decoration: none !important;\n}\n\n.recomendadorV2Area2 .recomendadorV2Type {\n    text-transform: uppercase;\n    font-weight: 500;\n    font-size: 11px;\n    letter-spacing: 2px;\n    color: #666;\n    margin: 12px 0;\n    display: block;\n}\n\n.recomendadorV2Title h2 {\n    padding-top: 0px !important;\n    margin: 0px !important;\n    border-left: none !important;\n    padding-left: 0px !important;\n    line-height: 1.3;\n    color: #000 !important;\n    font-size: 24px;\n    margin-bottom: 12px !important;\n}\n\n.recomendadorV2Desc {\n    color: #333;\n    margin: 12px 0px !important;\n    font-size: 15px;\n    line-height: 1.5;\n}\n\n.recomendadorV2Button {\n    width: auto;\n    max-width: 200px;\n    margin: 0;\n    display: inline-flex;\n    align-items: center;\n    background: #1D3557;\n    border-radius: 8px;\n    color: #fff;\n    height: 36px;\n    justify-content: center;\n    text-align: center;\n    font-size: 14px;\n    padding: 0 20px;\n    transition: background-color 0.2s ease;\n}\n\n.recomendadorV2Button:hover {\n    background: #2a4d7a;\n}\n\n.recomendadorV2Button:after {\n    margin-top: -2px;\n    content: \"\u2192\";\n    padding: 0px 0px 0px 8px;\n}\n\n.recomendadorV2Alert {\n    text-align: left;\n    font-size: 11px;\n    margin-top: 8px;\n    color: #666;\n}\n\n.recomendadorFixedArea {\n    width: 100%;\n    display: flex;\n    justify-content: center;\n    align-items: center;\n}\n\n@media (min-width: 992px) {\n    #recomendadorFixed {\n        width: 32% !important;\n        left: 5%;\n    }\n    .recomendadorCloseFixed{\n        right: inherit !important;\n        left: 378px !important;\n    }\n}\n\n#recomendadorFixed {\n    width: 90%;\n    box-shadow: 0 10px 20px 0px #00000057;\n    display: none;\n    height: 90px;\n    background: #F6F6F6;\n    position: fixed;\n    flex-direction: row;\n    bottom: 10px;\n    z-index: 9999;\n    border-radius: 16px;\n    padding: 7px 10px;\n}\n\n.recomendadorLeftArea {\n    width: 160px;\n}\n\n.recomendadorRightArea h2 {\n    padding-top: 0px;\n    margin: 2px 0px 4px 0px !important;\n    font-weight: 400;\n    text-align: center;\n    padding-left: 0px !important;\n    color: #000 !important;\n    border-left: none !important;\n    line-height: 20px;\n    font-size: 12px !important;\n}\n\n.recomendadorImgFixed {\n    overflow: hidden;\n    padding: 8px 6px;\n    height: 100%;\n}\n\n.recomendadorImgFixed img {\n    height: 100% !important;\n    border-radius: 16px;\n}\n\n.recomendadorRightArea {\n    padding-top: 6px;\n    display: flex;\n    width: calc(100% - 130px);\n    justify-content: space-between;\n    align-items: center;\n    flex-direction: column;\n}\n\n.recomendadorButtonFixed {\n    margin: 0 auto;\n    background: #1D3557;\n    width: 80%;\n    text-align: center;\n    font-size: 10px;\n    color: #FFF;\n    padding: 2px 10px;\n    border-radius: 3px;\n}\n\n.recomendadorButtonFixed:after {\n    margin-top: -3px;\n    content: \"\u2192\";\n    padding: 0px 0px 0px 10px;\n}\n\n.recomendadorAlertFixed {\n    font-weight: 400;\n    text-align: center;\n    color: #484848;\n    font-size: 8px;\n}\n\n.recomendadorCloseFixed {\n    z-index: 99999;\n    display: none;\n    right: 0px;\n    left: inherit;\n    bottom: 99px;\n    position: fixed;\n    justify-content: center;\n    background: #F6F6F6;\n    width: 25px;\n    align-items: center;\n    height: 25px;\n    font-weight: 800;\n    border-radius: 50%;\n    border: 1px solid #EBEBEB;\n}\n\n.recomendadorV2Desc{\n    color: #000000;\n    margin: 20px 0px;\n}\n\n@media (max-width: 576px) {\n    .recomendadorV2Area {\n      padding: 10px;\n      max-width: 100%;\n    }\n  \n    .recomendadorV2Area1 img {\n      width: 100%;\n      border-radius: 6px;\n    }\n  \n    .recomendadorV2Area2 .recomendadorV2Type {\n      font-size: 9px;\n      letter-spacing: 1px;\n      margin: 8px 0;\n    }\n  \n    .recomendadorV2Title h2 {\n      font-size: 18px !important;\n      margin-bottom: 8px !important;\n      line-height: 1.2;\n    }\n  \n    .recomendadorV2Desc {\n      font-size: 14px;\n      margin: 8px 0 !important;\n      line-height: 1.4;\n    }\n  \n    .recomendadorV2Button {\n      font-size: 12px;\n      height: 30px;\n      padding: 0 12px;\n      max-width: 160px;\n    }\n  \n    .recomendadorV2Button:after {\n      padding-left: 6px;\n    }\n  }\n  <\/style>\n        <div class=\"lazyblock-recomendador-v2-2jDGz wp-block-lazyblock-recomendador-v2\">\n        <a class=\"linkrecomendadorv2\" href=\"https:\/\/diariodaregiao.com.br\/variedades\/mansao-de-neymar-em-cidade-paradisiaca-do-rj-com-cinema-e-pista-de-kart-exclusiva-em-10-mil-m\u00b2-e-uma-das-mais-luxuosas-do-pais\/?utm_source=lazy\" target=\"_blank\" rel=\"noopener\">\n            <div class=\"recomendadorV2Area\">\n            <div class=\"recomendadorV2Area1\">\n                <div class=\"recomendadorV2Img\">\n                <img class=\"lazyloaded\" decoding=\"async\" src=\"https:\/\/diariodaregiao.audiencelabs.com.br\/wp-content\/uploads\/2025\/11\/54913363065_1e1de25158_k.jpg\" data-src=\"https:\/\/diariodaregiao.audiencelabs.com.br\/wp-content\/uploads\/2025\/11\/54913363065_1e1de25158_k.jpg\" alt=\"\">\n                <\/div>\n            <\/div>\n            <div class=\"recomendadorV2Area2\">\n                <div class=\"recomendadorV2Type\">\n                    <span>celebridades brasil<\/span>\n                <\/div>\n                <div class=\"recomendadorV2Title\">\n                <h2><span>Mans\u00e3o de Neymar luxuosa \ud83c\udfe0<\/span><\/h2>\n                <\/div>\n                <div class=\"recomendadorV2Desc\">\n                <span>Veja os detalhes da casa milion\u00e1ria no RJ!<\/span>\n                <\/div>\n                <div class=\"recomendadorV2Button\">Explore a mans\u00e3o<\/div>\n                <div class=\"recomendadorV2Alert\"><\/div>\n            <\/div>\n            <\/div>\n        <\/a>\n        <div>\n            <div style=\"z-index:99999;\" id=\"buttonClose\" onclick=\"closeRecomendadorFixed()\">\n            <div class=\"recomendadorCloseFixed\">X<\/div>\n            <\/div>\n            <a href=\"https:\/\/diariodaregiao.com.br\/variedades\/mansao-de-neymar-em-cidade-paradisiaca-do-rj-com-cinema-e-pista-de-kart-exclusiva-em-10-mil-m\u00b2-e-uma-das-mais-luxuosas-do-pais\/?utm_source=lazy\" target=\"_blank\" rel=\"noopener\">\n            <div class=\"recomendadorFixedArea\">\n                <div id=\"recomendadorFixed\">\n                <div class=\"recomendadorLeftArea\">\n                    <div class=\"recomendadorImgFixed\">\n                    <img class=\"lazyload\" decoding=\"async\" src=\"https:\/\/diariodaregiao.audiencelabs.com.br\/wp-content\/uploads\/2025\/11\/54913363065_1e1de25158_k.jpg\" alt=\"\">\n                    <\/div>\n                <\/div>\n                <div class=\"recomendadorRightArea\">\n                    <div class=\"recomendadorTitleFixed\">\n                    <h2><span>Mans\u00e3o de Neymar luxuosa \ud83c\udfe0<\/span><\/h2>\n                    <\/div>\n                    <div class=\"recomendadorButtonFixed\">Explore a mans\u00e3o<\/div>\n                    <div class=\"recomendadorAlertFixed\"><\/div>\n                <\/div>\n                <\/div>\n            <\/div>\n            <\/a>\n        <\/div>\n        <\/div>\n\n\n\n<p>Fundada por Darlene e Spencer Rodrigues. Iniciou como pequeno neg\u00f3cio familiar. Hoje os filhos Pedro, Isabela e Ricardo comandam. Profissionaliza\u00e7\u00e3o foi chave para o crescimento. Implementa\u00e7\u00e3o de SAP e CRM.<\/p>\n\n\n\n<p>Portf\u00f3lio unificado fortalece reconhecimento. Distribui\u00e7\u00e3o expandida nacionalmente. Reformula\u00e7\u00e3o para reduzir s\u00f3dio. Desenvolvimento de op\u00e7\u00f5es saud\u00e1veis. Terceiriza\u00e7\u00e3o de linhas espec\u00edficas.<\/p>\n\n\n\n<p>Pre\u00e7os acess\u00edveis ao consumidor. Rapidez na resposta ao varejo. Ess\u00eancia familiar com gest\u00e3o profissional. Lideran\u00e7a em embalagens menores. Qualidade e sabor consistentes.<\/p>\n\n\n\n<h2 class=\"wp-block-heading\">Inova\u00e7\u00f5es Constantes<\/h2>\n\n\n\n<p>Uso de \u00f3leo de girassol. Desenvolvimento de milho org\u00e2nico. Aten\u00e7\u00e3o \u00e0s exig\u00eancias de rotulagem. Busca por ingredientes melhores. Adapta\u00e7\u00e3o \u00e0s demandas modernas.<\/p>\n\n\n\n<p>Estrat\u00e9gia focada em nichos espec\u00edficos. Velocidade nas decis\u00f5es e implementa\u00e7\u00f5es. Proximidade com o varejo regional. Flexibilidade para adapta\u00e7\u00f5es r\u00e1pidas. Manuten\u00e7\u00e3o da identidade local.<\/p>\n\n\n\n<p>Dobrar a capacidade produtiva. Expandir para novas regi\u00f5es. Consolidar a marca nacionalmente. Manter crescimento sustent\u00e1vel. Inspirar empreendedores familiares.<\/p>\n\n\n\n<h2 class=\"wp-block-heading\">Li\u00e7\u00f5es do Sucesso<\/h2>\n\n\n\n<p>Persist\u00eancia ao longo de tr\u00eas d\u00e9cadas. Evolu\u00e7\u00e3o constante dos processos. Manuten\u00e7\u00e3o dos valores originais. Investimento em profissionaliza\u00e7\u00e3o. Vis\u00e3o estrat\u00e9gica de longo prazo.<\/p>\n\n\n\n<p>A Lobits demonstra que empresas familiares podem crescer. Com perseveran\u00e7a e gest\u00e3o adequada. Transformando um simples salgadinho. Em um imp\u00e9rio de R$ 130 milh\u00f5es.<\/p>\n","protected":false},"excerpt":{"rendered":"<p>A Milho de Ouro escreve uma hist\u00f3ria de sucesso. Desde 1992, transforma salgadinhos em neg\u00f3cio milion\u00e1rio. A marca Lobits unificou todo o portf\u00f3lio. Com duas f\u00e1bricas em Embu das Artes, S\u00e3o Paulo. A empresa projeta faturar R$ 130 milh\u00f5es em 2025. Atualmente produz 700 toneladas mensais. A meta \u00e9 dobrar para 1.400 toneladas. A receita [&hellip;]<\/p>\n","protected":false},"author":5,"featured_media":1768,"comment_status":"open","ping_status":"open","sticky":false,"template":"","format":"standard","meta":{"jnews-multi-image_gallery":[],"jnews_single_post":{"format":"standard"},"jnews_primary_category":[],"jnews_social_meta":[],"jnews_post_split":[],"footnotes":""},"categories":[1],"tags":[],"class_list":["post-1763","post","type-post","status-publish","format-standard","has-post-thumbnail","hentry","category-variedades"],"_links":{"self":[{"href":"https:\/\/diariodaregiao.audiencelabs.com.br\/wp-json\/wp\/v2\/posts\/1763","targetHints":{"allow":["GET"]}}],"collection":[{"href":"https:\/\/diariodaregiao.audiencelabs.com.br\/wp-json\/wp\/v2\/posts"}],"about":[{"href":"https:\/\/diariodaregiao.audiencelabs.com.br\/wp-json\/wp\/v2\/types\/post"}],"author":[{"embeddable":true,"href":"https:\/\/diariodaregiao.audiencelabs.com.br\/wp-json\/wp\/v2\/users\/5"}],"replies":[{"embeddable":true,"href":"https:\/\/diariodaregiao.audiencelabs.com.br\/wp-json\/wp\/v2\/comments?post=1763"}],"version-history":[{"count":2,"href":"https:\/\/diariodaregiao.audiencelabs.com.br\/wp-json\/wp\/v2\/posts\/1763\/revisions"}],"predecessor-version":[{"id":1800,"href":"https:\/\/diariodaregiao.audiencelabs.com.br\/wp-json\/wp\/v2\/posts\/1763\/revisions\/1800"}],"wp:featuredmedia":[{"embeddable":true,"href":"https:\/\/diariodaregiao.audiencelabs.com.br\/wp-json\/wp\/v2\/media\/1768"}],"wp:attachment":[{"href":"https:\/\/diariodaregiao.audiencelabs.com.br\/wp-json\/wp\/v2\/media?parent=1763"}],"wp:term":[{"taxonomy":"category","embeddable":true,"href":"https:\/\/diariodaregiao.audiencelabs.com.br\/wp-json\/wp\/v2\/categories?post=1763"},{"taxonomy":"post_tag","embeddable":true,"href":"https:\/\/diariodaregiao.audiencelabs.com.br\/wp-json\/wp\/v2\/tags?post=1763"}],"curies":[{"name":"wp","href":"https:\/\/api.w.org\/{rel}","templated":true}]}}