{"id":17720,"date":"2026-03-08T20:30:00","date_gmt":"2026-03-08T23:30:00","guid":{"rendered":"https:\/\/diariodaregiao.audiencelabs.com.br\/?p=17720"},"modified":"2026-03-09T15:17:44","modified_gmt":"2026-03-09T18:17:44","slug":"veja-o-que-diz-a-lei-sobre-podar-arvores-do-vizinho-invadindo-o-seu-terreno","status":"publish","type":"post","link":"https:\/\/diariodaregiao.audiencelabs.com.br\/veja-o-que-diz-a-lei-sobre-podar-arvores-do-vizinho-invadindo-o-seu-terreno\/","title":{"rendered":"Veja o que diz a lei sobre podar \u00e1rvores do vizinho invadindo o seu terreno"},"content":{"rendered":"\n<p>Morar em \u00e1reas arborizadas costuma trazer vantagens ambientais importantes. \u00c1rvores ajudam a reduzir a temperatura, filtram poluentes e ainda contribuem para diminuir o ru\u00eddo urbano.<\/p>\n\n\n\n<p>O problema surge quando galhos, folhas ou ra\u00edzes ultrapassam os limites do terreno. Nessas situa\u00e7\u00f5es, al\u00e9m da sujeira, podem ocorrer danos estruturais e conflitos entre vizinhos.<\/p>\n\n\n\n<figure class=\"wp-block-image size-large\"><img loading=\"lazy\" decoding=\"async\" width=\"1024\" height=\"819\" src=\"https:\/\/diariodaregiao.audiencelabs.com.br\/wp-content\/uploads\/2026\/03\/gardener-cutting-dried-branches-1024x819.jpg\" alt=\"\" class=\"wp-image-17722\" srcset=\"https:\/\/diariodaregiao.audiencelabs.com.br\/wp-content\/uploads\/2026\/03\/gardener-cutting-dried-branches-1024x819.jpg 1024w, https:\/\/diariodaregiao.audiencelabs.com.br\/wp-content\/uploads\/2026\/03\/gardener-cutting-dried-branches-300x240.jpg 300w, https:\/\/diariodaregiao.audiencelabs.com.br\/wp-content\/uploads\/2026\/03\/gardener-cutting-dried-branches-768x614.jpg 768w, https:\/\/diariodaregiao.audiencelabs.com.br\/wp-content\/uploads\/2026\/03\/gardener-cutting-dried-branches-1536x1229.jpg 1536w, https:\/\/diariodaregiao.audiencelabs.com.br\/wp-content\/uploads\/2026\/03\/gardener-cutting-dried-branches-2048x1638.jpg 2048w, https:\/\/diariodaregiao.audiencelabs.com.br\/wp-content\/uploads\/2026\/03\/gardener-cutting-dried-branches-750x600.jpg 750w, https:\/\/diariodaregiao.audiencelabs.com.br\/wp-content\/uploads\/2026\/03\/gardener-cutting-dried-branches-1140x912.jpg 1140w\" sizes=\"auto, (max-width: 1024px) 100vw, 1024px\" \/><figcaption class=\"wp-element-caption\">Cr\u00e9ditos: Freepik<\/figcaption><\/figure>\n\n\n\n<h2 class=\"wp-block-heading\">O que prev\u00ea a legisla\u00e7\u00e3o<\/h2>\n\n\n<style>@media (min-width: 992px) {\n    .recomendadorV2Area1 {\n        width: 280px;\n    }\n    .recomendadorV2Area2 {\n        padding: 0px 20px;\n        width: calc(100% - 280px);\n    }\n}\n\n@media (max-width: 992px) {\n    .recomendadorV2Button {\n        margin: 0 auto;\n    }\n    .recomendadorV2Area {\n        flex-direction: column;\n        text-align: center;\n    }\n    .recomendadorV2Area2 {\n        padding: 0px 20px;\n    }\n}\n\n.recomendadorV2Area {\n    background: #eeeeee3d;\n    border-radius: 10px;\n    padding: 15px;\n    display: flex;\n    margin: 15px auto;\n    border: 1px solid #00000014;\n    max-width: 800px;\n}\n\n.recomendadorV2Area1 img {\n    width: 280px;\n    height: auto;\n    border-radius: 8px;\n}\n\n.linkrecomendadorv2 {\n    text-decoration: none !important;\n}\n\n.recomendadorV2Area2 .recomendadorV2Type {\n    text-transform: uppercase;\n    font-weight: 500;\n    font-size: 11px;\n    letter-spacing: 2px;\n    color: #666;\n    margin: 12px 0;\n    display: block;\n}\n\n.recomendadorV2Title h2 {\n    padding-top: 0px !important;\n    margin: 0px !important;\n    border-left: none !important;\n    padding-left: 0px !important;\n    line-height: 1.3;\n    color: #000 !important;\n    font-size: 24px;\n    margin-bottom: 12px !important;\n}\n\n.recomendadorV2Desc {\n    color: #333;\n    margin: 12px 0px !important;\n    font-size: 15px;\n    line-height: 1.5;\n}\n\n.recomendadorV2Button {\n    width: auto;\n    max-width: 200px;\n    margin: 0;\n    display: inline-flex;\n    align-items: center;\n    background: #1D3557;\n    border-radius: 8px;\n    color: #fff;\n    height: 36px;\n    justify-content: center;\n    text-align: center;\n    font-size: 14px;\n    padding: 0 20px;\n    transition: background-color 0.2s ease;\n}\n\n.recomendadorV2Button:hover {\n    background: #2a4d7a;\n}\n\n.recomendadorV2Button:after {\n    margin-top: -2px;\n    content: \"\u2192\";\n    padding: 0px 0px 0px 8px;\n}\n\n.recomendadorV2Alert {\n    text-align: left;\n    font-size: 11px;\n    margin-top: 8px;\n    color: #666;\n}\n\n.recomendadorFixedArea {\n    width: 100%;\n    display: flex;\n    justify-content: center;\n    align-items: center;\n}\n\n@media (min-width: 992px) {\n    #recomendadorFixed {\n        width: 32% !important;\n        left: 5%;\n    }\n    .recomendadorCloseFixed{\n        right: inherit !important;\n        left: 378px !important;\n    }\n}\n\n#recomendadorFixed {\n    width: 90%;\n    box-shadow: 0 10px 20px 0px #00000057;\n    display: none;\n    height: 90px;\n    background: #F6F6F6;\n    position: fixed;\n    flex-direction: row;\n    bottom: 10px;\n    z-index: 9999;\n    border-radius: 16px;\n    padding: 7px 10px;\n}\n\n.recomendadorLeftArea {\n    width: 160px;\n}\n\n.recomendadorRightArea h2 {\n    padding-top: 0px;\n    margin: 2px 0px 4px 0px !important;\n    font-weight: 400;\n    text-align: center;\n    padding-left: 0px !important;\n    color: #000 !important;\n    border-left: none !important;\n    line-height: 20px;\n    font-size: 12px !important;\n}\n\n.recomendadorImgFixed {\n    overflow: hidden;\n    padding: 8px 6px;\n    height: 100%;\n}\n\n.recomendadorImgFixed img {\n    height: 100% !important;\n    border-radius: 16px;\n}\n\n.recomendadorRightArea {\n    padding-top: 6px;\n    display: flex;\n    width: calc(100% - 130px);\n    justify-content: space-between;\n    align-items: center;\n    flex-direction: column;\n}\n\n.recomendadorButtonFixed {\n    margin: 0 auto;\n    background: #1D3557;\n    width: 80%;\n    text-align: center;\n    font-size: 10px;\n    color: #FFF;\n    padding: 2px 10px;\n    border-radius: 3px;\n}\n\n.recomendadorButtonFixed:after {\n    margin-top: -3px;\n    content: \"\u2192\";\n    padding: 0px 0px 0px 10px;\n}\n\n.recomendadorAlertFixed {\n    font-weight: 400;\n    text-align: center;\n    color: #484848;\n    font-size: 8px;\n}\n\n.recomendadorCloseFixed {\n    z-index: 99999;\n    display: none;\n    right: 0px;\n    left: inherit;\n    bottom: 99px;\n    position: fixed;\n    justify-content: center;\n    background: #F6F6F6;\n    width: 25px;\n    align-items: center;\n    height: 25px;\n    font-weight: 800;\n    border-radius: 50%;\n    border: 1px solid #EBEBEB;\n}\n\n.recomendadorV2Desc{\n    color: #000000;\n    margin: 20px 0px;\n}\n\n@media (max-width: 576px) {\n    .recomendadorV2Area {\n      padding: 10px;\n      max-width: 100%;\n    }\n  \n    .recomendadorV2Area1 img {\n      width: 100%;\n      border-radius: 6px;\n    }\n  \n    .recomendadorV2Area2 .recomendadorV2Type {\n      font-size: 9px;\n      letter-spacing: 1px;\n      margin: 8px 0;\n    }\n  \n    .recomendadorV2Title h2 {\n      font-size: 18px !important;\n      margin-bottom: 8px !important;\n      line-height: 1.2;\n    }\n  \n    .recomendadorV2Desc {\n      font-size: 14px;\n      margin: 8px 0 !important;\n      line-height: 1.4;\n    }\n  \n    .recomendadorV2Button {\n      font-size: 12px;\n      height: 30px;\n      padding: 0 12px;\n      max-width: 160px;\n    }\n  \n    .recomendadorV2Button:after {\n      padding-left: 6px;\n    }\n  }\n  <\/style>\n        <div class=\"lazyblock-recomendador-v2-2jDGz wp-block-lazyblock-recomendador-v2\">\n        <a class=\"linkrecomendadorv2\" href=\"https:\/\/diariodaregiao.com.br\/variedades\/professores-anunciaram-uma-greve-geral-para-o-dia-16-de-marco-ate-o-dia-20-exigindo-melhorias-salariais-na-argentina\/?utm_source=lazy\" target=\"_blank\" rel=\"noopener\">\n            <div class=\"recomendadorV2Area\">\n            <div class=\"recomendadorV2Area1\">\n                <div class=\"recomendadorV2Img\">\n                <img class=\"lazyloaded\" decoding=\"async\" src=\"https:\/\/diariodaregiao.com.br\/variedades\/wp-content\/uploads\/2026\/03\/2148201078-1140x570.jpg\" data-src=\"https:\/\/diariodaregiao.com.br\/variedades\/wp-content\/uploads\/2026\/03\/2148201078-1140x570.jpg\" alt=\"\">\n                <\/div>\n            <\/div>\n            <div class=\"recomendadorV2Area2\">\n                <div class=\"recomendadorV2Type\">\n                    <span>Greve geral<\/span>\n                <\/div>\n                <div class=\"recomendadorV2Title\">\n                <h2><span>Professores param \ud83d\udce2<\/span><\/h2>\n                <\/div>\n                <div class=\"recomendadorV2Desc\">\n                <span>Categoria anuncia paralisa\u00e7\u00e3o<\/span>\n                <\/div>\n                <div class=\"recomendadorV2Button\">Ver detalhes<\/div>\n                <div class=\"recomendadorV2Alert\"><\/div>\n            <\/div>\n            <\/div>\n        <\/a>\n        <div>\n            <div style=\"z-index:99999;\" id=\"buttonClose\" onclick=\"closeRecomendadorFixed()\">\n            <div class=\"recomendadorCloseFixed\">X<\/div>\n            <\/div>\n            <a href=\"https:\/\/diariodaregiao.com.br\/variedades\/professores-anunciaram-uma-greve-geral-para-o-dia-16-de-marco-ate-o-dia-20-exigindo-melhorias-salariais-na-argentina\/?utm_source=lazy\" target=\"_blank\" rel=\"noopener\">\n            <div class=\"recomendadorFixedArea\">\n                <div id=\"recomendadorFixed\">\n                <div class=\"recomendadorLeftArea\">\n                    <div class=\"recomendadorImgFixed\">\n                    <img class=\"lazyload\" decoding=\"async\" src=\"https:\/\/diariodaregiao.com.br\/variedades\/wp-content\/uploads\/2026\/03\/2148201078-1140x570.jpg\" alt=\"\">\n                    <\/div>\n                <\/div>\n                <div class=\"recomendadorRightArea\">\n                    <div class=\"recomendadorTitleFixed\">\n                    <h2><span>Professores param \ud83d\udce2<\/span><\/h2>\n                    <\/div>\n                    <div class=\"recomendadorButtonFixed\">Ver detalhes<\/div>\n                    <div class=\"recomendadorAlertFixed\"><\/div>\n                <\/div>\n                <\/div>\n            <\/div>\n            <\/a>\n        <\/div>\n        <\/div>\n\n\n\n<p>A quest\u00e3o \u00e9 tratada no artigo 1.283 do C\u00f3digo Civil Brasileiro. O dispositivo autoriza o propriet\u00e1rio a cortar ra\u00edzes e ramos que avancem sobre seu im\u00f3vel.<\/p>\n\n\n\n<p>Esse direito, contudo, possui limites t\u00e9cnicos e legais. A interven\u00e7\u00e3o deve se restringir \u00e0 parte que invade o terreno, sempre respeitando a linha divis\u00f3ria entre os im\u00f3veis.<\/p>\n\n\n\n<p>Tamb\u00e9m \u00e9 necess\u00e1rio haver inc\u00f4modo relevante, risco ou preju\u00edzo comprovado. Cortes excessivos ou que comprometam a sa\u00fade da \u00e1rvore podem gerar responsabiliza\u00e7\u00e3o civil.<\/p>\n\n\n\n<h2 class=\"wp-block-heading\">Di\u00e1logo, notifica\u00e7\u00e3o e a\u00e7\u00e3o judicial<\/h2>\n\n\n\n<p>Antes de realizar qualquer poda, o caminho mais prudente \u00e9 o di\u00e1logo. Muitas situa\u00e7\u00f5es podem ser resolvidas com acordo informal e coopera\u00e7\u00e3o entre as partes.<\/p>\n\n\n\n<p>Se n\u00e3o houver solu\u00e7\u00e3o amig\u00e1vel, \u00e9 poss\u00edvel formalizar uma notifica\u00e7\u00e3o extrajudicial. O documento registra o pedido e pode servir como prova em eventual processo.<\/p>\n\n\n\n<p>Persistindo o problema, o morador prejudicado pode recorrer ao Judici\u00e1rio. A Justi\u00e7a pode determinar a poda, o corte ou at\u00e9 a remo\u00e7\u00e3o da \u00e1rvore, dependendo da gravidade.<\/p>\n\n\n\n<p>Laudos t\u00e9cnicos, fotografias e registros de danos fortalecem a demanda. Cada caso ser\u00e1 analisado individualmente, considerando risco, impacto e proporcionalidade da medida.<\/p>\n\n\n\n<p>Se a \u00e1rvore estiver em cal\u00e7ada, pra\u00e7a ou canteiro municipal, a regra \u00e9 diferente. A poda sem autoriza\u00e7\u00e3o pode resultar em multa e san\u00e7\u00f5es administrativas.<\/p>\n\n\n\n<p>Nessas situa\u00e7\u00f5es, o correto \u00e9 protocolar solicitado junto \u00e0 prefeitura. O \u00f3rg\u00e3o respons\u00e1vel far\u00e1 vistoria t\u00e9cnica e decidir\u00e1 pela poda, manuten\u00e7\u00e3o ou outras provid\u00eancias adequadas.<\/p>\n","protected":false},"excerpt":{"rendered":"<p>Morar em \u00e1reas arborizadas costuma trazer vantagens ambientais importantes. \u00c1rvores ajudam a reduzir a temperatura, filtram poluentes e ainda contribuem para diminuir o ru\u00eddo urbano. O problema surge quando galhos, folhas ou ra\u00edzes ultrapassam os limites do terreno. Nessas situa\u00e7\u00f5es, al\u00e9m da sujeira, podem ocorrer danos estruturais e conflitos entre vizinhos. O que prev\u00ea a [&hellip;]<\/p>\n","protected":false},"author":5,"featured_media":17721,"comment_status":"open","ping_status":"open","sticky":false,"template":"","format":"standard","meta":{"jnews-multi-image_gallery":[],"jnews_single_post":{"format":"standard"},"jnews_primary_category":[],"jnews_social_meta":[],"jnews_post_split":[],"footnotes":""},"categories":[1],"tags":[],"class_list":["post-17720","post","type-post","status-publish","format-standard","has-post-thumbnail","hentry","category-variedades"],"_links":{"self":[{"href":"https:\/\/diariodaregiao.audiencelabs.com.br\/wp-json\/wp\/v2\/posts\/17720","targetHints":{"allow":["GET"]}}],"collection":[{"href":"https:\/\/diariodaregiao.audiencelabs.com.br\/wp-json\/wp\/v2\/posts"}],"about":[{"href":"https:\/\/diariodaregiao.audiencelabs.com.br\/wp-json\/wp\/v2\/types\/post"}],"author":[{"embeddable":true,"href":"https:\/\/diariodaregiao.audiencelabs.com.br\/wp-json\/wp\/v2\/users\/5"}],"replies":[{"embeddable":true,"href":"https:\/\/diariodaregiao.audiencelabs.com.br\/wp-json\/wp\/v2\/comments?post=17720"}],"version-history":[{"count":3,"href":"https:\/\/diariodaregiao.audiencelabs.com.br\/wp-json\/wp\/v2\/posts\/17720\/revisions"}],"predecessor-version":[{"id":18399,"href":"https:\/\/diariodaregiao.audiencelabs.com.br\/wp-json\/wp\/v2\/posts\/17720\/revisions\/18399"}],"wp:featuredmedia":[{"embeddable":true,"href":"https:\/\/diariodaregiao.audiencelabs.com.br\/wp-json\/wp\/v2\/media\/17721"}],"wp:attachment":[{"href":"https:\/\/diariodaregiao.audiencelabs.com.br\/wp-json\/wp\/v2\/media?parent=17720"}],"wp:term":[{"taxonomy":"category","embeddable":true,"href":"https:\/\/diariodaregiao.audiencelabs.com.br\/wp-json\/wp\/v2\/categories?post=17720"},{"taxonomy":"post_tag","embeddable":true,"href":"https:\/\/diariodaregiao.audiencelabs.com.br\/wp-json\/wp\/v2\/tags?post=17720"}],"curies":[{"name":"wp","href":"https:\/\/api.w.org\/{rel}","templated":true}]}}