{"id":17890,"date":"2026-03-05T12:20:00","date_gmt":"2026-03-05T15:20:00","guid":{"rendered":"https:\/\/diariodaregiao.audiencelabs.com.br\/?p=17890"},"modified":"2026-03-05T09:49:29","modified_gmt":"2026-03-05T12:49:29","slug":"viaduto-que-vinha-sendo-erguido-com-investimento-de-ate-r-523-milhoes-desaba-na-br-felizmente-ninguem-ficou-ferido","status":"publish","type":"post","link":"https:\/\/diariodaregiao.audiencelabs.com.br\/viaduto-que-vinha-sendo-erguido-com-investimento-de-ate-r-523-milhoes-desaba-na-br-felizmente-ninguem-ficou-ferido\/","title":{"rendered":"Viaduto que vinha sendo erguido com investimento de at\u00e9 R$ 52,3 milh\u00f5es desaba na BR, felizmente ningu\u00e9m ficou ferido"},"content":{"rendered":"\n<p>Um viaduto em constru\u00e7\u00e3o desabou no \u00faltimo s\u00e1bado durante obras na BR-470, na Serra Ga\u00facha. Apesar da gravidade do epis\u00f3dio, n\u00e3o houve registro de feridos.<\/p>\n\n\n\n<p>A estrutura met\u00e1lica fazia parte do projeto de reconstru\u00e7\u00e3o da rodovia ap\u00f3s as enchentes de 2024. O colapso ocorreu na regi\u00e3o da Serra das Antas, entre Bento Gon\u00e7alves e Veran\u00f3polis.<\/p>\n\n\n\n<figure class=\"wp-block-image size-full\"><img loading=\"lazy\" decoding=\"async\" width=\"920\" height=\"613\" src=\"https:\/\/diariodaregiao.audiencelabs.com.br\/wp-content\/uploads\/2026\/03\/5838712_e6558ad41e9933f-2.webp\" alt=\"\" class=\"wp-image-17891\" srcset=\"https:\/\/diariodaregiao.audiencelabs.com.br\/wp-content\/uploads\/2026\/03\/5838712_e6558ad41e9933f-2.webp 920w, https:\/\/diariodaregiao.audiencelabs.com.br\/wp-content\/uploads\/2026\/03\/5838712_e6558ad41e9933f-2-300x200.webp 300w, https:\/\/diariodaregiao.audiencelabs.com.br\/wp-content\/uploads\/2026\/03\/5838712_e6558ad41e9933f-2-768x512.webp 768w, https:\/\/diariodaregiao.audiencelabs.com.br\/wp-content\/uploads\/2026\/03\/5838712_e6558ad41e9933f-2-750x500.webp 750w\" sizes=\"auto, (max-width: 920px) 100vw, 920px\" \/><figcaption class=\"wp-element-caption\">Cr\u00e9ditos: Dnit \/ Divulga\u00e7\u00e3o<\/figcaption><\/figure>\n\n\n\n<h2 class=\"wp-block-heading\">Colapso durante fase de montagem<\/h2>\n\n\n\n<p>O incidente foi registrado no km 193, ponto considerado estrat\u00e9gico para a log\u00edstica regional. Segundo o Departamento Nacional de Infraestrutura de Transportes, o problema ocorreu durante um ajuste estrutural.<\/p>\n\n\n\n<p>Dois dias antes, a estrutura j\u00e1 havia apresentado uma tor\u00e7\u00e3o considerada at\u00edpica. T\u00e9cnicos acompanhavam a montagem quando houve o desabamento parcial do conjunto met\u00e1lico.<\/p>\n\n\n\n<p>Mesmo com o ocorrido, o tr\u00e1fego na rodovia n\u00e3o precisou ser interrompido. O fluxo de ve\u00edculos segue normal, sem bloqueios no trecho afetado.<\/p>\n\n\n\n<h2 class=\"wp-block-heading\">Pacote de R$ 52 milh\u00f5es em revis\u00e3o<\/h2>\n\n\n\n<p>A obra integra um investimento federal de at\u00e9 R$ 52,3 milh\u00f5es destinado \u00e0 constru\u00e7\u00e3o de dois viadutos nos kms 192 e 193. As estruturas previstas podem alcan\u00e7ar at\u00e9 96 metros de extens\u00e3o.<\/p>\n\n\n\n<p>O cronograma oficial aponta conclus\u00e3o no primeiro semestre de 2026. Os dispositivos s\u00e3o considerados essenciais para garantir seguran\u00e7a e fluidez na Serra das Antas.<\/p>\n\n\n\n<p>Ap\u00f3s o colapso, equipes t\u00e9cnicas iniciaram an\u00e1lise para identificar as causas. A apura\u00e7\u00e3o vai avaliar poss\u00edvel falha de execu\u00e7\u00e3o ou eventual problema em materiais.<\/p>\n\n\n\n<h2 class=\"wp-block-heading\">Pr\u00f3ximos passos e garantias<\/h2>\n\n\n\n<p>O DNIT informou que o contrato possui cobertura securit\u00e1ria integral. A estrutura danificada ser\u00e1 removida para que nova montagem seja realizada.<\/p>\n\n\n\n<p>De acordo com o \u00f3rg\u00e3o, o projeto estrutural n\u00e3o est\u00e1 comprometido. O epis\u00f3dio, at\u00e9 o momento, \u00e9 tratado como ocorr\u00eancia pontual na etapa de execu\u00e7\u00e3o.<\/p>\n\n\n\n<p>A reconstru\u00e7\u00e3o da BR-470 \u00e9 vista como prioridade log\u00edstica para o Rio Grande do Sul. O objetivo \u00e9 restabelecer plenamente a capacidade operacional da rodovia ap\u00f3s os danos clim\u00e1ticos recentes.<\/p>\n","protected":false},"excerpt":{"rendered":"<p>Um viaduto em constru\u00e7\u00e3o desabou no \u00faltimo s\u00e1bado durante obras na BR-470, na Serra Ga\u00facha. Apesar da gravidade do epis\u00f3dio, n\u00e3o houve registro de feridos. A estrutura met\u00e1lica fazia parte do projeto de reconstru\u00e7\u00e3o da rodovia ap\u00f3s as enchentes de 2024. O colapso ocorreu na regi\u00e3o da Serra das Antas, entre Bento Gon\u00e7alves e Veran\u00f3polis. [&hellip;]<\/p>\n","protected":false},"author":5,"featured_media":17892,"comment_status":"open","ping_status":"open","sticky":false,"template":"","format":"standard","meta":{"jnews-multi-image_gallery":[],"jnews_single_post":{"format":"standard"},"jnews_primary_category":[],"jnews_social_meta":[],"jnews_post_split":[],"footnotes":""},"categories":[1],"tags":[],"class_list":["post-17890","post","type-post","status-publish","format-standard","has-post-thumbnail","hentry","category-variedades"],"_links":{"self":[{"href":"https:\/\/diariodaregiao.audiencelabs.com.br\/wp-json\/wp\/v2\/posts\/17890","targetHints":{"allow":["GET"]}}],"collection":[{"href":"https:\/\/diariodaregiao.audiencelabs.com.br\/wp-json\/wp\/v2\/posts"}],"about":[{"href":"https:\/\/diariodaregiao.audiencelabs.com.br\/wp-json\/wp\/v2\/types\/post"}],"author":[{"embeddable":true,"href":"https:\/\/diariodaregiao.audiencelabs.com.br\/wp-json\/wp\/v2\/users\/5"}],"replies":[{"embeddable":true,"href":"https:\/\/diariodaregiao.audiencelabs.com.br\/wp-json\/wp\/v2\/comments?post=17890"}],"version-history":[{"count":1,"href":"https:\/\/diariodaregiao.audiencelabs.com.br\/wp-json\/wp\/v2\/posts\/17890\/revisions"}],"predecessor-version":[{"id":17893,"href":"https:\/\/diariodaregiao.audiencelabs.com.br\/wp-json\/wp\/v2\/posts\/17890\/revisions\/17893"}],"wp:featuredmedia":[{"embeddable":true,"href":"https:\/\/diariodaregiao.audiencelabs.com.br\/wp-json\/wp\/v2\/media\/17892"}],"wp:attachment":[{"href":"https:\/\/diariodaregiao.audiencelabs.com.br\/wp-json\/wp\/v2\/media?parent=17890"}],"wp:term":[{"taxonomy":"category","embeddable":true,"href":"https:\/\/diariodaregiao.audiencelabs.com.br\/wp-json\/wp\/v2\/categories?post=17890"},{"taxonomy":"post_tag","embeddable":true,"href":"https:\/\/diariodaregiao.audiencelabs.com.br\/wp-json\/wp\/v2\/tags?post=17890"}],"curies":[{"name":"wp","href":"https:\/\/api.w.org\/{rel}","templated":true}]}}