{"id":18163,"date":"2026-03-06T10:50:00","date_gmt":"2026-03-06T13:50:00","guid":{"rendered":"https:\/\/diariodaregiao.audiencelabs.com.br\/?p=18163"},"modified":"2026-03-06T10:19:43","modified_gmt":"2026-03-06T13:19:43","slug":"prefeitura-aprova-reajuste-de-45-do-salario-dos-servidores-e-aumento-do-vale-refeicao","status":"publish","type":"post","link":"https:\/\/diariodaregiao.audiencelabs.com.br\/prefeitura-aprova-reajuste-de-45-do-salario-dos-servidores-e-aumento-do-vale-refeicao\/","title":{"rendered":"Prefeitura aprova reajuste de 4,5% do sal\u00e1rio dos servidores e aumento do vale-refei\u00e7\u00e3o"},"content":{"rendered":"\n<p>A Prefeitura de Po\u00e7os de Caldas apresentou recentemente a proposta oficial de reajuste salarial e do vale-refei\u00e7\u00e3o dos servidores p\u00fablicos municipais. O an\u00fancio aconteceu durante reuni\u00e3o de negocia\u00e7\u00f5es com representantes do funcionalismo, realizada nesta semana.<\/p>\n\n\n\n<p>Conforme divulgado pelo \u00f3rg\u00e3o municipal, a proposta prev\u00ea reajuste de 4,5% nos vencimentos, assim garantindo a reposi\u00e7\u00e3o inflacion\u00e1ria e assegurando ganho real. J\u00e1 o vale-alimenta\u00e7\u00e3o passa de R$ 780 para R$ 850, um reajuste de 8,97% &#8211; quase o dobro da infla\u00e7\u00e3o do per\u00edodo.<\/p>\n\n\n<div class=\"wp-block-image\">\n<figure class=\"aligncenter size-full\"><img loading=\"lazy\" decoding=\"async\" width=\"1024\" height=\"768\" src=\"https:\/\/diariodaregiao.audiencelabs.com.br\/wp-content\/uploads\/2026\/03\/prefeitura-fachada-2023-1024x768-1.jpg\" alt=\"\" class=\"wp-image-18166\" srcset=\"https:\/\/diariodaregiao.audiencelabs.com.br\/wp-content\/uploads\/2026\/03\/prefeitura-fachada-2023-1024x768-1.jpg 1024w, https:\/\/diariodaregiao.audiencelabs.com.br\/wp-content\/uploads\/2026\/03\/prefeitura-fachada-2023-1024x768-1-300x225.jpg 300w, https:\/\/diariodaregiao.audiencelabs.com.br\/wp-content\/uploads\/2026\/03\/prefeitura-fachada-2023-1024x768-1-768x576.jpg 768w, https:\/\/diariodaregiao.audiencelabs.com.br\/wp-content\/uploads\/2026\/03\/prefeitura-fachada-2023-1024x768-1-750x563.jpg 750w\" sizes=\"auto, (max-width: 1024px) 100vw, 1024px\" \/><figcaption class=\"wp-element-caption\">Cr\u00e9ditos: Prefeitura de Po\u00e7os de Caldas<\/figcaption><\/figure>\n<\/div>\n\n\n<p>De acordo com o Executivo, a medida foi poss\u00edvel gra\u00e7as a um esfor\u00e7o significativo diante da redu\u00e7\u00e3o nos repasses federais. Essa mudan\u00e7a de cen\u00e1rio impacta diretamente na arrecada\u00e7\u00e3o municipal e, consequentemente, exige planejamento rigoroso das contas p\u00fablicas por parte da administra\u00e7\u00e3o.<\/p>\n\n\n\n<p>\u201cA valoriza\u00e7\u00e3o do servidor \u00e9 prioridade da nossa gest\u00e3o, pois s\u00e3o esses profissionais que garantem o funcionamento dos servi\u00e7os p\u00fablicos diariamente. Ao mesmo tempo, precisamos manter a responsabilidade fiscal. Constru\u00edmos uma proposta equilibrada, compat\u00edvel com a realidade financeira do munic\u00edpio\u201d, destacou a Prefeitura.<\/p>\n\n\n\n<h2 class=\"wp-block-heading\">Reajuste beneficia economia local<\/h2>\n\n\n\n<p>Ainda segundo a Prefeitura de Po\u00e7os de Caldas, o aumento do vale-refei\u00e7\u00e3o vai al\u00e9m de um simples reajuste. \u00c9 uma iniciativa que beneficia diretamente as fam\u00edlias dos servidores e tamb\u00e9m fortalece o com\u00e9rcio local, uma vez que o dinheiro \u00e9 integralmente investido na economia da cidade mineira.<\/p>\n\n\n\n<p>Os \u00edndices inseridos na proposta est\u00e3o dentro da Lei de Responsabilidade Fiscal, preservando o equil\u00edbrio das contas p\u00fablicas. O munic\u00edpio assegura que est\u00e1 aberto ao di\u00e1logo e que seguir\u00e1 conduzindo as negocia\u00e7\u00f5es com \u201ctranspar\u00eancia, responsabilidade e respeito, buscando um entendimento que concilie valoriza\u00e7\u00e3o profissional e sustentabilidade financeira\u201d<\/p>\n\n\n\n<p>Localizada na Regi\u00e3o Imediata de Po\u00e7os de Caldas e na Regi\u00e3o Geogr\u00e1fica Intermedi\u00e1ria de Pouso Alegre, a cidade de Po\u00e7os de Caldas possui 171.533 habitantes, de acordo com a estimativa do IBGE para 2024 e \u00e9 a 15\u00aa mais populosa do estado de Minas Gerais.<\/p>\n","protected":false},"excerpt":{"rendered":"<p>A Prefeitura de Po\u00e7os de Caldas apresentou recentemente a proposta oficial de reajuste salarial e do vale-refei\u00e7\u00e3o dos servidores p\u00fablicos municipais. O an\u00fancio aconteceu durante reuni\u00e3o de negocia\u00e7\u00f5es com representantes do funcionalismo, realizada nesta semana. Conforme divulgado pelo \u00f3rg\u00e3o municipal, a proposta prev\u00ea reajuste de 4,5% nos vencimentos, assim garantindo a reposi\u00e7\u00e3o inflacion\u00e1ria e assegurando [&hellip;]<\/p>\n","protected":false},"author":14,"featured_media":15034,"comment_status":"open","ping_status":"open","sticky":false,"template":"","format":"standard","meta":{"jnews-multi-image_gallery":[],"jnews_single_post":{"format":"standard"},"jnews_primary_category":[],"jnews_social_meta":[],"jnews_post_split":[],"footnotes":""},"categories":[1],"tags":[],"class_list":["post-18163","post","type-post","status-publish","format-standard","has-post-thumbnail","hentry","category-variedades"],"_links":{"self":[{"href":"https:\/\/diariodaregiao.audiencelabs.com.br\/wp-json\/wp\/v2\/posts\/18163","targetHints":{"allow":["GET"]}}],"collection":[{"href":"https:\/\/diariodaregiao.audiencelabs.com.br\/wp-json\/wp\/v2\/posts"}],"about":[{"href":"https:\/\/diariodaregiao.audiencelabs.com.br\/wp-json\/wp\/v2\/types\/post"}],"author":[{"embeddable":true,"href":"https:\/\/diariodaregiao.audiencelabs.com.br\/wp-json\/wp\/v2\/users\/14"}],"replies":[{"embeddable":true,"href":"https:\/\/diariodaregiao.audiencelabs.com.br\/wp-json\/wp\/v2\/comments?post=18163"}],"version-history":[{"count":1,"href":"https:\/\/diariodaregiao.audiencelabs.com.br\/wp-json\/wp\/v2\/posts\/18163\/revisions"}],"predecessor-version":[{"id":18167,"href":"https:\/\/diariodaregiao.audiencelabs.com.br\/wp-json\/wp\/v2\/posts\/18163\/revisions\/18167"}],"wp:featuredmedia":[{"embeddable":true,"href":"https:\/\/diariodaregiao.audiencelabs.com.br\/wp-json\/wp\/v2\/media\/15034"}],"wp:attachment":[{"href":"https:\/\/diariodaregiao.audiencelabs.com.br\/wp-json\/wp\/v2\/media?parent=18163"}],"wp:term":[{"taxonomy":"category","embeddable":true,"href":"https:\/\/diariodaregiao.audiencelabs.com.br\/wp-json\/wp\/v2\/categories?post=18163"},{"taxonomy":"post_tag","embeddable":true,"href":"https:\/\/diariodaregiao.audiencelabs.com.br\/wp-json\/wp\/v2\/tags?post=18163"}],"curies":[{"name":"wp","href":"https:\/\/api.w.org\/{rel}","templated":true}]}}