{"id":18325,"date":"2026-03-09T12:10:00","date_gmt":"2026-03-09T15:10:00","guid":{"rendered":"https:\/\/diariodaregiao.audiencelabs.com.br\/?p=18325"},"modified":"2026-03-09T15:19:59","modified_gmt":"2026-03-09T18:19:59","slug":"felipe-massa-acertou-na-loteria-com-filho-mini-genio-das-pistas","status":"publish","type":"post","link":"https:\/\/diariodaregiao.audiencelabs.com.br\/felipe-massa-acertou-na-loteria-com-filho-mini-genio-das-pistas\/","title":{"rendered":"Felipe Massa acertou na loteria com filho mini g\u00eanio das pistas"},"content":{"rendered":"\n<p>Parece que o legado de Felipe Massa no automobilismo ser\u00e1 levado adiante por seu filho, Pipo Massa. O menino prod\u00edgio estreou neste fim de semana nas pistas com duas vit\u00f3rias nas provas classe rookie da etapa de abertura da temporada 2026 da Porsche Carrera Cup, em Interlagos.<\/p>\n\n\n\n<p>O garoto chegou \u00e0 categoria depois de um dia de testes no ano passado em Interlagos e mais dois dias em Portim\u00e3o, em Portugal, realizados este ano. Pipo buscou dar o maior n\u00famero de voltas poss\u00edvel desde os primeiros treinos de pr\u00e9-temporada, tanto na chuva quanto no seco, para pegar a m\u00e3o do carro.<\/p>\n\n\n<div class=\"wp-block-image\">\n<figure class=\"aligncenter size-large\"><img loading=\"lazy\" decoding=\"async\" width=\"1024\" height=\"905\" src=\"https:\/\/diariodaregiao.audiencelabs.com.br\/wp-content\/uploads\/2026\/03\/SaveClip.App_643204398_18573127504026837_437860265099574942_n-e1773066203843-1024x905.jpg\" alt=\"\" class=\"wp-image-18331\" srcset=\"https:\/\/diariodaregiao.audiencelabs.com.br\/wp-content\/uploads\/2026\/03\/SaveClip.App_643204398_18573127504026837_437860265099574942_n-e1773066203843-1024x905.jpg 1024w, https:\/\/diariodaregiao.audiencelabs.com.br\/wp-content\/uploads\/2026\/03\/SaveClip.App_643204398_18573127504026837_437860265099574942_n-e1773066203843-300x265.jpg 300w, https:\/\/diariodaregiao.audiencelabs.com.br\/wp-content\/uploads\/2026\/03\/SaveClip.App_643204398_18573127504026837_437860265099574942_n-e1773066203843-768x679.jpg 768w, https:\/\/diariodaregiao.audiencelabs.com.br\/wp-content\/uploads\/2026\/03\/SaveClip.App_643204398_18573127504026837_437860265099574942_n-e1773066203843-750x663.jpg 750w, https:\/\/diariodaregiao.audiencelabs.com.br\/wp-content\/uploads\/2026\/03\/SaveClip.App_643204398_18573127504026837_437860265099574942_n-e1773066203843.jpg 1080w\" sizes=\"auto, (max-width: 1024px) 100vw, 1024px\" \/><figcaption class=\"wp-element-caption\">Cr\u00e9ditos: Instagram\/Felipe Massa<\/figcaption><\/figure>\n<\/div>\n\n\n<p>Pipo garantiu a pole position na categoria rookie no treino classificat\u00f3rio do \u00faltimo s\u00e1bado e poucas horas depois venceu a primeira corrida de ponta a ponta. No domingo, largou novamente na lideran\u00e7a, perdeu a primeira posi\u00e7\u00e3o no decorrer do trajeto, mas recuperou o posto antes de cruzar a linha de chegada.<\/p>\n\n\n\n<p>Em uma corrida precisou defender e na outra atacar para ganhar os resultados positivos na estreia. Um cen\u00e1rio perfeito para o jovem talento que, com apenas 16 anos de idade, tornou-se o piloto mais jovem a vencer na Porsche Carrera Cup.<\/p>\n\n\n\n<h2 class=\"wp-block-heading\">Filho de Felipe Massa celebrou as vit\u00f3rias<\/h2>\n\n\n\n<p>Ap\u00f3s o t\u00e9rmino da etapa, Pipo avaliou as duas corridas e destacou a experi\u00eancia que elas lhe deram para a sequ\u00eancia da carreira. O garoto agradeceu o apoio de quem est\u00e1 ao seu lado neste in\u00edcio e afirmou estar pronto para o pr\u00f3ximo desafio.<\/p>\n\n\n\n<p>\u201cA gente conseguiu fazer duas provas com caracter\u00edsticas bem diferentes, uma defendendo mais e a outra atacando bem, o que me deu muita experi\u00eancia de corrida logo de cara, coisa que eu n\u00e3o tinha.<\/p>\n\n\n\n<p>Estou muito feliz de conseguir estrear ganhando e agrade\u00e7o demais a Deus, \u00e0 minha fam\u00edlia, aos meus amigos e aos meus patrocinadores por todo o apoio. Agora \u00e9 foco na pr\u00f3xima\u201d, disse.<\/p>\n","protected":false},"excerpt":{"rendered":"<p>Parece que o legado de Felipe Massa no automobilismo ser\u00e1 levado adiante por seu filho, Pipo Massa. O menino prod\u00edgio estreou neste fim de semana nas pistas com duas vit\u00f3rias nas provas classe rookie da etapa de abertura da temporada 2026 da Porsche Carrera Cup, em Interlagos. O garoto chegou \u00e0 categoria depois de um [&hellip;]<\/p>\n","protected":false},"author":14,"featured_media":18330,"comment_status":"open","ping_status":"open","sticky":false,"template":"","format":"standard","meta":{"jnews-multi-image_gallery":[],"jnews_single_post":{"format":"standard"},"jnews_primary_category":[],"jnews_social_meta":[],"jnews_post_split":[],"footnotes":""},"categories":[1],"tags":[],"class_list":["post-18325","post","type-post","status-publish","format-standard","has-post-thumbnail","hentry","category-variedades"],"_links":{"self":[{"href":"https:\/\/diariodaregiao.audiencelabs.com.br\/wp-json\/wp\/v2\/posts\/18325","targetHints":{"allow":["GET"]}}],"collection":[{"href":"https:\/\/diariodaregiao.audiencelabs.com.br\/wp-json\/wp\/v2\/posts"}],"about":[{"href":"https:\/\/diariodaregiao.audiencelabs.com.br\/wp-json\/wp\/v2\/types\/post"}],"author":[{"embeddable":true,"href":"https:\/\/diariodaregiao.audiencelabs.com.br\/wp-json\/wp\/v2\/users\/14"}],"replies":[{"embeddable":true,"href":"https:\/\/diariodaregiao.audiencelabs.com.br\/wp-json\/wp\/v2\/comments?post=18325"}],"version-history":[{"count":1,"href":"https:\/\/diariodaregiao.audiencelabs.com.br\/wp-json\/wp\/v2\/posts\/18325\/revisions"}],"predecessor-version":[{"id":18332,"href":"https:\/\/diariodaregiao.audiencelabs.com.br\/wp-json\/wp\/v2\/posts\/18325\/revisions\/18332"}],"wp:featuredmedia":[{"embeddable":true,"href":"https:\/\/diariodaregiao.audiencelabs.com.br\/wp-json\/wp\/v2\/media\/18330"}],"wp:attachment":[{"href":"https:\/\/diariodaregiao.audiencelabs.com.br\/wp-json\/wp\/v2\/media?parent=18325"}],"wp:term":[{"taxonomy":"category","embeddable":true,"href":"https:\/\/diariodaregiao.audiencelabs.com.br\/wp-json\/wp\/v2\/categories?post=18325"},{"taxonomy":"post_tag","embeddable":true,"href":"https:\/\/diariodaregiao.audiencelabs.com.br\/wp-json\/wp\/v2\/tags?post=18325"}],"curies":[{"name":"wp","href":"https:\/\/api.w.org\/{rel}","templated":true}]}}