{"id":19282,"date":"2026-03-17T19:35:00","date_gmt":"2026-03-17T22:35:00","guid":{"rendered":"https:\/\/diariodaregiao.audiencelabs.com.br\/?p=19282"},"modified":"2026-03-17T15:27:55","modified_gmt":"2026-03-17T18:27:55","slug":"novo-aeroporto-de-r-800-milhoes-com-22-milhoes-de-m%c2%b2-e-225-hangares-promete-revolucionar-a-economia-de-pequena-cidade-do-sul-do-brasil","status":"publish","type":"post","link":"https:\/\/diariodaregiao.audiencelabs.com.br\/novo-aeroporto-de-r-800-milhoes-com-22-milhoes-de-m%c2%b2-e-225-hangares-promete-revolucionar-a-economia-de-pequena-cidade-do-sul-do-brasil\/","title":{"rendered":"Novo aeroporto de R$ 800 milh\u00f5es com 2,2 milh\u00f5es de m\u00b2 e 225 hangares promete revolucionar a economia de pequena cidade do Sul do Brasil"},"content":{"rendered":"\n<p>Um novo aeroporto privado est\u00e1 prestes a ser implantado no Litoral Norte de Santa Catarina. O projeto, que envolve um investimento de R$ 800 milh\u00f5es, foi apresentado em um evento que contou com a presen\u00e7a de investidores, empres\u00e1rios e autoridades locais.<\/p>\n\n\n\n<p>O AeroPark ser\u00e1 constru\u00eddo em uma \u00e1rea que ultrapassa 2,2 milh\u00f5es de metros quadrados e incluir\u00e1 225 hangares. Essa infraestrutura n\u00e3o apenas atender\u00e1 \u00e0 demanda por transporte a\u00e9reo, mas tamb\u00e9m servir\u00e1 como um centro de avia\u00e7\u00e3o voltado para inova\u00e7\u00e3o econ\u00f4mica.&nbsp;<\/p>\n\n\n\n<h2 class=\"wp-block-heading\">Impacto econ\u00f4mico na regi\u00e3o<\/h2>\n\n\n<style>@media (min-width: 992px) {\n    .recomendadorV2Area1 {\n        width: 280px;\n    }\n    .recomendadorV2Area2 {\n        padding: 0px 20px;\n        width: calc(100% - 280px);\n    }\n}\n\n@media (max-width: 992px) {\n    .recomendadorV2Button {\n        margin: 0 auto;\n    }\n    .recomendadorV2Area {\n        flex-direction: column;\n        text-align: center;\n    }\n    .recomendadorV2Area2 {\n        padding: 0px 20px;\n    }\n}\n\n.recomendadorV2Area {\n    background: #eeeeee3d;\n    border-radius: 10px;\n    padding: 15px;\n    display: flex;\n    margin: 15px auto;\n    border: 1px solid #00000014;\n    max-width: 800px;\n}\n\n.recomendadorV2Area1 img {\n    width: 280px;\n    height: auto;\n    border-radius: 8px;\n}\n\n.linkrecomendadorv2 {\n    text-decoration: none !important;\n}\n\n.recomendadorV2Area2 .recomendadorV2Type {\n    text-transform: uppercase;\n    font-weight: 500;\n    font-size: 11px;\n    letter-spacing: 2px;\n    color: #666;\n    margin: 12px 0;\n    display: block;\n}\n\n.recomendadorV2Title h2 {\n    padding-top: 0px !important;\n    margin: 0px !important;\n    border-left: none !important;\n    padding-left: 0px !important;\n    line-height: 1.3;\n    color: #000 !important;\n    font-size: 24px;\n    margin-bottom: 12px !important;\n}\n\n.recomendadorV2Desc {\n    color: #333;\n    margin: 12px 0px !important;\n    font-size: 15px;\n    line-height: 1.5;\n}\n\n.recomendadorV2Button {\n    width: auto;\n    max-width: 200px;\n    margin: 0;\n    display: inline-flex;\n    align-items: center;\n    background: #1D3557;\n    border-radius: 8px;\n    color: #fff;\n    height: 36px;\n    justify-content: center;\n    text-align: center;\n    font-size: 14px;\n    padding: 0 20px;\n    transition: background-color 0.2s ease;\n}\n\n.recomendadorV2Button:hover {\n    background: #2a4d7a;\n}\n\n.recomendadorV2Button:after {\n    margin-top: -2px;\n    content: \"\u2192\";\n    padding: 0px 0px 0px 8px;\n}\n\n.recomendadorV2Alert {\n    text-align: left;\n    font-size: 11px;\n    margin-top: 8px;\n    color: #666;\n}\n\n.recomendadorFixedArea {\n    width: 100%;\n    display: flex;\n    justify-content: center;\n    align-items: center;\n}\n\n@media (min-width: 992px) {\n    #recomendadorFixed {\n        width: 32% !important;\n        left: 5%;\n    }\n    .recomendadorCloseFixed{\n        right: inherit !important;\n        left: 378px !important;\n    }\n}\n\n#recomendadorFixed {\n    width: 90%;\n    box-shadow: 0 10px 20px 0px #00000057;\n    display: none;\n    height: 90px;\n    background: #F6F6F6;\n    position: fixed;\n    flex-direction: row;\n    bottom: 10px;\n    z-index: 9999;\n    border-radius: 16px;\n    padding: 7px 10px;\n}\n\n.recomendadorLeftArea {\n    width: 160px;\n}\n\n.recomendadorRightArea h2 {\n    padding-top: 0px;\n    margin: 2px 0px 4px 0px !important;\n    font-weight: 400;\n    text-align: center;\n    padding-left: 0px !important;\n    color: #000 !important;\n    border-left: none !important;\n    line-height: 20px;\n    font-size: 12px !important;\n}\n\n.recomendadorImgFixed {\n    overflow: hidden;\n    padding: 8px 6px;\n    height: 100%;\n}\n\n.recomendadorImgFixed img {\n    height: 100% !important;\n    border-radius: 16px;\n}\n\n.recomendadorRightArea {\n    padding-top: 6px;\n    display: flex;\n    width: calc(100% - 130px);\n    justify-content: space-between;\n    align-items: center;\n    flex-direction: column;\n}\n\n.recomendadorButtonFixed {\n    margin: 0 auto;\n    background: #1D3557;\n    width: 80%;\n    text-align: center;\n    font-size: 10px;\n    color: #FFF;\n    padding: 2px 10px;\n    border-radius: 3px;\n}\n\n.recomendadorButtonFixed:after {\n    margin-top: -3px;\n    content: \"\u2192\";\n    padding: 0px 0px 0px 10px;\n}\n\n.recomendadorAlertFixed {\n    font-weight: 400;\n    text-align: center;\n    color: #484848;\n    font-size: 8px;\n}\n\n.recomendadorCloseFixed {\n    z-index: 99999;\n    display: none;\n    right: 0px;\n    left: inherit;\n    bottom: 99px;\n    position: fixed;\n    justify-content: center;\n    background: #F6F6F6;\n    width: 25px;\n    align-items: center;\n    height: 25px;\n    font-weight: 800;\n    border-radius: 50%;\n    border: 1px solid #EBEBEB;\n}\n\n.recomendadorV2Desc{\n    color: #000000;\n    margin: 20px 0px;\n}\n\n@media (max-width: 576px) {\n    .recomendadorV2Area {\n      padding: 10px;\n      max-width: 100%;\n    }\n  \n    .recomendadorV2Area1 img {\n      width: 100%;\n      border-radius: 6px;\n    }\n  \n    .recomendadorV2Area2 .recomendadorV2Type {\n      font-size: 9px;\n      letter-spacing: 1px;\n      margin: 8px 0;\n    }\n  \n    .recomendadorV2Title h2 {\n      font-size: 18px !important;\n      margin-bottom: 8px !important;\n      line-height: 1.2;\n    }\n  \n    .recomendadorV2Desc {\n      font-size: 14px;\n      margin: 8px 0 !important;\n      line-height: 1.4;\n    }\n  \n    .recomendadorV2Button {\n      font-size: 12px;\n      height: 30px;\n      padding: 0 12px;\n      max-width: 160px;\n    }\n  \n    .recomendadorV2Button:after {\n      padding-left: 6px;\n    }\n  }\n  <\/style>\n        <div class=\"lazyblock-recomendador-v2-2jDGz wp-block-lazyblock-recomendador-v2\">\n        <a class=\"linkrecomendadorv2\" href=\"https:\/\/diariodaregiao.com.br\/variedades\/gigante-brasileira-das-farmacias-faz-investimento-pesado-de-r-100-milhoes-para-construir-nova-fabrica-e-gerar-539-novos-empregos\/?utm_source=lazy\" target=\"_blank\" rel=\"noopener\">\n            <div class=\"recomendadorV2Area\">\n            <div class=\"recomendadorV2Area1\">\n                <div class=\"recomendadorV2Img\">\n                <img class=\"lazyloaded\" decoding=\"async\" src=\"https:\/\/diariodaregiao.com.br\/variedades\/wp-content\/uploads\/2026\/03\/roberto-sorin-RS0-h_pyByk-unsplash-1-1140x570.jpg\" data-src=\"https:\/\/diariodaregiao.com.br\/variedades\/wp-content\/uploads\/2026\/03\/roberto-sorin-RS0-h_pyByk-unsplash-1-1140x570.jpg\" alt=\"\">\n                <\/div>\n            <\/div>\n            <div class=\"recomendadorV2Area2\">\n                <div class=\"recomendadorV2Type\">\n                    <span>Ind\u00fastria forte<\/span>\n                <\/div>\n                <div class=\"recomendadorV2Title\">\n                <h2><span>Investimento gigante \ud83d\udc8a<\/span><\/h2>\n                <\/div>\n                <div class=\"recomendadorV2Desc\">\n                <span>Farmac\u00eautica vai gerar mais de 500 vagas<\/span>\n                <\/div>\n                <div class=\"recomendadorV2Button\">Ver not\u00edcia<\/div>\n                <div class=\"recomendadorV2Alert\"><\/div>\n            <\/div>\n            <\/div>\n        <\/a>\n        <div>\n            <div style=\"z-index:99999;\" id=\"buttonClose\" onclick=\"closeRecomendadorFixed()\">\n            <div class=\"recomendadorCloseFixed\">X<\/div>\n            <\/div>\n            <a href=\"https:\/\/diariodaregiao.com.br\/variedades\/gigante-brasileira-das-farmacias-faz-investimento-pesado-de-r-100-milhoes-para-construir-nova-fabrica-e-gerar-539-novos-empregos\/?utm_source=lazy\" target=\"_blank\" rel=\"noopener\">\n            <div class=\"recomendadorFixedArea\">\n                <div id=\"recomendadorFixed\">\n                <div class=\"recomendadorLeftArea\">\n                    <div class=\"recomendadorImgFixed\">\n                    <img class=\"lazyload\" decoding=\"async\" src=\"https:\/\/diariodaregiao.com.br\/variedades\/wp-content\/uploads\/2026\/03\/roberto-sorin-RS0-h_pyByk-unsplash-1-1140x570.jpg\" alt=\"\">\n                    <\/div>\n                <\/div>\n                <div class=\"recomendadorRightArea\">\n                    <div class=\"recomendadorTitleFixed\">\n                    <h2><span>Investimento gigante \ud83d\udc8a<\/span><\/h2>\n                    <\/div>\n                    <div class=\"recomendadorButtonFixed\">Ver not\u00edcia<\/div>\n                    <div class=\"recomendadorAlertFixed\"><\/div>\n                <\/div>\n                <\/div>\n            <\/div>\n            <\/a>\n        <\/div>\n        <\/div>\n\n\n\n<p>Os idealizadores do projeto afirmam que o AeroPark tem o potencial de transformar a economia local. A nova infraestrutura deve ampliar a conectividade da regi\u00e3o e diversificar a economia, especialmente em um momento de crescimento acelerado em torno de Balne\u00e1rio Cambori\u00fa.<\/p>\n\n\n\n<p>A expectativa \u00e9 que o aeroporto gere novos empregos e promova a movimenta\u00e7\u00e3o econ\u00f4mica, estimulando o surgimento de novos neg\u00f3cios na localidade. O financiamento do AeroPark ser\u00e1 totalmente privado, sem a utiliza\u00e7\u00e3o de recursos p\u00fablicos.<\/p>\n\n\n\n<p>O investimento estimado em R$ 800 milh\u00f5es reflete a confian\u00e7a do setor empresarial no potencial de crescimento de Cambori\u00fa. Contudo, as obras do aeroporto ainda dependem da obten\u00e7\u00e3o de licen\u00e7as ambientais, um processo que pode levar cerca de 12 meses. Somente ap\u00f3s essa etapa ser\u00e1 definido o cronograma para o in\u00edcio da constru\u00e7\u00e3o.<\/p>\n\n\n\n<p>O evento de lan\u00e7amento do AeroPark contou com a participa\u00e7\u00e3o de autoridades regionais, incluindo a prefeita de Balne\u00e1rio Cambori\u00fa, Juliana Pavan, e o prefeito de Cambori\u00fa, Leonel Pavan.<\/p>\n\n\n\n<p>Durante a apresenta\u00e7\u00e3o, tamb\u00e9m foi introduzido o projeto \u201cNova Cambori\u00fa\u201d, que abrange diversas iniciativas urbanas, como a constru\u00e7\u00e3o de um aut\u00f3dromo e um parque tecnol\u00f3gico. Essas iniciativas visam modernizar a infraestrutura urbana e promover o desenvolvimento sustent\u00e1vel na regi\u00e3o.<\/p>\n","protected":false},"excerpt":{"rendered":"<p>Um novo aeroporto privado est\u00e1 prestes a ser implantado no Litoral Norte de Santa Catarina. O projeto, que envolve um investimento de R$ 800 milh\u00f5es, foi apresentado em um evento que contou com a presen\u00e7a de investidores, empres\u00e1rios e autoridades locais. O AeroPark ser\u00e1 constru\u00eddo em uma \u00e1rea que ultrapassa 2,2 milh\u00f5es de metros quadrados [&hellip;]<\/p>\n","protected":false},"author":4,"featured_media":19284,"comment_status":"open","ping_status":"open","sticky":false,"template":"","format":"standard","meta":{"jnews-multi-image_gallery":[],"jnews_single_post":{"format":"standard"},"jnews_primary_category":[],"jnews_social_meta":[],"jnews_post_split":[],"footnotes":""},"categories":[1],"tags":[],"class_list":["post-19282","post","type-post","status-publish","format-standard","has-post-thumbnail","hentry","category-variedades"],"_links":{"self":[{"href":"https:\/\/diariodaregiao.audiencelabs.com.br\/wp-json\/wp\/v2\/posts\/19282","targetHints":{"allow":["GET"]}}],"collection":[{"href":"https:\/\/diariodaregiao.audiencelabs.com.br\/wp-json\/wp\/v2\/posts"}],"about":[{"href":"https:\/\/diariodaregiao.audiencelabs.com.br\/wp-json\/wp\/v2\/types\/post"}],"author":[{"embeddable":true,"href":"https:\/\/diariodaregiao.audiencelabs.com.br\/wp-json\/wp\/v2\/users\/4"}],"replies":[{"embeddable":true,"href":"https:\/\/diariodaregiao.audiencelabs.com.br\/wp-json\/wp\/v2\/comments?post=19282"}],"version-history":[{"count":2,"href":"https:\/\/diariodaregiao.audiencelabs.com.br\/wp-json\/wp\/v2\/posts\/19282\/revisions"}],"predecessor-version":[{"id":19289,"href":"https:\/\/diariodaregiao.audiencelabs.com.br\/wp-json\/wp\/v2\/posts\/19282\/revisions\/19289"}],"wp:featuredmedia":[{"embeddable":true,"href":"https:\/\/diariodaregiao.audiencelabs.com.br\/wp-json\/wp\/v2\/media\/19284"}],"wp:attachment":[{"href":"https:\/\/diariodaregiao.audiencelabs.com.br\/wp-json\/wp\/v2\/media?parent=19282"}],"wp:term":[{"taxonomy":"category","embeddable":true,"href":"https:\/\/diariodaregiao.audiencelabs.com.br\/wp-json\/wp\/v2\/categories?post=19282"},{"taxonomy":"post_tag","embeddable":true,"href":"https:\/\/diariodaregiao.audiencelabs.com.br\/wp-json\/wp\/v2\/tags?post=19282"}],"curies":[{"name":"wp","href":"https:\/\/api.w.org\/{rel}","templated":true}]}}