{"id":2033,"date":"2025-11-14T16:00:00","date_gmt":"2025-11-14T19:00:00","guid":{"rendered":"https:\/\/diariodaregiao.audiencelabs.com.br\/?p=2033"},"modified":"2025-11-14T16:04:39","modified_gmt":"2025-11-14T19:04:39","slug":"tecnologia-revolucionaria-salvou-apartamento-de-neymar-apos-ser-atingido-por-ciclone-de-120-km-h","status":"publish","type":"post","link":"https:\/\/diariodaregiao.audiencelabs.com.br\/tecnologia-revolucionaria-salvou-apartamento-de-neymar-apos-ser-atingido-por-ciclone-de-120-km-h\/","title":{"rendered":"Tecnologia revolucion\u00e1ria salvou apartamento de Neymar ap\u00f3s ser atingido por ciclone de 120 km\/h"},"content":{"rendered":"\n<p>Neymar, estrela do Santos, viveu um susto daqueles em julho de 2023. Na \u00e9poca, um ciclone extratropical atingiu Santa Catarina com ventos de at\u00e9 120 km\/h, deixando moradores apreensivos. A for\u00e7a da tempestade surpreendeu at\u00e9 quem acompanhava tudo de longe.<\/p>\n\n\n\n<p>O jogador, que possui um apartamento de luxo no Yachthouse Residence, em Balne\u00e1rio Cambori\u00fa, viu imagens das torres balan\u00e7ando com o vento. Nas redes sociais, o v\u00eddeo viralizou rapidamente. Muitos f\u00e3s ficaram preocupados com a possibilidade de desabamento.<\/p>\n\n\n\n<h2 class=\"wp-block-heading\">Pr\u00e9dio onde Neymar tem apartamento foi projetado para suportar<\/h2>\n\n\n\n<p>Os edif\u00edcios, por\u00e9m, foram projetados para suportar ventos fortes, comuns na regi\u00e3o em determinadas \u00e9pocas. A construtora respons\u00e1vel garantiu que a movimenta\u00e7\u00e3o das torres faz parte do projeto. Trata-se de um mecanismo de seguran\u00e7a para evitar danos estruturais.<\/p>\n\n\n\n<p>Segundo Alcino Pasqualotto Neto, presidente da construtora, o balan\u00e7o \u00e9 praticamente impercept\u00edvel para quem est\u00e1 dentro dos apartamentos. Ele explicou que os pr\u00e9dios foram planejados pensando em condi\u00e7\u00f5es clim\u00e1ticas severas. At\u00e9 ventos acima de 200 km\/h j\u00e1 estavam previstos no projeto.<\/p>\n\n\n\n<p>O especialista refor\u00e7ou que esse tipo de flexibilidade \u00e9 normal em edif\u00edcios muito altos. Assim, eles conseguem dissipar a for\u00e7a do vento sem afetar os moradores. Para quem vive ali, o conforto n\u00e3o \u00e9 comprometido.<\/p>\n\n\n\n<figure class=\"wp-block-embed is-type-video is-provider-youtube wp-block-embed-youtube wp-embed-aspect-9-16 wp-has-aspect-ratio\"><div class=\"wp-block-embed__wrapper\">\n<div class=\"jeg_video_container jeg_video_content\"><iframe loading=\"lazy\" title=\"Cobertura do NEYMAR balan\u00e7ando com o vento #neymar #balneariocamboriu #santacatarina #cr7\" width=\"422\" height=\"750\" src=\"https:\/\/www.youtube.com\/embed\/qLLIjWDEUbg?feature=oembed\" frameborder=\"0\" allow=\"accelerometer; autoplay; clipboard-write; encrypted-media; gyroscope; picture-in-picture; web-share\" referrerpolicy=\"strict-origin-when-cross-origin\" allowfullscreen><\/iframe><\/div>\n<\/div><\/figure>\n\n\n\n<h2 class=\"wp-block-heading\"><strong>Paran\u00e1 foi atingindo por um ciclone ainda mais forte na semana passada<\/strong><\/h2>\n\n\n\n<p>Enquanto o epis\u00f3dio em Santa Catarina gerou susto, outro fen\u00f4meno ainda mais intenso atingiu o Paran\u00e1 recentemente. Um ciclone de maiores propor\u00e7\u00f5es causou destrui\u00e7\u00e3o em diversas cidades. Os estragos chamaram a aten\u00e7\u00e3o pela for\u00e7a incomum do vento.<\/p>\n\n\n\n<p>O Sistema de Tecnologia e Monitoramento Ambiental do Paran\u00e1 (Simepar) classificou o tornado como F3 na escala Fujita, com rajadas de vento que chegaram a 330 km\/h. A cidade de Rio Bonito do Igua\u00e7u teve 90% de suas \u00e1reas devastadas.<\/p>\n\n\n\n<p>O desastre causou seis mortes em Rio Bonito do Igua\u00e7u e uma v\u00edtima fatal em Guarapuava. Conforme dados da Secretaria de Estado da Sa\u00fade (Sesa), ao menos 835 pessoas ficaram feridas e precisaram receber cuidados m\u00e9dicos.<\/p>\n\n\n\n<p>O impacto do tornado foi severo, provocando grandes danos e um alto n\u00famero de v\u00edtimas nas duas cidades, exigindo resposta r\u00e1pida das autoridades de sa\u00fade e emerg\u00eancia.<\/p>\n","protected":false},"excerpt":{"rendered":"<p>Neymar, estrela do Santos, viveu um susto daqueles em julho de 2023. Na \u00e9poca, um ciclone extratropical atingiu Santa Catarina com ventos de at\u00e9 120 km\/h, deixando moradores apreensivos. A for\u00e7a da tempestade surpreendeu at\u00e9 quem acompanhava tudo de longe. O jogador, que possui um apartamento de luxo no Yachthouse Residence, em Balne\u00e1rio Cambori\u00fa, viu [&hellip;]<\/p>\n","protected":false},"author":2,"featured_media":1481,"comment_status":"open","ping_status":"open","sticky":false,"template":"","format":"standard","meta":{"jnews-multi-image_gallery":[],"jnews_single_post":{"format":"standard"},"jnews_primary_category":[],"jnews_social_meta":[],"jnews_post_split":[],"footnotes":""},"categories":[1],"tags":[],"class_list":["post-2033","post","type-post","status-publish","format-standard","has-post-thumbnail","hentry","category-variedades"],"_links":{"self":[{"href":"https:\/\/diariodaregiao.audiencelabs.com.br\/wp-json\/wp\/v2\/posts\/2033","targetHints":{"allow":["GET"]}}],"collection":[{"href":"https:\/\/diariodaregiao.audiencelabs.com.br\/wp-json\/wp\/v2\/posts"}],"about":[{"href":"https:\/\/diariodaregiao.audiencelabs.com.br\/wp-json\/wp\/v2\/types\/post"}],"author":[{"embeddable":true,"href":"https:\/\/diariodaregiao.audiencelabs.com.br\/wp-json\/wp\/v2\/users\/2"}],"replies":[{"embeddable":true,"href":"https:\/\/diariodaregiao.audiencelabs.com.br\/wp-json\/wp\/v2\/comments?post=2033"}],"version-history":[{"count":3,"href":"https:\/\/diariodaregiao.audiencelabs.com.br\/wp-json\/wp\/v2\/posts\/2033\/revisions"}],"predecessor-version":[{"id":2094,"href":"https:\/\/diariodaregiao.audiencelabs.com.br\/wp-json\/wp\/v2\/posts\/2033\/revisions\/2094"}],"wp:featuredmedia":[{"embeddable":true,"href":"https:\/\/diariodaregiao.audiencelabs.com.br\/wp-json\/wp\/v2\/media\/1481"}],"wp:attachment":[{"href":"https:\/\/diariodaregiao.audiencelabs.com.br\/wp-json\/wp\/v2\/media?parent=2033"}],"wp:term":[{"taxonomy":"category","embeddable":true,"href":"https:\/\/diariodaregiao.audiencelabs.com.br\/wp-json\/wp\/v2\/categories?post=2033"},{"taxonomy":"post_tag","embeddable":true,"href":"https:\/\/diariodaregiao.audiencelabs.com.br\/wp-json\/wp\/v2\/tags?post=2033"}],"curies":[{"name":"wp","href":"https:\/\/api.w.org\/{rel}","templated":true}]}}