{"id":21100,"date":"2026-04-01T21:35:00","date_gmt":"2026-04-02T00:35:00","guid":{"rendered":"https:\/\/diariodaregiao.audiencelabs.com.br\/?p=21100"},"modified":"2026-04-01T16:46:07","modified_gmt":"2026-04-01T19:46:07","slug":"gigante-da-tecnologia-anuncia-a-demissao-de-10-mil-funcionarios-para-investir-em-ia","status":"publish","type":"post","link":"https:\/\/diariodaregiao.audiencelabs.com.br\/gigante-da-tecnologia-anuncia-a-demissao-de-10-mil-funcionarios-para-investir-em-ia\/","title":{"rendered":"Gigante da tecnologia anuncia a demiss\u00e3o de 10 mil funcion\u00e1rios para investir em IA"},"content":{"rendered":"\n<p>Uma gigante da tecnologia fundada por Larry Ellison, anunciou uma redu\u00e7\u00e3o significativa em sua for\u00e7a de trabalho, demitindo cerca de 10 mil funcion\u00e1rios. Essa decis\u00e3o foi comunicada por meio de um e-mail enviado na manh\u00e3 de 31 de mar\u00e7o, surpreendendo muitos colaboradores.&nbsp;<\/p>\n\n\n\n<p>O e-mail enviado aos funcion\u00e1rios demitidos foi claro ao afirmar que a decis\u00e3o foi tomada ap\u00f3s uma an\u00e1lise dos &#8220;necessidades atuais&#8221; da empresa. Os colaboradores informados sobre a rescis\u00e3o de seus contratos receberam uma indeniza\u00e7\u00e3o equivalente a um m\u00eas de sal\u00e1rio.<\/p>\n\n\n\n<p>A Oracle, que contava com aproximadamente 162 mil empregados at\u00e9 maio de 2025, est\u00e1 realinhando suas opera\u00e7\u00f5es para se adaptar \u00e0s exig\u00eancias do mercado, especialmente no setor de computa\u00e7\u00e3o em nuvem.<\/p>\n\n\n\n<h2 class=\"wp-block-heading\">Tecnologia: Investimentos em intelig\u00eancia artificial<\/h2>\n\n\n<style>@media (min-width: 992px) {\n    .recomendadorV2Area1 {\n        width: 280px;\n    }\n    .recomendadorV2Area2 {\n        padding: 0px 20px;\n        width: calc(100% - 280px);\n    }\n}\n\n@media (max-width: 992px) {\n    .recomendadorV2Button {\n        margin: 0 auto;\n    }\n    .recomendadorV2Area {\n        flex-direction: column;\n        text-align: center;\n    }\n    .recomendadorV2Area2 {\n        padding: 0px 20px;\n    }\n}\n\n.recomendadorV2Area {\n    background: #eeeeee3d;\n    border-radius: 10px;\n    padding: 15px;\n    display: flex;\n    margin: 15px auto;\n    border: 1px solid #00000014;\n    max-width: 800px;\n}\n\n.recomendadorV2Area1 img {\n    width: 280px;\n    height: auto;\n    border-radius: 8px;\n}\n\n.linkrecomendadorv2 {\n    text-decoration: none !important;\n}\n\n.recomendadorV2Area2 .recomendadorV2Type {\n    text-transform: uppercase;\n    font-weight: 500;\n    font-size: 11px;\n    letter-spacing: 2px;\n    color: #666;\n    margin: 12px 0;\n    display: block;\n}\n\n.recomendadorV2Title h2 {\n    padding-top: 0px !important;\n    margin: 0px !important;\n    border-left: none !important;\n    padding-left: 0px !important;\n    line-height: 1.3;\n    color: #000 !important;\n    font-size: 24px;\n    margin-bottom: 12px !important;\n}\n\n.recomendadorV2Desc {\n    color: #333;\n    margin: 12px 0px !important;\n    font-size: 15px;\n    line-height: 1.5;\n}\n\n.recomendadorV2Button {\n    width: auto;\n    max-width: 200px;\n    margin: 0;\n    display: inline-flex;\n    align-items: center;\n    background: #1D3557;\n    border-radius: 8px;\n    color: #fff;\n    height: 36px;\n    justify-content: center;\n    text-align: center;\n    font-size: 14px;\n    padding: 0 20px;\n    transition: background-color 0.2s ease;\n}\n\n.recomendadorV2Button:hover {\n    background: #2a4d7a;\n}\n\n.recomendadorV2Button:after {\n    margin-top: -2px;\n    content: \"\u2192\";\n    padding: 0px 0px 0px 8px;\n}\n\n.recomendadorV2Alert {\n    text-align: left;\n    font-size: 11px;\n    margin-top: 8px;\n    color: #666;\n}\n\n.recomendadorFixedArea {\n    width: 100%;\n    display: flex;\n    justify-content: center;\n    align-items: center;\n}\n\n@media (min-width: 992px) {\n    #recomendadorFixed {\n        width: 32% !important;\n        left: 5%;\n    }\n    .recomendadorCloseFixed{\n        right: inherit !important;\n        left: 378px !important;\n    }\n}\n\n#recomendadorFixed {\n    width: 90%;\n    box-shadow: 0 10px 20px 0px #00000057;\n    display: none;\n    height: 90px;\n    background: #F6F6F6;\n    position: fixed;\n    flex-direction: row;\n    bottom: 10px;\n    z-index: 9999;\n    border-radius: 16px;\n    padding: 7px 10px;\n}\n\n.recomendadorLeftArea {\n    width: 160px;\n}\n\n.recomendadorRightArea h2 {\n    padding-top: 0px;\n    margin: 2px 0px 4px 0px !important;\n    font-weight: 400;\n    text-align: center;\n    padding-left: 0px !important;\n    color: #000 !important;\n    border-left: none !important;\n    line-height: 20px;\n    font-size: 12px !important;\n}\n\n.recomendadorImgFixed {\n    overflow: hidden;\n    padding: 8px 6px;\n    height: 100%;\n}\n\n.recomendadorImgFixed img {\n    height: 100% !important;\n    border-radius: 16px;\n}\n\n.recomendadorRightArea {\n    padding-top: 6px;\n    display: flex;\n    width: calc(100% - 130px);\n    justify-content: space-between;\n    align-items: center;\n    flex-direction: column;\n}\n\n.recomendadorButtonFixed {\n    margin: 0 auto;\n    background: #1D3557;\n    width: 80%;\n    text-align: center;\n    font-size: 10px;\n    color: #FFF;\n    padding: 2px 10px;\n    border-radius: 3px;\n}\n\n.recomendadorButtonFixed:after {\n    margin-top: -3px;\n    content: \"\u2192\";\n    padding: 0px 0px 0px 10px;\n}\n\n.recomendadorAlertFixed {\n    font-weight: 400;\n    text-align: center;\n    color: #484848;\n    font-size: 8px;\n}\n\n.recomendadorCloseFixed {\n    z-index: 99999;\n    display: none;\n    right: 0px;\n    left: inherit;\n    bottom: 99px;\n    position: fixed;\n    justify-content: center;\n    background: #F6F6F6;\n    width: 25px;\n    align-items: center;\n    height: 25px;\n    font-weight: 800;\n    border-radius: 50%;\n    border: 1px solid #EBEBEB;\n}\n\n.recomendadorV2Desc{\n    color: #000000;\n    margin: 20px 0px;\n}\n\n@media (max-width: 576px) {\n    .recomendadorV2Area {\n      padding: 10px;\n      max-width: 100%;\n    }\n  \n    .recomendadorV2Area1 img {\n      width: 100%;\n      border-radius: 6px;\n    }\n  \n    .recomendadorV2Area2 .recomendadorV2Type {\n      font-size: 9px;\n      letter-spacing: 1px;\n      margin: 8px 0;\n    }\n  \n    .recomendadorV2Title h2 {\n      font-size: 18px !important;\n      margin-bottom: 8px !important;\n      line-height: 1.2;\n    }\n  \n    .recomendadorV2Desc {\n      font-size: 14px;\n      margin: 8px 0 !important;\n      line-height: 1.4;\n    }\n  \n    .recomendadorV2Button {\n      font-size: 12px;\n      height: 30px;\n      padding: 0 12px;\n      max-width: 160px;\n    }\n  \n    .recomendadorV2Button:after {\n      padding-left: 6px;\n    }\n  }\n  <\/style>\n        <div class=\"lazyblock-recomendador-v2-2jDGz wp-block-lazyblock-recomendador-v2\">\n        <a class=\"linkrecomendadorv2\" href=\"https:\/\/diariodaregiao.com.br\/variedades\/regiao-do-canada-atinge-assinaturas-minimas-para-pedir-separacao-do-restante-do-pais\/?utm_source=lazy\" target=\"_blank\" rel=\"noopener\">\n            <div class=\"recomendadorV2Area\">\n            <div class=\"recomendadorV2Area1\">\n                <div class=\"recomendadorV2Img\">\n                <img class=\"lazyloaded\" decoding=\"async\" src=\"https:\/\/diariodaregiao.com.br\/variedades\/wp-content\/uploads\/2026\/04\/Blog-Assinei_Vantagens-da-Assinatura-Eletronica-para-grandes-empresas_Creditos-Shutterstock-1140x570.jpg\" data-src=\"https:\/\/diariodaregiao.com.br\/variedades\/wp-content\/uploads\/2026\/04\/Blog-Assinei_Vantagens-da-Assinatura-Eletronica-para-grandes-empresas_Creditos-Shutterstock-1140x570.jpg\" alt=\"\">\n                <\/div>\n            <\/div>\n            <div class=\"recomendadorV2Area2\">\n                <div class=\"recomendadorV2Type\">\n                    <span>Separa\u00e7\u00e3o Canad\u00e1<\/span>\n                <\/div>\n                <div class=\"recomendadorV2Title\">\n                <h2><span>Divis\u00e3o real \ud83c\udde8\ud83c\udde6<\/span><\/h2>\n                <\/div>\n                <div class=\"recomendadorV2Desc\">\n                <span>Regi\u00e3o avan\u00e7a para se separar do pa\u00eds<\/span>\n                <\/div>\n                <div class=\"recomendadorV2Button\">Saiba mais<\/div>\n                <div class=\"recomendadorV2Alert\"><\/div>\n            <\/div>\n            <\/div>\n        <\/a>\n        <div>\n            <div style=\"z-index:99999;\" id=\"buttonClose\" onclick=\"closeRecomendadorFixed()\">\n            <div class=\"recomendadorCloseFixed\">X<\/div>\n            <\/div>\n            <a href=\"https:\/\/diariodaregiao.com.br\/variedades\/regiao-do-canada-atinge-assinaturas-minimas-para-pedir-separacao-do-restante-do-pais\/?utm_source=lazy\" target=\"_blank\" rel=\"noopener\">\n            <div class=\"recomendadorFixedArea\">\n                <div id=\"recomendadorFixed\">\n                <div class=\"recomendadorLeftArea\">\n                    <div class=\"recomendadorImgFixed\">\n                    <img class=\"lazyload\" decoding=\"async\" src=\"https:\/\/diariodaregiao.com.br\/variedades\/wp-content\/uploads\/2026\/04\/Blog-Assinei_Vantagens-da-Assinatura-Eletronica-para-grandes-empresas_Creditos-Shutterstock-1140x570.jpg\" alt=\"\">\n                    <\/div>\n                <\/div>\n                <div class=\"recomendadorRightArea\">\n                    <div class=\"recomendadorTitleFixed\">\n                    <h2><span>Divis\u00e3o real \ud83c\udde8\ud83c\udde6<\/span><\/h2>\n                    <\/div>\n                    <div class=\"recomendadorButtonFixed\">Saiba mais<\/div>\n                    <div class=\"recomendadorAlertFixed\"><\/div>\n                <\/div>\n                <\/div>\n            <\/div>\n            <\/a>\n        <\/div>\n        <\/div>\n\n\n\n<p>Enquanto realiza essas demiss\u00f5es, a Oracle planeja investir cerca de 50 bilh\u00f5es de d\u00f3lares em suas iniciativas de IA. Este investimento visa atender \u00e0 demanda crescente de clientes como Nvidia, Meta Platforms e OpenAI.<\/p>\n\n\n\n<p>A empresa tamb\u00e9m est\u00e1 envolvida no projeto Stargate, uma colabora\u00e7\u00e3o de 500 bilh\u00f5es de d\u00f3lares com outras grandes empresas para desenvolver capacidades de centros de dados nos Estados Unidos.<\/p>\n\n\n\n<p>A reestrutura\u00e7\u00e3o interna da Oracle j\u00e1 est\u00e1 mudando a forma como a empresa opera. A utiliza\u00e7\u00e3o de ferramentas de codifica\u00e7\u00e3o baseadas em IA permite que equipes menores ofere\u00e7am solu\u00e7\u00f5es mais r\u00e1pidas e completas aos clientes.&nbsp;<\/p>\n\n\n\n<p>Ap\u00f3s o an\u00fancio das demiss\u00f5es, as a\u00e7\u00f5es da Oracle tiveram uma leve alta de 2,5% na bolsa de valores, embora a empresa tenha enfrentado uma queda de mais de 27% no ano at\u00e9 agora.<\/p>\n\n\n\n<p>As demiss\u00f5es na Oracle e em outras empresas de tecnologia levantam quest\u00f5es sobre o futuro do trabalho no setor. Com mais de 70 empresas j\u00e1 cortando cerca de 40 mil empregos em 2026, a migra\u00e7\u00e3o para a IA est\u00e1 alterando a din\u00e2mica do mercado de trabalho.<\/p>\n","protected":false},"excerpt":{"rendered":"<p>Uma gigante da tecnologia fundada por Larry Ellison, anunciou uma redu\u00e7\u00e3o significativa em sua for\u00e7a de trabalho, demitindo cerca de 10 mil funcion\u00e1rios. Essa decis\u00e3o foi comunicada por meio de um e-mail enviado na manh\u00e3 de 31 de mar\u00e7o, surpreendendo muitos colaboradores.&nbsp; O e-mail enviado aos funcion\u00e1rios demitidos foi claro ao afirmar que a decis\u00e3o [&hellip;]<\/p>\n","protected":false},"author":4,"featured_media":21101,"comment_status":"open","ping_status":"open","sticky":false,"template":"","format":"standard","meta":{"jnews-multi-image_gallery":[],"jnews_single_post":{"format":"standard"},"jnews_primary_category":[],"jnews_social_meta":[],"jnews_post_split":[],"footnotes":""},"categories":[1],"tags":[],"class_list":["post-21100","post","type-post","status-publish","format-standard","has-post-thumbnail","hentry","category-variedades"],"_links":{"self":[{"href":"https:\/\/diariodaregiao.audiencelabs.com.br\/wp-json\/wp\/v2\/posts\/21100","targetHints":{"allow":["GET"]}}],"collection":[{"href":"https:\/\/diariodaregiao.audiencelabs.com.br\/wp-json\/wp\/v2\/posts"}],"about":[{"href":"https:\/\/diariodaregiao.audiencelabs.com.br\/wp-json\/wp\/v2\/types\/post"}],"author":[{"embeddable":true,"href":"https:\/\/diariodaregiao.audiencelabs.com.br\/wp-json\/wp\/v2\/users\/4"}],"replies":[{"embeddable":true,"href":"https:\/\/diariodaregiao.audiencelabs.com.br\/wp-json\/wp\/v2\/comments?post=21100"}],"version-history":[{"count":3,"href":"https:\/\/diariodaregiao.audiencelabs.com.br\/wp-json\/wp\/v2\/posts\/21100\/revisions"}],"predecessor-version":[{"id":21134,"href":"https:\/\/diariodaregiao.audiencelabs.com.br\/wp-json\/wp\/v2\/posts\/21100\/revisions\/21134"}],"wp:featuredmedia":[{"embeddable":true,"href":"https:\/\/diariodaregiao.audiencelabs.com.br\/wp-json\/wp\/v2\/media\/21101"}],"wp:attachment":[{"href":"https:\/\/diariodaregiao.audiencelabs.com.br\/wp-json\/wp\/v2\/media?parent=21100"}],"wp:term":[{"taxonomy":"category","embeddable":true,"href":"https:\/\/diariodaregiao.audiencelabs.com.br\/wp-json\/wp\/v2\/categories?post=21100"},{"taxonomy":"post_tag","embeddable":true,"href":"https:\/\/diariodaregiao.audiencelabs.com.br\/wp-json\/wp\/v2\/tags?post=21100"}],"curies":[{"name":"wp","href":"https:\/\/api.w.org\/{rel}","templated":true}]}}