{"id":2177,"date":"2026-01-04T17:25:08","date_gmt":"2026-01-04T20:25:08","guid":{"rendered":"https:\/\/diariodaregiao.audiencelabs.com.br\/?p=2177"},"modified":"2026-01-05T10:51:31","modified_gmt":"2026-01-05T13:51:31","slug":"cidade-do-interior-de-sao-paulo-vai-enterrar-todos-os-fios-de-luz","status":"publish","type":"post","link":"https:\/\/diariodaregiao.audiencelabs.com.br\/cidade-do-interior-de-sao-paulo-vai-enterrar-todos-os-fios-de-luz\/","title":{"rendered":"Cidade do interior de S\u00e3o Paulo vai enterrar todos os fios de luz"},"content":{"rendered":"\n<p>Uma cidade do litoral paulista aprovou uma lei que determina a instala\u00e7\u00e3o subterr\u00e2nea de todo o cabeamento urbano, substituindo fios de energia el\u00e9trica, telefonia, internet, TV a cabo e fibra \u00f3ptica atualmente presentes nos postes.<\/p>\n\n\n\n<p>A mudan\u00e7a tem como objetivo reorganizar o espa\u00e7o urbano do Guaruj\u00e1, reduzir riscos de acidentes e melhorar a estabilidade dos servi\u00e7os, al\u00e9m de eliminar a polui\u00e7\u00e3o visual que afeta regi\u00f5es tur\u00edsticas e \u00e1reas de grande circula\u00e7\u00e3o.<\/p>\n\n\n\n<p>Com a lei j\u00e1 sancionada, o munic\u00edpio ter\u00e1 180 dias para definir regras de fiscaliza\u00e7\u00e3o, crit\u00e9rios t\u00e9cnicos e responsabilidades das concession\u00e1rias. Ap\u00f3s essa regulamenta\u00e7\u00e3o, as empresas ter\u00e3o entre dois e cinco anos para retirar os cabos a\u00e9reos e concluir a instala\u00e7\u00e3o subterr\u00e2nea. O descumprimento das determina\u00e7\u00f5es resultar\u00e1 em multa, que pode dobrar em caso de reincid\u00eancia.&nbsp;<\/p>\n\n\n\n<figure class=\"wp-block-gallery has-nested-images columns-default is-cropped wp-block-gallery-1 is-layout-flex wp-block-gallery-is-layout-flex\">\n<figure class=\"wp-block-image size-large\"><img decoding=\"async\" data-id=\"2179\" src=\"https:\/\/diariodaregiao.audiencelabs.com.br\/wp-content\/uploads\/2025\/11\/enterrar-fios-eletricos.jpg\" alt=\"\" class=\"wp-image-2179\"\/><figcaption class=\"wp-element-caption\">Cr\u00e9ditos: Reprodu\u00e7\u00e3o<br><\/figcaption><\/figure>\n<\/figure>\n\n\n\n<h2 class=\"wp-block-heading\">Como ser\u00e1 feita a transi\u00e7\u00e3o para o cabeamento subterr\u00e2neo<\/h2>\n\n\n<style>@media (min-width: 992px) {\n    .recomendadorV2Area1 {\n        width: 280px;\n    }\n    .recomendadorV2Area2 {\n        padding: 0px 20px;\n        width: calc(100% - 280px);\n    }\n}\n\n@media (max-width: 992px) {\n    .recomendadorV2Button {\n        margin: 0 auto;\n    }\n    .recomendadorV2Area {\n        flex-direction: column;\n        text-align: center;\n    }\n    .recomendadorV2Area2 {\n        padding: 0px 20px;\n    }\n}\n\n.recomendadorV2Area {\n    background: #eeeeee3d;\n    border-radius: 10px;\n    padding: 15px;\n    display: flex;\n    margin: 15px auto;\n    border: 1px solid #00000014;\n    max-width: 800px;\n}\n\n.recomendadorV2Area1 img {\n    width: 280px;\n    height: auto;\n    border-radius: 8px;\n}\n\n.linkrecomendadorv2 {\n    text-decoration: none !important;\n}\n\n.recomendadorV2Area2 .recomendadorV2Type {\n    text-transform: uppercase;\n    font-weight: 500;\n    font-size: 11px;\n    letter-spacing: 2px;\n    color: #666;\n    margin: 12px 0;\n    display: block;\n}\n\n.recomendadorV2Title h2 {\n    padding-top: 0px !important;\n    margin: 0px !important;\n    border-left: none !important;\n    padding-left: 0px !important;\n    line-height: 1.3;\n    color: #000 !important;\n    font-size: 24px;\n    margin-bottom: 12px !important;\n}\n\n.recomendadorV2Desc {\n    color: #333;\n    margin: 12px 0px !important;\n    font-size: 15px;\n    line-height: 1.5;\n}\n\n.recomendadorV2Button {\n    width: auto;\n    max-width: 200px;\n    margin: 0;\n    display: inline-flex;\n    align-items: center;\n    background: #1D3557;\n    border-radius: 8px;\n    color: #fff;\n    height: 36px;\n    justify-content: center;\n    text-align: center;\n    font-size: 14px;\n    padding: 0 20px;\n    transition: background-color 0.2s ease;\n}\n\n.recomendadorV2Button:hover {\n    background: #2a4d7a;\n}\n\n.recomendadorV2Button:after {\n    margin-top: -2px;\n    content: \"\u2192\";\n    padding: 0px 0px 0px 8px;\n}\n\n.recomendadorV2Alert {\n    text-align: left;\n    font-size: 11px;\n    margin-top: 8px;\n    color: #666;\n}\n\n.recomendadorFixedArea {\n    width: 100%;\n    display: flex;\n    justify-content: center;\n    align-items: center;\n}\n\n@media (min-width: 992px) {\n    #recomendadorFixed {\n        width: 32% !important;\n        left: 5%;\n    }\n    .recomendadorCloseFixed{\n        right: inherit !important;\n        left: 378px !important;\n    }\n}\n\n#recomendadorFixed {\n    width: 90%;\n    box-shadow: 0 10px 20px 0px #00000057;\n    display: none;\n    height: 90px;\n    background: #F6F6F6;\n    position: fixed;\n    flex-direction: row;\n    bottom: 10px;\n    z-index: 9999;\n    border-radius: 16px;\n    padding: 7px 10px;\n}\n\n.recomendadorLeftArea {\n    width: 160px;\n}\n\n.recomendadorRightArea h2 {\n    padding-top: 0px;\n    margin: 2px 0px 4px 0px !important;\n    font-weight: 400;\n    text-align: center;\n    padding-left: 0px !important;\n    color: #000 !important;\n    border-left: none !important;\n    line-height: 20px;\n    font-size: 12px !important;\n}\n\n.recomendadorImgFixed {\n    overflow: hidden;\n    padding: 8px 6px;\n    height: 100%;\n}\n\n.recomendadorImgFixed img {\n    height: 100% !important;\n    border-radius: 16px;\n}\n\n.recomendadorRightArea {\n    padding-top: 6px;\n    display: flex;\n    width: calc(100% - 130px);\n    justify-content: space-between;\n    align-items: center;\n    flex-direction: column;\n}\n\n.recomendadorButtonFixed {\n    margin: 0 auto;\n    background: #1D3557;\n    width: 80%;\n    text-align: center;\n    font-size: 10px;\n    color: #FFF;\n    padding: 2px 10px;\n    border-radius: 3px;\n}\n\n.recomendadorButtonFixed:after {\n    margin-top: -3px;\n    content: \"\u2192\";\n    padding: 0px 0px 0px 10px;\n}\n\n.recomendadorAlertFixed {\n    font-weight: 400;\n    text-align: center;\n    color: #484848;\n    font-size: 8px;\n}\n\n.recomendadorCloseFixed {\n    z-index: 99999;\n    display: none;\n    right: 0px;\n    left: inherit;\n    bottom: 99px;\n    position: fixed;\n    justify-content: center;\n    background: #F6F6F6;\n    width: 25px;\n    align-items: center;\n    height: 25px;\n    font-weight: 800;\n    border-radius: 50%;\n    border: 1px solid #EBEBEB;\n}\n\n.recomendadorV2Desc{\n    color: #000000;\n    margin: 20px 0px;\n}\n\n@media (max-width: 576px) {\n    .recomendadorV2Area {\n      padding: 10px;\n      max-width: 100%;\n    }\n  \n    .recomendadorV2Area1 img {\n      width: 100%;\n      border-radius: 6px;\n    }\n  \n    .recomendadorV2Area2 .recomendadorV2Type {\n      font-size: 9px;\n      letter-spacing: 1px;\n      margin: 8px 0;\n    }\n  \n    .recomendadorV2Title h2 {\n      font-size: 18px !important;\n      margin-bottom: 8px !important;\n      line-height: 1.2;\n    }\n  \n    .recomendadorV2Desc {\n      font-size: 14px;\n      margin: 8px 0 !important;\n      line-height: 1.4;\n    }\n  \n    .recomendadorV2Button {\n      font-size: 12px;\n      height: 30px;\n      padding: 0 12px;\n      max-width: 160px;\n    }\n  \n    .recomendadorV2Button:after {\n      padding-left: 6px;\n    }\n  }\n  <\/style>\n        <div class=\"lazyblock-recomendador-v2-2jDGz wp-block-lazyblock-recomendador-v2\">\n        <a class=\"linkrecomendadorv2\" href=\"https:\/\/diariodaregiao.com.br\/variedades\/cidade-do-interior-de-sao-paulo-parece-campos-do-jordao-mas-custa-muito-menos\/?utm_source=lazy\" target=\"_blank\" rel=\"noopener\">\n            <div class=\"recomendadorV2Area\">\n            <div class=\"recomendadorV2Area1\">\n                <div class=\"recomendadorV2Img\">\n                <img class=\"lazyloaded\" decoding=\"async\" src=\"https:\/\/diariodaregiao.com.br\/variedades\/wp-content\/uploads\/2025\/11\/Velinn_Destinos_Santo_Antonio_do_Pinhal_Vista_Aerea_SAP-32-1140x570.jpg\" data-src=\"https:\/\/diariodaregiao.com.br\/variedades\/wp-content\/uploads\/2025\/11\/Velinn_Destinos_Santo_Antonio_do_Pinhal_Vista_Aerea_SAP-32-1140x570.jpg\" alt=\"\">\n                <\/div>\n            <\/div>\n            <div class=\"recomendadorV2Area2\">\n                <div class=\"recomendadorV2Type\">\n                    <span>Destino Barato<\/span>\n                <\/div>\n                <div class=\"recomendadorV2Title\">\n                <h2><span>Parece Campos! \ud83c\udfd4\ufe0f<\/span><\/h2>\n                <\/div>\n                <div class=\"recomendadorV2Desc\">\n                <span>Cidade charmosa de SP com custo bem menor<\/span>\n                <\/div>\n                <div class=\"recomendadorV2Button\">Conhe\u00e7a o destino<\/div>\n                <div class=\"recomendadorV2Alert\"><\/div>\n            <\/div>\n            <\/div>\n        <\/a>\n        <div>\n            <div style=\"z-index:99999;\" id=\"buttonClose\" onclick=\"closeRecomendadorFixed()\">\n            <div class=\"recomendadorCloseFixed\">X<\/div>\n            <\/div>\n            <a href=\"https:\/\/diariodaregiao.com.br\/variedades\/cidade-do-interior-de-sao-paulo-parece-campos-do-jordao-mas-custa-muito-menos\/?utm_source=lazy\" target=\"_blank\" rel=\"noopener\">\n            <div class=\"recomendadorFixedArea\">\n                <div id=\"recomendadorFixed\">\n                <div class=\"recomendadorLeftArea\">\n                    <div class=\"recomendadorImgFixed\">\n                    <img class=\"lazyload\" decoding=\"async\" src=\"https:\/\/diariodaregiao.com.br\/variedades\/wp-content\/uploads\/2025\/11\/Velinn_Destinos_Santo_Antonio_do_Pinhal_Vista_Aerea_SAP-32-1140x570.jpg\" alt=\"\">\n                    <\/div>\n                <\/div>\n                <div class=\"recomendadorRightArea\">\n                    <div class=\"recomendadorTitleFixed\">\n                    <h2><span>Parece Campos! \ud83c\udfd4\ufe0f<\/span><\/h2>\n                    <\/div>\n                    <div class=\"recomendadorButtonFixed\">Conhe\u00e7a o destino<\/div>\n                    <div class=\"recomendadorAlertFixed\"><\/div>\n                <\/div>\n                <\/div>\n            <\/div>\n            <\/a>\n        <\/div>\n        <\/div>\n\n\n\n<p>A primeira regi\u00e3o a receber a nova estrutura ser\u00e1 o centro, \u00e1rea onde h\u00e1 maior concentra\u00e7\u00e3o de fios aparentes e impacto no visual urbano. A migra\u00e7\u00e3o para o modelo subterr\u00e2neo ocorrer\u00e1 de forma gradual, avan\u00e7ando para todos os bairros at\u00e9 completar a cobertura de todo o per\u00edmetro urbano.<\/p>\n\n\n\n<p>A medida tamb\u00e9m contribui para reduzir os furtos de cabos, pr\u00e1tica que vem se tornando comum em v\u00e1rias partes do pa\u00eds. Estudos do setor indicam que, apesar do investimento inicial elevado, esse tipo de sistema reduz custos operacionais ao longo dos anos, pois exige menos interven\u00e7\u00f5es e sofre menos falhas provocadas por intemp\u00e9ries como ventos fortes e chuvas intensas.<\/p>\n\n\n\n<p>Com essa mudan\u00e7a, a cidade d\u00e1 um passo importante na moderniza\u00e7\u00e3o da infraestrutura e se aproxima de padr\u00f5es adotados em centros urbanos desenvolvidos, fortalecendo a seguran\u00e7a e a qualidade dos servi\u00e7os oferecidos \u00e0 popula\u00e7\u00e3o.<\/p>\n","protected":false},"excerpt":{"rendered":"<p>Uma cidade do litoral paulista aprovou uma lei que determina a instala\u00e7\u00e3o subterr\u00e2nea de todo o cabeamento urbano, substituindo fios de energia el\u00e9trica, telefonia, internet, TV a cabo e fibra \u00f3ptica atualmente presentes nos postes. A mudan\u00e7a tem como objetivo reorganizar o espa\u00e7o urbano do Guaruj\u00e1, reduzir riscos de acidentes e melhorar a estabilidade dos [&hellip;]<\/p>\n","protected":false},"author":4,"featured_media":0,"comment_status":"open","ping_status":"open","sticky":false,"template":"","format":"standard","meta":{"jnews-multi-image_gallery":[],"jnews_single_post":{"format":"standard"},"jnews_primary_category":[],"jnews_social_meta":[],"jnews_post_split":[],"footnotes":""},"categories":[1],"tags":[],"class_list":["post-2177","post","type-post","status-publish","format-standard","hentry","category-variedades"],"_links":{"self":[{"href":"https:\/\/diariodaregiao.audiencelabs.com.br\/wp-json\/wp\/v2\/posts\/2177","targetHints":{"allow":["GET"]}}],"collection":[{"href":"https:\/\/diariodaregiao.audiencelabs.com.br\/wp-json\/wp\/v2\/posts"}],"about":[{"href":"https:\/\/diariodaregiao.audiencelabs.com.br\/wp-json\/wp\/v2\/types\/post"}],"author":[{"embeddable":true,"href":"https:\/\/diariodaregiao.audiencelabs.com.br\/wp-json\/wp\/v2\/users\/4"}],"replies":[{"embeddable":true,"href":"https:\/\/diariodaregiao.audiencelabs.com.br\/wp-json\/wp\/v2\/comments?post=2177"}],"version-history":[{"count":3,"href":"https:\/\/diariodaregiao.audiencelabs.com.br\/wp-json\/wp\/v2\/posts\/2177\/revisions"}],"predecessor-version":[{"id":7979,"href":"https:\/\/diariodaregiao.audiencelabs.com.br\/wp-json\/wp\/v2\/posts\/2177\/revisions\/7979"}],"wp:attachment":[{"href":"https:\/\/diariodaregiao.audiencelabs.com.br\/wp-json\/wp\/v2\/media?parent=2177"}],"wp:term":[{"taxonomy":"category","embeddable":true,"href":"https:\/\/diariodaregiao.audiencelabs.com.br\/wp-json\/wp\/v2\/categories?post=2177"},{"taxonomy":"post_tag","embeddable":true,"href":"https:\/\/diariodaregiao.audiencelabs.com.br\/wp-json\/wp\/v2\/tags?post=2177"}],"curies":[{"name":"wp","href":"https:\/\/api.w.org\/{rel}","templated":true}]}}