{"id":2230,"date":"2025-11-17T18:40:00","date_gmt":"2025-11-17T21:40:00","guid":{"rendered":"https:\/\/diariodaregiao.audiencelabs.com.br\/?p=2230"},"modified":"2025-11-17T15:13:07","modified_gmt":"2025-11-17T18:13:07","slug":"flamengo-vai-soltar-a-moeda-para-fazer-3-contratacoes-padrao-real-madrid","status":"publish","type":"post","link":"https:\/\/diariodaregiao.audiencelabs.com.br\/flamengo-vai-soltar-a-moeda-para-fazer-3-contratacoes-padrao-real-madrid\/","title":{"rendered":"Flamengo vai soltar a moeda para fazer 3 contrata\u00e7\u00f5es padr\u00e3o Real Madrid"},"content":{"rendered":"\n<p>O Flamengo, ainda ativo em competi\u00e7\u00f5es importantes desta temporada, j\u00e1 olha para o futuro com otimismo. Sob a lideran\u00e7a de Jos\u00e9 Boto no departamento de futebol, o clube tra\u00e7a planos para 2026, visando corrigir lacunas identificadas recentemente. <\/p>\n\n\n\n<p><\/p>\n\n\n\n<figure class=\"wp-block-image size-large\"><img loading=\"lazy\" decoding=\"async\" width=\"1024\" height=\"699\" src=\"https:\/\/diariodaregiao.audiencelabs.com.br\/wp-content\/uploads\/2025\/11\/SnapInsta-Ai_3533380444500260395-1024x699.jpg\" alt=\"\" class=\"wp-image-2233\" srcset=\"https:\/\/diariodaregiao.audiencelabs.com.br\/wp-content\/uploads\/2025\/11\/SnapInsta-Ai_3533380444500260395-1024x699.jpg 1024w, https:\/\/diariodaregiao.audiencelabs.com.br\/wp-content\/uploads\/2025\/11\/SnapInsta-Ai_3533380444500260395-300x205.jpg 300w, https:\/\/diariodaregiao.audiencelabs.com.br\/wp-content\/uploads\/2025\/11\/SnapInsta-Ai_3533380444500260395-768x524.jpg 768w, https:\/\/diariodaregiao.audiencelabs.com.br\/wp-content\/uploads\/2025\/11\/SnapInsta-Ai_3533380444500260395-750x512.jpg 750w, https:\/\/diariodaregiao.audiencelabs.com.br\/wp-content\/uploads\/2025\/11\/SnapInsta-Ai_3533380444500260395.jpg 1080w\" sizes=\"auto, (max-width: 1024px) 100vw, 1024px\" \/><figcaption class=\"wp-element-caption\">Cr\u00e9ditos: Reprodu\u00e7\u00e3o Instagram @jboto.04<\/figcaption><\/figure>\n\n\n\n<h4 class=\"wp-block-heading\">Prioridades em Contrata\u00e7\u00f5es para Fortalecer o Elenco<\/h4>\n\n\n\n<p>A torcida se anima com a antecipa\u00e7\u00e3o de ajustes, especialmente ap\u00f3s frustra\u00e7\u00f5es na janela atual, como a busca infrut\u00edfera por um atacante central. A diretoria rubro-negra foca em tr\u00eas posi\u00e7\u00f5es-chave para a pr\u00f3xima temporada.<\/p>\n\n\n\n<p>O desafio \u00e9 conseguir um goleiro para competir com Rossi, um zagueiro esquerdo experiente e um centroavante para rivalizar com Pedro. A necessidade de um arqueiro surge devido ao pr\u00e9-acordo de Matheus Cunha com o Cruzeiro. <\/p>\n\n\n\n<p>Na defesa, desfalques frequentes em 2025 destacaram a urg\u00eancia por estabilidade. No ataque, o clube busca um substituto para Juninho, que n\u00e3o se adaptou e pode ser negociado. <\/p>\n\n\n\n<p>Esses refor\u00e7os visam elevar o padr\u00e3o do time, inspirando compara\u00e7\u00f5es com equipes de elite como o Real Madrid. O planejamento detalhado reflete a ambi\u00e7\u00e3o de manter a competitividade em torneios nacionais e internacionais.<\/p>\n\n\n\n<h4 class=\"wp-block-heading\">Movimenta\u00e7\u00f5es de Sa\u00eddas e Poss\u00edveis Transfer\u00eancias<\/h4>\n\n\n\n<p> O elenco sob comando de Filipe Lu\u00eds passar\u00e1 por reformula\u00e7\u00f5es, com foco em enxugamento. Juninho \u00e9 um alvo prov\u00e1vel de negocia\u00e7\u00e3o, dada sua utiliza\u00e7\u00e3o limitada. Jogadores ofensivos como Everton Cebolinha, ligado ao Gr\u00eamio, e Michael est\u00e3o no radar de outros clubes.<\/p>\n\n\n\n<p>Um caso espec\u00edfico \u00e9 o zagueiro Pablo, de 34 anos, que retorna de empr\u00e9stimo ao Botafogo e disputa poucas partidas. Sem espa\u00e7o no time, ele foi oferecido ao Corinthians, sinalizando uma sa\u00edda iminente. <\/p>\n\n\n\n<p>Essas mudan\u00e7as permitir\u00e3o renovar o plantel e abrir vagas para novos talentos. Em resumo, o Flamengo combina estrat\u00e9gia de entradas e sa\u00eddas para otimizar seu desempenho futuro. Com investimentos direcionados, o clube busca sustentar seu legado de sucesso no futebol brasileiro. <\/p>\n","protected":false},"excerpt":{"rendered":"<p>O Flamengo, ainda ativo em competi\u00e7\u00f5es importantes desta temporada, j\u00e1 olha para o futuro com otimismo. Sob a lideran\u00e7a de Jos\u00e9 Boto no departamento de futebol, o clube tra\u00e7a planos para 2026, visando corrigir lacunas identificadas recentemente. Prioridades em Contrata\u00e7\u00f5es para Fortalecer o Elenco A torcida se anima com a antecipa\u00e7\u00e3o de ajustes, especialmente ap\u00f3s [&hellip;]<\/p>\n","protected":false},"author":5,"featured_media":2231,"comment_status":"open","ping_status":"open","sticky":false,"template":"","format":"standard","meta":{"jnews-multi-image_gallery":[],"jnews_single_post":{"format":"standard"},"jnews_primary_category":[],"jnews_social_meta":[],"jnews_post_split":[],"footnotes":""},"categories":[1],"tags":[],"class_list":["post-2230","post","type-post","status-publish","format-standard","has-post-thumbnail","hentry","category-variedades"],"_links":{"self":[{"href":"https:\/\/diariodaregiao.audiencelabs.com.br\/wp-json\/wp\/v2\/posts\/2230","targetHints":{"allow":["GET"]}}],"collection":[{"href":"https:\/\/diariodaregiao.audiencelabs.com.br\/wp-json\/wp\/v2\/posts"}],"about":[{"href":"https:\/\/diariodaregiao.audiencelabs.com.br\/wp-json\/wp\/v2\/types\/post"}],"author":[{"embeddable":true,"href":"https:\/\/diariodaregiao.audiencelabs.com.br\/wp-json\/wp\/v2\/users\/5"}],"replies":[{"embeddable":true,"href":"https:\/\/diariodaregiao.audiencelabs.com.br\/wp-json\/wp\/v2\/comments?post=2230"}],"version-history":[{"count":3,"href":"https:\/\/diariodaregiao.audiencelabs.com.br\/wp-json\/wp\/v2\/posts\/2230\/revisions"}],"predecessor-version":[{"id":2238,"href":"https:\/\/diariodaregiao.audiencelabs.com.br\/wp-json\/wp\/v2\/posts\/2230\/revisions\/2238"}],"wp:featuredmedia":[{"embeddable":true,"href":"https:\/\/diariodaregiao.audiencelabs.com.br\/wp-json\/wp\/v2\/media\/2231"}],"wp:attachment":[{"href":"https:\/\/diariodaregiao.audiencelabs.com.br\/wp-json\/wp\/v2\/media?parent=2230"}],"wp:term":[{"taxonomy":"category","embeddable":true,"href":"https:\/\/diariodaregiao.audiencelabs.com.br\/wp-json\/wp\/v2\/categories?post=2230"},{"taxonomy":"post_tag","embeddable":true,"href":"https:\/\/diariodaregiao.audiencelabs.com.br\/wp-json\/wp\/v2\/tags?post=2230"}],"curies":[{"name":"wp","href":"https:\/\/api.w.org\/{rel}","templated":true}]}}