{"id":2236,"date":"2025-11-22T12:40:00","date_gmt":"2025-11-22T15:40:00","guid":{"rendered":"https:\/\/diariodaregiao.audiencelabs.com.br\/?p=2236"},"modified":"2025-11-17T15:20:25","modified_gmt":"2025-11-17T18:20:25","slug":"vasco-pode-surpreender-e-montar-barca-de-saida-com-10-jogadores","status":"publish","type":"post","link":"https:\/\/diariodaregiao.audiencelabs.com.br\/vasco-pode-surpreender-e-montar-barca-de-saida-com-10-jogadores\/","title":{"rendered":"Vasco pode surpreender e montar barca de sa\u00edda com 10 jogadores"},"content":{"rendered":"\n<p>O Vasco avalia mudan\u00e7as profundas no elenco para a pr\u00f3xima temporada. A dire\u00e7\u00e3o quer preservar a espinha dorsal do time e evitar perdas relevantes. Por\u00e9m, alguns atletas perderam espa\u00e7o e podem sair.<\/p>\n\n\n\n<p>Mesmo com o ano ainda em andamento, o clube trabalha com uma lista de dispensas. A inten\u00e7\u00e3o \u00e9 negociar quem n\u00e3o correspondeu em 2025 e liberar espa\u00e7o no elenco. <\/p>\n\n\n\n<figure class=\"wp-block-image size-large\"><img loading=\"lazy\" decoding=\"async\" width=\"1024\" height=\"683\" src=\"https:\/\/diariodaregiao.audiencelabs.com.br\/wp-content\/uploads\/2025\/11\/SnapInsta-Ai_3546381803093362146-1024x683.jpg\" alt=\"\" class=\"wp-image-2240\" srcset=\"https:\/\/diariodaregiao.audiencelabs.com.br\/wp-content\/uploads\/2025\/11\/SnapInsta-Ai_3546381803093362146-1024x683.jpg 1024w, https:\/\/diariodaregiao.audiencelabs.com.br\/wp-content\/uploads\/2025\/11\/SnapInsta-Ai_3546381803093362146-300x200.jpg 300w, https:\/\/diariodaregiao.audiencelabs.com.br\/wp-content\/uploads\/2025\/11\/SnapInsta-Ai_3546381803093362146-768x512.jpg 768w, https:\/\/diariodaregiao.audiencelabs.com.br\/wp-content\/uploads\/2025\/11\/SnapInsta-Ai_3546381803093362146-750x500.jpg 750w, https:\/\/diariodaregiao.audiencelabs.com.br\/wp-content\/uploads\/2025\/11\/SnapInsta-Ai_3546381803093362146.jpg 1067w\" sizes=\"auto, (max-width: 1024px) 100vw, 1024px\" \/><figcaption class=\"wp-element-caption\">Cr\u00e9ditos: Reprodu\u00e7\u00e3o Instagram @maulemos3<\/figcaption><\/figure>\n\n\n\n<h2 class=\"wp-block-heading\">Contratos no limite e atletas sem espa\u00e7o<\/h2>\n\n\n\n<p><strong>Mauricio Lemos<\/strong> tem contrato at\u00e9 o fim da temporada e raramente entrou em campo. O zagueiro n\u00e3o convenceu a comiss\u00e3o t\u00e9cnica. Assim, a chance de renova\u00e7\u00e3o \u00e9 remota.<\/p>\n\n\n\n<p><strong>Paulinho <\/strong>tamb\u00e9m vive situa\u00e7\u00e3o delicada e perdeu espa\u00e7o ap\u00f3s retorno de les\u00e3o. Mesmo com participa\u00e7\u00f5es ao longo de 2025, n\u00e3o recuperou o ritmo. A tend\u00eancia \u00e9 que deixe o clube ao final do ano.<\/p>\n\n\n\n<p><strong>Jair<\/strong> tem v\u00ednculo at\u00e9 dezembro, mas sofreu grave les\u00e3o. O Vasco planeja prorrogar o contrato apenas para apoiar sua recupera\u00e7\u00e3o. A continuidade ap\u00f3s isso ainda \u00e9 incerta.<\/p>\n\n\n\n<p><strong>Jean David<\/strong> segue como negoci\u00e1vel desde o in\u00edcio de 2025. O atacante pouco atuou e n\u00e3o se firmou no elenco. At\u00e9 agora, nenhuma proposta avan\u00e7ou na dire\u00e7\u00e3o de sua sa\u00edda.<\/p>\n\n\n\n<p><strong>Oliveira <\/strong>tamb\u00e9m est\u00e1 na lista e aparece apenas como op\u00e7\u00e3o complementar. O clube busca refor\u00e7os na defesa. Isso inclui tentativas por Cuesta, Robert Renan e outro zagueiro reserva.<\/p>\n\n\n\n<h2 class=\"wp-block-heading\">Sa\u00eddas prov\u00e1veis e retornos sem vaga<\/h2>\n\n\n\n<p><strong>Riquelme <\/strong>n\u00e3o est\u00e1 nos planos para 2026 e deve ser emprestado. O lateral perdeu espa\u00e7o rapidamente no setor. Os goleiros<strong> Allan Vitor<\/strong> e <strong>Pablo <\/strong>t\u00eam contrato at\u00e9 2025. Eles n\u00e3o figuram entre as prioridades do Vasco. <\/p>\n\n\n\n<p><strong>Victor Lu\u00eds<\/strong> e <strong>Mateus Carvalho<\/strong> tamb\u00e9m perderam espa\u00e7o nos \u00faltimos meses. <strong>Coc\u00e3o <\/strong>vive fase inst\u00e1vel e caiu na hierarquia do meio-campo. Ele come\u00e7ou o ano como titular. <\/p>\n\n\n\n<p><strong>Maxime <\/strong>e <strong>Sforza <\/strong>retornam de empr\u00e9stimo em dezembro, mas n\u00e3o ser\u00e3o reaproveitados. O clube pretende negoci\u00e1-los novamente. A mesma situa\u00e7\u00e3o se aplica a <strong>Lucas Eduardo<\/strong> e <strong>Alexsander<\/strong>.<\/p>\n\n\n\n<p><strong>Maicon <\/strong>finaliza v\u00ednculo de empr\u00e9stimo com o Coritiba neste ano. O zagueiro deve assinar em definitivo com o clube paranaense. <\/p>\n","protected":false},"excerpt":{"rendered":"<p>O Vasco avalia mudan\u00e7as profundas no elenco para a pr\u00f3xima temporada. A dire\u00e7\u00e3o quer preservar a espinha dorsal do time e evitar perdas relevantes. Por\u00e9m, alguns atletas perderam espa\u00e7o e podem sair. Mesmo com o ano ainda em andamento, o clube trabalha com uma lista de dispensas. A inten\u00e7\u00e3o \u00e9 negociar quem n\u00e3o correspondeu em [&hellip;]<\/p>\n","protected":false},"author":5,"featured_media":0,"comment_status":"open","ping_status":"open","sticky":false,"template":"","format":"standard","meta":{"jnews-multi-image_gallery":[],"jnews_single_post":{"format":"standard"},"jnews_primary_category":[],"jnews_social_meta":[],"jnews_post_split":[],"footnotes":""},"categories":[1],"tags":[],"class_list":["post-2236","post","type-post","status-publish","format-standard","hentry","category-variedades"],"_links":{"self":[{"href":"https:\/\/diariodaregiao.audiencelabs.com.br\/wp-json\/wp\/v2\/posts\/2236","targetHints":{"allow":["GET"]}}],"collection":[{"href":"https:\/\/diariodaregiao.audiencelabs.com.br\/wp-json\/wp\/v2\/posts"}],"about":[{"href":"https:\/\/diariodaregiao.audiencelabs.com.br\/wp-json\/wp\/v2\/types\/post"}],"author":[{"embeddable":true,"href":"https:\/\/diariodaregiao.audiencelabs.com.br\/wp-json\/wp\/v2\/users\/5"}],"replies":[{"embeddable":true,"href":"https:\/\/diariodaregiao.audiencelabs.com.br\/wp-json\/wp\/v2\/comments?post=2236"}],"version-history":[{"count":2,"href":"https:\/\/diariodaregiao.audiencelabs.com.br\/wp-json\/wp\/v2\/posts\/2236\/revisions"}],"predecessor-version":[{"id":2246,"href":"https:\/\/diariodaregiao.audiencelabs.com.br\/wp-json\/wp\/v2\/posts\/2236\/revisions\/2246"}],"wp:attachment":[{"href":"https:\/\/diariodaregiao.audiencelabs.com.br\/wp-json\/wp\/v2\/media?parent=2236"}],"wp:term":[{"taxonomy":"category","embeddable":true,"href":"https:\/\/diariodaregiao.audiencelabs.com.br\/wp-json\/wp\/v2\/categories?post=2236"},{"taxonomy":"post_tag","embeddable":true,"href":"https:\/\/diariodaregiao.audiencelabs.com.br\/wp-json\/wp\/v2\/tags?post=2236"}],"curies":[{"name":"wp","href":"https:\/\/api.w.org\/{rel}","templated":true}]}}