{"id":22406,"date":"2026-04-15T09:00:00","date_gmt":"2026-04-15T12:00:00","guid":{"rendered":"https:\/\/diariodaregiao.audiencelabs.com.br\/?p=22406"},"modified":"2026-04-14T23:33:17","modified_gmt":"2026-04-15T02:33:17","slug":"ricardo-goulart-surpreende-ao-voltar-aos-gramados-depois-da-aposentadoria","status":"publish","type":"post","link":"https:\/\/diariodaregiao.audiencelabs.com.br\/ricardo-goulart-surpreende-ao-voltar-aos-gramados-depois-da-aposentadoria\/","title":{"rendered":"Ricardo Goulart surpreende ao voltar aos gramados depois da aposentadoria"},"content":{"rendered":"\n<p>A volta inesperada de Ricardo Goulart aos gramados pegou muitos torcedores de surpresa nos \u00faltimos dias. Ap\u00f3s encerrar a carreira de forma discreta, o meia-atacante reaparece em um cen\u00e1rio diferente, mas ainda cercado de expectativa e curiosidade sobre seu desempenho.<\/p>\n\n\n\n<p>No entanto, foi apenas na \u00faltima segunda-feira (13) que o destino do jogador veio \u00e0 tona. O veterano de 34 anos foi anunciado como novo refor\u00e7o do Santana do Parahyba, equipe de v\u00e1rzea de S\u00e3o Jos\u00e9 dos Campos (SP), reacendendo sua liga\u00e7\u00e3o com o futebol.<\/p>\n\n\n\n<h2 class=\"wp-block-heading\">Retorno inesperado movimenta bastidores<\/h2>\n\n\n\n<p>A confirma\u00e7\u00e3o da contrata\u00e7\u00e3o veio por meio das redes sociais do pr\u00f3prio Santana do Parahyba. Atual campe\u00e3o da principal liga amadora da cidade, o clube celebrou a chegada de um atleta com hist\u00f3rico vencedor e passagem marcante por grandes equipes.<\/p>\n\n\n\n<p>Justamente por isso, o an\u00fancio gerou repercuss\u00e3o imediata entre torcedores e admiradores da carreira do jogador. Ainda assim, a equipe n\u00e3o revelou quando Goulart far\u00e1 sua estreia, mantendo um certo mist\u00e9rio sobre seu retorno efetivo aos campos.<\/p>\n\n\n\n<p>O contexto atual \u00e9 bem diferente do futebol profissional que ele deixou para tr\u00e1s. Mesmo assim, trata-se de um ambiente competitivo, o que mostra que o desejo de seguir jogando continua vivo dentro do atleta.<\/p>\n\n\n\n<figure class=\"wp-block-image size-large\"><img loading=\"lazy\" decoding=\"async\" width=\"1024\" height=\"633\" src=\"https:\/\/diariodaregiao.audiencelabs.com.br\/wp-content\/uploads\/2026\/04\/46322536705_5a5610c28a_o-1-1024x633.jpg\" alt=\"\" class=\"wp-image-22409\" srcset=\"https:\/\/diariodaregiao.audiencelabs.com.br\/wp-content\/uploads\/2026\/04\/46322536705_5a5610c28a_o-1-1024x633.jpg 1024w, https:\/\/diariodaregiao.audiencelabs.com.br\/wp-content\/uploads\/2026\/04\/46322536705_5a5610c28a_o-1-300x186.jpg 300w, https:\/\/diariodaregiao.audiencelabs.com.br\/wp-content\/uploads\/2026\/04\/46322536705_5a5610c28a_o-1-768x475.jpg 768w, https:\/\/diariodaregiao.audiencelabs.com.br\/wp-content\/uploads\/2026\/04\/46322536705_5a5610c28a_o-1-750x464.jpg 750w, https:\/\/diariodaregiao.audiencelabs.com.br\/wp-content\/uploads\/2026\/04\/46322536705_5a5610c28a_o-1-1140x705.jpg 1140w, https:\/\/diariodaregiao.audiencelabs.com.br\/wp-content\/uploads\/2026\/04\/46322536705_5a5610c28a_o-1.jpg 1200w\" sizes=\"auto, (max-width: 1024px) 100vw, 1024px\" \/><figcaption class=\"wp-element-caption\">Cr\u00e9ditos: Cesar Greco\/Palmeiras<\/figcaption><\/figure>\n\n\n\n<h2 class=\"wp-block-heading\">Carreira marcada por t\u00edtulos e protagonismo<\/h2>\n\n\n\n<p>O auge de Cruzeiro foi justamente o momento mais brilhante da trajet\u00f3ria de Goulart. Contratado em 2013 ap\u00f3s se destacar pelo Goi\u00e1s, ele rapidamente se tornou pe\u00e7a fundamental de um dos times mais dominantes do pa\u00eds.<\/p>\n\n\n\n<p>Ao lado de Everton Ribeiro, formou uma dupla decisiva que marcou \u00e9poca no futebol nacional. Foram 34 gols em 99 partidas, al\u00e9m das conquistas do Campeonato Brasileiro em 2013 e 2014 e do t\u00edtulo mineiro em 2014.<\/p>\n\n\n\n<p>At\u00e9 mesmo a Sele\u00e7\u00e3o Brasileira entrou no radar do jogador naquele per\u00edodo. Suas atua\u00e7\u00f5es consistentes renderam convoca\u00e7\u00f5es, consolidando seu nome entre os principais destaques do futebol brasileiro na \u00e9poca.<\/p>\n\n\n\n<p>J\u00e1 sua passagem pelo Palmeiras, em 2019, teve um tom bem diferente. Emprestado pelo Guangzhou Evergrande, ele enfrentou problemas f\u00edsicos e disputou apenas 12 jogos, com quatro gols marcados.<\/p>\n\n\n\n<figure class=\"wp-block-image size-large\"><img loading=\"lazy\" decoding=\"async\" width=\"1024\" height=\"576\" src=\"https:\/\/diariodaregiao.audiencelabs.com.br\/wp-content\/uploads\/2026\/04\/ricardo-goulart-defendeu-o-cruzeiro-por-duas-temporadas-78081be2-c6b9-4ca1-af08-882a9f5ad671-large-1-1024x576.jpg\" alt=\"\" class=\"wp-image-22407\" srcset=\"https:\/\/diariodaregiao.audiencelabs.com.br\/wp-content\/uploads\/2026\/04\/ricardo-goulart-defendeu-o-cruzeiro-por-duas-temporadas-78081be2-c6b9-4ca1-af08-882a9f5ad671-large-1-1024x576.jpg 1024w, https:\/\/diariodaregiao.audiencelabs.com.br\/wp-content\/uploads\/2026\/04\/ricardo-goulart-defendeu-o-cruzeiro-por-duas-temporadas-78081be2-c6b9-4ca1-af08-882a9f5ad671-large-1-300x169.jpg 300w, https:\/\/diariodaregiao.audiencelabs.com.br\/wp-content\/uploads\/2026\/04\/ricardo-goulart-defendeu-o-cruzeiro-por-duas-temporadas-78081be2-c6b9-4ca1-af08-882a9f5ad671-large-1-768x432.jpg 768w, https:\/\/diariodaregiao.audiencelabs.com.br\/wp-content\/uploads\/2026\/04\/ricardo-goulart-defendeu-o-cruzeiro-por-duas-temporadas-78081be2-c6b9-4ca1-af08-882a9f5ad671-large-1-750x422.jpg 750w, https:\/\/diariodaregiao.audiencelabs.com.br\/wp-content\/uploads\/2026\/04\/ricardo-goulart-defendeu-o-cruzeiro-por-duas-temporadas-78081be2-c6b9-4ca1-af08-882a9f5ad671-large-1-1140x641.jpg 1140w, https:\/\/diariodaregiao.audiencelabs.com.br\/wp-content\/uploads\/2026\/04\/ricardo-goulart-defendeu-o-cruzeiro-por-duas-temporadas-78081be2-c6b9-4ca1-af08-882a9f5ad671-large-1.jpg 1244w\" sizes=\"auto, (max-width: 1024px) 100vw, 1024px\" \/><figcaption class=\"wp-element-caption\">Cr\u00e9ditos: Divulga\u00e7\u00e3o\/Cruzeiro<\/figcaption><\/figure>\n\n\n\n<h2 class=\"wp-block-heading\">China, aposentadoria e nova decis\u00e3o<\/h2>\n\n\n\n<p>Foi justamente no Guangzhou Evergrande que Goulart viveu uma fase extremamente vitoriosa no exterior. Entre 2015 e 2021, acumulou t\u00edtulos importantes, incluindo o tricampeonato da Superliga Chinesa, a Liga dos Campe\u00f5es da AFC, a Copa da China e a Supercopa local.<\/p>\n\n\n\n<p>No entanto, a carreira acabou sendo interrompida em 2023, quando defendia o Bahia. Aos 31 anos, ele anunciou a aposentadoria alegando quest\u00f5es f\u00edsicas e tamb\u00e9m insatisfa\u00e7\u00e3o com seu pr\u00f3prio rendimento dentro de campo.<\/p>\n\n\n\n<p>Durante sua despedida, o jogador deixou claro que a decis\u00e3o n\u00e3o foi repentina. Ele revelou que vinha refletindo sobre o assunto, com apoio da fam\u00edlia e de sua equipe, buscando novos caminhos fora das quatro linhas.<\/p>\n\n\n\n<p>Agora, justamente quando muitos acreditavam que sua trajet\u00f3ria no futebol estava encerrada, Goulart surpreende ao aceitar um novo desafio. Mesmo em um cen\u00e1rio menos exigente, sua volta mostra que a conex\u00e3o com o esporte segue forte e longe de desaparecer.<\/p>\n","protected":false},"excerpt":{"rendered":"<p>A volta inesperada de Ricardo Goulart aos gramados pegou muitos torcedores de surpresa nos \u00faltimos dias. Ap\u00f3s encerrar a carreira de forma discreta, o meia-atacante reaparece em um cen\u00e1rio diferente, mas ainda cercado de expectativa e curiosidade sobre seu desempenho. No entanto, foi apenas na \u00faltima segunda-feira (13) que o destino do jogador veio \u00e0 [&hellip;]<\/p>\n","protected":false},"author":10,"featured_media":22408,"comment_status":"open","ping_status":"open","sticky":false,"template":"","format":"standard","meta":{"jnews-multi-image_gallery":[],"jnews_single_post":{"format":"standard"},"jnews_primary_category":[],"jnews_social_meta":[],"jnews_post_split":[],"footnotes":""},"categories":[1],"tags":[],"class_list":["post-22406","post","type-post","status-publish","format-standard","has-post-thumbnail","hentry","category-variedades"],"_links":{"self":[{"href":"https:\/\/diariodaregiao.audiencelabs.com.br\/wp-json\/wp\/v2\/posts\/22406","targetHints":{"allow":["GET"]}}],"collection":[{"href":"https:\/\/diariodaregiao.audiencelabs.com.br\/wp-json\/wp\/v2\/posts"}],"about":[{"href":"https:\/\/diariodaregiao.audiencelabs.com.br\/wp-json\/wp\/v2\/types\/post"}],"author":[{"embeddable":true,"href":"https:\/\/diariodaregiao.audiencelabs.com.br\/wp-json\/wp\/v2\/users\/10"}],"replies":[{"embeddable":true,"href":"https:\/\/diariodaregiao.audiencelabs.com.br\/wp-json\/wp\/v2\/comments?post=22406"}],"version-history":[{"count":1,"href":"https:\/\/diariodaregiao.audiencelabs.com.br\/wp-json\/wp\/v2\/posts\/22406\/revisions"}],"predecessor-version":[{"id":22410,"href":"https:\/\/diariodaregiao.audiencelabs.com.br\/wp-json\/wp\/v2\/posts\/22406\/revisions\/22410"}],"wp:featuredmedia":[{"embeddable":true,"href":"https:\/\/diariodaregiao.audiencelabs.com.br\/wp-json\/wp\/v2\/media\/22408"}],"wp:attachment":[{"href":"https:\/\/diariodaregiao.audiencelabs.com.br\/wp-json\/wp\/v2\/media?parent=22406"}],"wp:term":[{"taxonomy":"category","embeddable":true,"href":"https:\/\/diariodaregiao.audiencelabs.com.br\/wp-json\/wp\/v2\/categories?post=22406"},{"taxonomy":"post_tag","embeddable":true,"href":"https:\/\/diariodaregiao.audiencelabs.com.br\/wp-json\/wp\/v2\/tags?post=22406"}],"curies":[{"name":"wp","href":"https:\/\/api.w.org\/{rel}","templated":true}]}}