{"id":2254,"date":"2025-11-22T16:40:00","date_gmt":"2025-11-22T19:40:00","guid":{"rendered":"https:\/\/diariodaregiao.audiencelabs.com.br\/?p=2254"},"modified":"2025-11-17T18:59:04","modified_gmt":"2025-11-17T21:59:04","slug":"7-alimentos-que-nao-estragam-e-podem-ser-estocados-para-o-fim-do-mundo","status":"publish","type":"post","link":"https:\/\/diariodaregiao.audiencelabs.com.br\/7-alimentos-que-nao-estragam-e-podem-ser-estocados-para-o-fim-do-mundo\/","title":{"rendered":"7 alimentos que n\u00e3o estragam e podem ser estocados para o &#8220;fim do mundo&#8221;"},"content":{"rendered":"\n<p>Muitos alimentos mant\u00eam a qualidade por longos per\u00edodos e surpreendem pela resist\u00eancia ao tempo. Eles ajudam na organiza\u00e7\u00e3o da despensa. Tamb\u00e9m reduzem desperd\u00edcios e oferecem seguran\u00e7a em emerg\u00eancias.<\/p>\n\n\n\n<p>Itens considerados quase imperec\u00edveis t\u00eam presen\u00e7a constante em listas de estocagem dom\u00e9stica. Eles costumam conservar cor e sabor mesmo ap\u00f3s anos. Al\u00e9m disso, permanecem seguros quando guardados de forma correta.<\/p>\n\n\n\n<figure class=\"wp-block-image size-large\"><img loading=\"lazy\" decoding=\"async\" width=\"1024\" height=\"683\" src=\"https:\/\/diariodaregiao.audiencelabs.com.br\/wp-content\/uploads\/2025\/11\/jacob-mcgowin-514ttExZr1U-unsplash-1024x683.jpg\" alt=\"\" class=\"wp-image-2255\" srcset=\"https:\/\/diariodaregiao.audiencelabs.com.br\/wp-content\/uploads\/2025\/11\/jacob-mcgowin-514ttExZr1U-unsplash-1024x683.jpg 1024w, https:\/\/diariodaregiao.audiencelabs.com.br\/wp-content\/uploads\/2025\/11\/jacob-mcgowin-514ttExZr1U-unsplash-300x200.jpg 300w, https:\/\/diariodaregiao.audiencelabs.com.br\/wp-content\/uploads\/2025\/11\/jacob-mcgowin-514ttExZr1U-unsplash-768x512.jpg 768w, https:\/\/diariodaregiao.audiencelabs.com.br\/wp-content\/uploads\/2025\/11\/jacob-mcgowin-514ttExZr1U-unsplash-1536x1024.jpg 1536w, https:\/\/diariodaregiao.audiencelabs.com.br\/wp-content\/uploads\/2025\/11\/jacob-mcgowin-514ttExZr1U-unsplash-750x500.jpg 750w, https:\/\/diariodaregiao.audiencelabs.com.br\/wp-content\/uploads\/2025\/11\/jacob-mcgowin-514ttExZr1U-unsplash-1140x760.jpg 1140w, https:\/\/diariodaregiao.audiencelabs.com.br\/wp-content\/uploads\/2025\/11\/jacob-mcgowin-514ttExZr1U-unsplash.jpg 1920w\" sizes=\"auto, (max-width: 1024px) 100vw, 1024px\" \/><figcaption class=\"wp-element-caption\">Cr\u00e9ditos: Foto de Jacob McGowin na Unsplash<\/figcaption><\/figure>\n\n\n\n<p>A data de validade impressa nesses produtos nem sempre indica deteriora\u00e7\u00e3o. Ela apenas garante o padr\u00e3o ideal at\u00e9 o prazo indicado. Por\u00e9m, muitos alimentos continuam adequados ao consumo mesmo depois disso.<\/p>\n\n\n\n<h2 class=\"wp-block-heading\">Produtos naturais que se mant\u00eam intactos por d\u00e9cadas<\/h2>\n\n\n<style>@media (min-width: 992px) {\n    .recomendadorV2Area1 {\n        width: 280px;\n    }\n    .recomendadorV2Area2 {\n        padding: 0px 20px;\n        width: calc(100% - 280px);\n    }\n}\n\n@media (max-width: 992px) {\n    .recomendadorV2Button {\n        margin: 0 auto;\n    }\n    .recomendadorV2Area {\n        flex-direction: column;\n        text-align: center;\n    }\n    .recomendadorV2Area2 {\n        padding: 0px 20px;\n    }\n}\n\n.recomendadorV2Area {\n    background: #eeeeee3d;\n    border-radius: 10px;\n    padding: 15px;\n    display: flex;\n    margin: 15px auto;\n    border: 1px solid #00000014;\n    max-width: 800px;\n}\n\n.recomendadorV2Area1 img {\n    width: 280px;\n    height: auto;\n    border-radius: 8px;\n}\n\n.linkrecomendadorv2 {\n    text-decoration: none !important;\n}\n\n.recomendadorV2Area2 .recomendadorV2Type {\n    text-transform: uppercase;\n    font-weight: 500;\n    font-size: 11px;\n    letter-spacing: 2px;\n    color: #666;\n    margin: 12px 0;\n    display: block;\n}\n\n.recomendadorV2Title h2 {\n    padding-top: 0px !important;\n    margin: 0px !important;\n    border-left: none !important;\n    padding-left: 0px !important;\n    line-height: 1.3;\n    color: #000 !important;\n    font-size: 24px;\n    margin-bottom: 12px !important;\n}\n\n.recomendadorV2Desc {\n    color: #333;\n    margin: 12px 0px !important;\n    font-size: 15px;\n    line-height: 1.5;\n}\n\n.recomendadorV2Button {\n    width: auto;\n    max-width: 200px;\n    margin: 0;\n    display: inline-flex;\n    align-items: center;\n    background: #1D3557;\n    border-radius: 8px;\n    color: #fff;\n    height: 36px;\n    justify-content: center;\n    text-align: center;\n    font-size: 14px;\n    padding: 0 20px;\n    transition: background-color 0.2s ease;\n}\n\n.recomendadorV2Button:hover {\n    background: #2a4d7a;\n}\n\n.recomendadorV2Button:after {\n    margin-top: -2px;\n    content: \"\u2192\";\n    padding: 0px 0px 0px 8px;\n}\n\n.recomendadorV2Alert {\n    text-align: left;\n    font-size: 11px;\n    margin-top: 8px;\n    color: #666;\n}\n\n.recomendadorFixedArea {\n    width: 100%;\n    display: flex;\n    justify-content: center;\n    align-items: center;\n}\n\n@media (min-width: 992px) {\n    #recomendadorFixed {\n        width: 32% !important;\n        left: 5%;\n    }\n    .recomendadorCloseFixed{\n        right: inherit !important;\n        left: 378px !important;\n    }\n}\n\n#recomendadorFixed {\n    width: 90%;\n    box-shadow: 0 10px 20px 0px #00000057;\n    display: none;\n    height: 90px;\n    background: #F6F6F6;\n    position: fixed;\n    flex-direction: row;\n    bottom: 10px;\n    z-index: 9999;\n    border-radius: 16px;\n    padding: 7px 10px;\n}\n\n.recomendadorLeftArea {\n    width: 160px;\n}\n\n.recomendadorRightArea h2 {\n    padding-top: 0px;\n    margin: 2px 0px 4px 0px !important;\n    font-weight: 400;\n    text-align: center;\n    padding-left: 0px !important;\n    color: #000 !important;\n    border-left: none !important;\n    line-height: 20px;\n    font-size: 12px !important;\n}\n\n.recomendadorImgFixed {\n    overflow: hidden;\n    padding: 8px 6px;\n    height: 100%;\n}\n\n.recomendadorImgFixed img {\n    height: 100% !important;\n    border-radius: 16px;\n}\n\n.recomendadorRightArea {\n    padding-top: 6px;\n    display: flex;\n    width: calc(100% - 130px);\n    justify-content: space-between;\n    align-items: center;\n    flex-direction: column;\n}\n\n.recomendadorButtonFixed {\n    margin: 0 auto;\n    background: #1D3557;\n    width: 80%;\n    text-align: center;\n    font-size: 10px;\n    color: #FFF;\n    padding: 2px 10px;\n    border-radius: 3px;\n}\n\n.recomendadorButtonFixed:after {\n    margin-top: -3px;\n    content: \"\u2192\";\n    padding: 0px 0px 0px 10px;\n}\n\n.recomendadorAlertFixed {\n    font-weight: 400;\n    text-align: center;\n    color: #484848;\n    font-size: 8px;\n}\n\n.recomendadorCloseFixed {\n    z-index: 99999;\n    display: none;\n    right: 0px;\n    left: inherit;\n    bottom: 99px;\n    position: fixed;\n    justify-content: center;\n    background: #F6F6F6;\n    width: 25px;\n    align-items: center;\n    height: 25px;\n    font-weight: 800;\n    border-radius: 50%;\n    border: 1px solid #EBEBEB;\n}\n\n.recomendadorV2Desc{\n    color: #000000;\n    margin: 20px 0px;\n}\n\n@media (max-width: 576px) {\n    .recomendadorV2Area {\n      padding: 10px;\n      max-width: 100%;\n    }\n  \n    .recomendadorV2Area1 img {\n      width: 100%;\n      border-radius: 6px;\n    }\n  \n    .recomendadorV2Area2 .recomendadorV2Type {\n      font-size: 9px;\n      letter-spacing: 1px;\n      margin: 8px 0;\n    }\n  \n    .recomendadorV2Title h2 {\n      font-size: 18px !important;\n      margin-bottom: 8px !important;\n      line-height: 1.2;\n    }\n  \n    .recomendadorV2Desc {\n      font-size: 14px;\n      margin: 8px 0 !important;\n      line-height: 1.4;\n    }\n  \n    .recomendadorV2Button {\n      font-size: 12px;\n      height: 30px;\n      padding: 0 12px;\n      max-width: 160px;\n    }\n  \n    .recomendadorV2Button:after {\n      padding-left: 6px;\n    }\n  }\n  <\/style>\n        <div class=\"lazyblock-recomendador-v2-2jDGz wp-block-lazyblock-recomendador-v2\">\n        <a class=\"linkrecomendadorv2\" href=\"https:\/\/diariodaregiao.com.br\/variedades\/diga-adeus-a-airfryer-novo-eletrodomestico-prepara-os-alimentos-de-9-jeitos-diferentes\/?utm_source=lazy\" target=\"_blank\" rel=\"noopener\">\n            <div class=\"recomendadorV2Area\">\n            <div class=\"recomendadorV2Area1\">\n                <div class=\"recomendadorV2Img\">\n                <img class=\"lazyloaded\" decoding=\"async\" src=\"https:\/\/diariodaregiao.com.br\/variedades\/wp-content\/uploads\/2025\/11\/vista-de-uma-moderna-frigideira-de-ar-quente-com-alimentos-cozidos_11zon-1140x570.jpg\" data-src=\"https:\/\/diariodaregiao.com.br\/variedades\/wp-content\/uploads\/2025\/11\/vista-de-uma-moderna-frigideira-de-ar-quente-com-alimentos-cozidos_11zon-1140x570.jpg\" alt=\"\">\n                <\/div>\n            <\/div>\n            <div class=\"recomendadorV2Area2\">\n                <div class=\"recomendadorV2Type\">\n                    <span>Novidade para sua cozinha<\/span>\n                <\/div>\n                <div class=\"recomendadorV2Title\">\n                <h2><span>Substituta da airfryer? \ud83c\udf73<\/span><\/h2>\n                <\/div>\n                <div class=\"recomendadorV2Desc\">\n                <span>Novo eletrodom\u00e9stico promete preparar alimentos de 9 jeitos diferentes<\/span>\n                <\/div>\n                <div class=\"recomendadorV2Button\">Ver novidade<\/div>\n                <div class=\"recomendadorV2Alert\"><\/div>\n            <\/div>\n            <\/div>\n        <\/a>\n        <div>\n            <div style=\"z-index:99999;\" id=\"buttonClose\" onclick=\"closeRecomendadorFixed()\">\n            <div class=\"recomendadorCloseFixed\">X<\/div>\n            <\/div>\n            <a href=\"https:\/\/diariodaregiao.com.br\/variedades\/diga-adeus-a-airfryer-novo-eletrodomestico-prepara-os-alimentos-de-9-jeitos-diferentes\/?utm_source=lazy\" target=\"_blank\" rel=\"noopener\">\n            <div class=\"recomendadorFixedArea\">\n                <div id=\"recomendadorFixed\">\n                <div class=\"recomendadorLeftArea\">\n                    <div class=\"recomendadorImgFixed\">\n                    <img class=\"lazyload\" decoding=\"async\" src=\"https:\/\/diariodaregiao.com.br\/variedades\/wp-content\/uploads\/2025\/11\/vista-de-uma-moderna-frigideira-de-ar-quente-com-alimentos-cozidos_11zon-1140x570.jpg\" alt=\"\">\n                    <\/div>\n                <\/div>\n                <div class=\"recomendadorRightArea\">\n                    <div class=\"recomendadorTitleFixed\">\n                    <h2><span>Substituta da airfryer? \ud83c\udf73<\/span><\/h2>\n                    <\/div>\n                    <div class=\"recomendadorButtonFixed\">Ver novidade<\/div>\n                    <div class=\"recomendadorAlertFixed\"><\/div>\n                <\/div>\n                <\/div>\n            <\/div>\n            <\/a>\n        <\/div>\n        <\/div>\n\n\n\n<p>O <strong>mel <\/strong>\u00e9 um dos campe\u00f5es de durabilidade e conserva suas propriedades por longos per\u00edodos. Seu baixo teor de \u00e1gua dificulta o crescimento de micr\u00f3bios. Assim, pode permanecer \u00edntegro quando fechado corretamente.<\/p>\n\n\n\n<p>O <strong>sal <\/strong>tamb\u00e9m se destaca por n\u00e3o se decompor ao longo dos anos. Sua estrutura mineral impede altera\u00e7\u00f5es significativas com o tempo. \u00c9 importante apenas evitar a umidade para manter o produto solto.<\/p>\n\n\n\n<p>A <strong>mostarda <\/strong>apresenta vida \u00fatil ampla e conserva sua seguran\u00e7a mesmo depois de anos. O vinagre presente em muitas receitas atua como conservante natural. Pequenas separa\u00e7\u00f5es de l\u00edquido n\u00e3o indicam perda de qualidade.<\/p>\n\n\n\n<p>O <strong>vinagre branco<\/strong> figura entre os produtos mais est\u00e1veis para a despensa. Sua acidez cria um ambiente que impede o avan\u00e7o de agentes indesejados. Isso ajuda a manter o sabor e o aroma por longos per\u00edodos.<\/p>\n\n\n\n<p>O <strong>arroz branco<\/strong> mant\u00e9m suas caracter\u00edsticas por muitos anos quando armazenado em local adequado. Sua composi\u00e7\u00e3o simples favorece a estabilidade em recipientes fechados. O <strong>arroz integral<\/strong>, por\u00e9m, estraga mais r\u00e1pido.<\/p>\n\n\n\n<h2 class=\"wp-block-heading\">Ingredientes b\u00e1sicos que resistem ao tempo<\/h2>\n\n\n\n<p>O <strong>a\u00e7\u00facar <\/strong>possui comportamento semelhante ao do sal e n\u00e3o se deteriora. Pode formar grumos por causa da umidade externa. Ainda assim, permanece pr\u00f3prio para consumo durante muitos anos.<\/p>\n\n\n\n<p><strong>Bebidas alco\u00f3licas destiladas <\/strong>continuam est\u00e1veis por longos per\u00edodos. A veda\u00e7\u00e3o adequada mant\u00e9m o aroma e a estrutura das bebidas. Isso as torna op\u00e7\u00f5es pr\u00e1ticas para estocagem prolongada em casa.<\/p>\n","protected":false},"excerpt":{"rendered":"<p>Muitos alimentos mant\u00eam a qualidade por longos per\u00edodos e surpreendem pela resist\u00eancia ao tempo. Eles ajudam na organiza\u00e7\u00e3o da despensa. Tamb\u00e9m reduzem desperd\u00edcios e oferecem seguran\u00e7a em emerg\u00eancias. Itens considerados quase imperec\u00edveis t\u00eam presen\u00e7a constante em listas de estocagem dom\u00e9stica. Eles costumam conservar cor e sabor mesmo ap\u00f3s anos. Al\u00e9m disso, permanecem seguros quando guardados [&hellip;]<\/p>\n","protected":false},"author":5,"featured_media":2256,"comment_status":"open","ping_status":"open","sticky":false,"template":"","format":"standard","meta":{"jnews-multi-image_gallery":[],"jnews_single_post":{"format":"standard"},"jnews_primary_category":[],"jnews_social_meta":[],"jnews_post_split":[],"footnotes":""},"categories":[1],"tags":[],"class_list":["post-2254","post","type-post","status-publish","format-standard","has-post-thumbnail","hentry","category-variedades"],"_links":{"self":[{"href":"https:\/\/diariodaregiao.audiencelabs.com.br\/wp-json\/wp\/v2\/posts\/2254","targetHints":{"allow":["GET"]}}],"collection":[{"href":"https:\/\/diariodaregiao.audiencelabs.com.br\/wp-json\/wp\/v2\/posts"}],"about":[{"href":"https:\/\/diariodaregiao.audiencelabs.com.br\/wp-json\/wp\/v2\/types\/post"}],"author":[{"embeddable":true,"href":"https:\/\/diariodaregiao.audiencelabs.com.br\/wp-json\/wp\/v2\/users\/5"}],"replies":[{"embeddable":true,"href":"https:\/\/diariodaregiao.audiencelabs.com.br\/wp-json\/wp\/v2\/comments?post=2254"}],"version-history":[{"count":3,"href":"https:\/\/diariodaregiao.audiencelabs.com.br\/wp-json\/wp\/v2\/posts\/2254\/revisions"}],"predecessor-version":[{"id":2288,"href":"https:\/\/diariodaregiao.audiencelabs.com.br\/wp-json\/wp\/v2\/posts\/2254\/revisions\/2288"}],"wp:featuredmedia":[{"embeddable":true,"href":"https:\/\/diariodaregiao.audiencelabs.com.br\/wp-json\/wp\/v2\/media\/2256"}],"wp:attachment":[{"href":"https:\/\/diariodaregiao.audiencelabs.com.br\/wp-json\/wp\/v2\/media?parent=2254"}],"wp:term":[{"taxonomy":"category","embeddable":true,"href":"https:\/\/diariodaregiao.audiencelabs.com.br\/wp-json\/wp\/v2\/categories?post=2254"},{"taxonomy":"post_tag","embeddable":true,"href":"https:\/\/diariodaregiao.audiencelabs.com.br\/wp-json\/wp\/v2\/tags?post=2254"}],"curies":[{"name":"wp","href":"https:\/\/api.w.org\/{rel}","templated":true}]}}