{"id":22780,"date":"2026-04-25T08:40:16","date_gmt":"2026-04-25T11:40:16","guid":{"rendered":"https:\/\/diariodaregiao.audiencelabs.com.br\/?p=22780"},"modified":"2026-04-22T15:27:39","modified_gmt":"2026-04-22T18:27:39","slug":"contran-veta-habito-comum-entre-motoristas-de-uber","status":"publish","type":"post","link":"https:\/\/diariodaregiao.audiencelabs.com.br\/contran-veta-habito-comum-entre-motoristas-de-uber\/","title":{"rendered":"CONTRAN veta h\u00e1bito comum entre motoristas de Uber"},"content":{"rendered":"\n<p>Proibi\u00e7\u00e3o do CONTRAN? Um h\u00e1bito bastante comum entre motoristas de aplicativos vem chamando a aten\u00e7\u00e3o das autoridades de tr\u00e2nsito em diferentes regi\u00f5es do pa\u00eds. Apesar de parecer algo simples e at\u00e9 mesmo \u00fatil no dia a dia, a pr\u00e1tica pode trazer consequ\u00eancias que muitos condutores ainda desconhecem.<\/p>\n\n\n\n<p>No entanto, o uso de letreiros luminosos em ve\u00edculos particulares, pr\u00e1tica frequente entre motoristas da Uber, \u00e9 proibido pelo Contran. Esses dispositivos, geralmente instalados no para-brisa ou no interior do carro, exibem mensagens indicando o servi\u00e7o de transporte e acabam infringindo normas vigentes.<\/p>\n\n\n\n<h2 class=\"wp-block-heading\">Regra atinge diretamente motoristas de aplicativo<\/h2>\n\n\n\n<p>A regulamenta\u00e7\u00e3o deixa claro que ve\u00edculos particulares n\u00e3o podem circular com placas ou pain\u00e9is luminosos, sejam eles fixos ou com mensagens em movimento. Justamente por isso, qualquer tentativa de identifica\u00e7\u00e3o visual por meio desses acess\u00f3rios acaba sendo considerada irregular pelas autoridades.<\/p>\n\n\n\n<p>A \u00fanica exce\u00e7\u00e3o prevista envolve o transporte coletivo, como \u00f4nibus, que utilizam letreiros eletr\u00f4nicos para informar rotas ou destinos aos passageiros. Fora desse cen\u00e1rio espec\u00edfico, o uso desse tipo de equipamento n\u00e3o \u00e9 permitido em nenhuma hip\u00f3tese para motoristas comuns.<\/p>\n\n\n\n<p>Muitos condutores recorrem a esses itens como forma de facilitar o reconhecimento por passageiros, especialmente em locais movimentados. No entanto, a tentativa de melhorar a experi\u00eancia do usu\u00e1rio pode acabar gerando problemas legais e financeiros.<\/p>\n\n\n\n<figure class=\"wp-block-image size-large\"><img loading=\"lazy\" decoding=\"async\" width=\"1024\" height=\"683\" src=\"https:\/\/diariodaregiao.audiencelabs.com.br\/wp-content\/uploads\/2026\/04\/2149241789-1-1-1024x683.jpg\" alt=\"\" class=\"wp-image-22782\" srcset=\"https:\/\/diariodaregiao.audiencelabs.com.br\/wp-content\/uploads\/2026\/04\/2149241789-1-1-1024x683.jpg 1024w, https:\/\/diariodaregiao.audiencelabs.com.br\/wp-content\/uploads\/2026\/04\/2149241789-1-1-300x200.jpg 300w, https:\/\/diariodaregiao.audiencelabs.com.br\/wp-content\/uploads\/2026\/04\/2149241789-1-1-768x512.jpg 768w, https:\/\/diariodaregiao.audiencelabs.com.br\/wp-content\/uploads\/2026\/04\/2149241789-1-1-750x500.jpg 750w, https:\/\/diariodaregiao.audiencelabs.com.br\/wp-content\/uploads\/2026\/04\/2149241789-1-1-1140x760.jpg 1140w, https:\/\/diariodaregiao.audiencelabs.com.br\/wp-content\/uploads\/2026\/04\/2149241789-1-1.jpg 1200w\" sizes=\"auto, (max-width: 1024px) 100vw, 1024px\" \/><figcaption class=\"wp-element-caption\">Cr\u00e9ditos: Freepik<\/figcaption><\/figure>\n\n\n\n<h2 class=\"wp-block-heading\">Penalidades v\u00e3o al\u00e9m da multa<\/h2>\n\n\n\n<p>Motoristas flagrados utilizando letreiros luminosos podem ser enquadrados em infra\u00e7\u00e3o de tr\u00e2nsito, o que traz consequ\u00eancias imediatas. A penalidade inclui multa no valor de R$ 195,23, al\u00e9m do acr\u00e9scimo de cinco pontos na Carteira Nacional de Habilita\u00e7\u00e3o.<\/p>\n\n\n\n<p>At\u00e9 mesmo o ve\u00edculo pode ser retido pelas autoridades, dependendo da situa\u00e7\u00e3o encontrada durante a abordagem. Nesse caso, o carro s\u00f3 \u00e9 liberado ap\u00f3s a retirada do equipamento considerado irregular.<\/p>\n\n\n\n<p>Al\u00e9m disso, o Contran tamb\u00e9m alerta para outros acess\u00f3rios luminosos n\u00e3o autorizados, como os chamados \u201colhos\u201d de LED instalados no painel. Esses dispositivos, apesar de populares e baratos, seguem a mesma linha de proibi\u00e7\u00e3o e podem gerar puni\u00e7\u00f5es semelhantes.<\/p>\n\n\n\n<figure class=\"wp-block-image size-large\"><img loading=\"lazy\" decoding=\"async\" width=\"1024\" height=\"613\" src=\"https:\/\/diariodaregiao.audiencelabs.com.br\/wp-content\/uploads\/2026\/04\/1095970-mcamgo_abr_301017_0139_1-1-1024x613.jpg\" alt=\"\" class=\"wp-image-22781\" srcset=\"https:\/\/diariodaregiao.audiencelabs.com.br\/wp-content\/uploads\/2026\/04\/1095970-mcamgo_abr_301017_0139_1-1-1024x613.jpg 1024w, https:\/\/diariodaregiao.audiencelabs.com.br\/wp-content\/uploads\/2026\/04\/1095970-mcamgo_abr_301017_0139_1-1-300x180.jpg 300w, https:\/\/diariodaregiao.audiencelabs.com.br\/wp-content\/uploads\/2026\/04\/1095970-mcamgo_abr_301017_0139_1-1-768x460.jpg 768w, https:\/\/diariodaregiao.audiencelabs.com.br\/wp-content\/uploads\/2026\/04\/1095970-mcamgo_abr_301017_0139_1-1-750x449.jpg 750w, https:\/\/diariodaregiao.audiencelabs.com.br\/wp-content\/uploads\/2026\/04\/1095970-mcamgo_abr_301017_0139_1-1-1140x682.jpg 1140w, https:\/\/diariodaregiao.audiencelabs.com.br\/wp-content\/uploads\/2026\/04\/1095970-mcamgo_abr_301017_0139_1-1.jpg 1200w\" sizes=\"auto, (max-width: 1024px) 100vw, 1024px\" \/><figcaption class=\"wp-element-caption\">Cr\u00e9ditos: Marcelo Camargo\/Ag\u00eancia Brasil<\/figcaption><\/figure>\n\n\n\n<h2 class=\"wp-block-heading\">Cidades tamb\u00e9m aplicam regras pr\u00f3prias<\/h2>\n\n\n\n<p>Em algumas regi\u00f5es, as medidas v\u00e3o al\u00e9m do que est\u00e1 previsto nas normas nacionais, ampliando as restri\u00e7\u00f5es. Na cidade de S\u00e3o Paulo, por exemplo, a Prefeitura estabeleceu san\u00e7\u00f5es administrativas espec\u00edficas para quem utiliza esses acess\u00f3rios.<\/p>\n\n\n\n<p>Motoristas podem sofrer penalidades dentro das pr\u00f3prias plataformas de transporte, o que impacta diretamente sua fonte de renda. Entre as medidas previstas est\u00e3o a suspens\u00e3o tempor\u00e1ria do servi\u00e7o por at\u00e9 um ano e at\u00e9 mesmo o descredenciamento do ve\u00edculo.<\/p>\n\n\n\n<p>Esses letreiros costumam ser dispositivos simples, conectados \u00e0 entrada USB do carro e facilmente programados. Apesar do baixo custo, muitas vezes vendidos por cerca de R$ 30, o risco envolvido acaba sendo alto diante das poss\u00edveis puni\u00e7\u00f5es.<\/p>\n\n\n\n<p>Diante desse cen\u00e1rio, motoristas precisam redobrar a aten\u00e7\u00e3o e avaliar os riscos antes de adotar esse tipo de pr\u00e1tica. At\u00e9 mesmo h\u00e1bitos considerados inofensivos podem resultar em preju\u00edzos significativos quando entram em conflito com a legisla\u00e7\u00e3o vigente.<\/p>\n","protected":false},"excerpt":{"rendered":"<p>Proibi\u00e7\u00e3o do CONTRAN? Um h\u00e1bito bastante comum entre motoristas de aplicativos vem chamando a aten\u00e7\u00e3o das autoridades de tr\u00e2nsito em diferentes regi\u00f5es do pa\u00eds. Apesar de parecer algo simples e at\u00e9 mesmo \u00fatil no dia a dia, a pr\u00e1tica pode trazer consequ\u00eancias que muitos condutores ainda desconhecem. No entanto, o uso de letreiros luminosos em [&hellip;]<\/p>\n","protected":false},"author":10,"featured_media":22783,"comment_status":"open","ping_status":"open","sticky":false,"template":"","format":"standard","meta":{"jnews-multi-image_gallery":[],"jnews_single_post":{"format":"standard"},"jnews_primary_category":[],"jnews_social_meta":[],"jnews_post_split":[],"footnotes":""},"categories":[1],"tags":[],"class_list":["post-22780","post","type-post","status-publish","format-standard","has-post-thumbnail","hentry","category-variedades"],"_links":{"self":[{"href":"https:\/\/diariodaregiao.audiencelabs.com.br\/wp-json\/wp\/v2\/posts\/22780","targetHints":{"allow":["GET"]}}],"collection":[{"href":"https:\/\/diariodaregiao.audiencelabs.com.br\/wp-json\/wp\/v2\/posts"}],"about":[{"href":"https:\/\/diariodaregiao.audiencelabs.com.br\/wp-json\/wp\/v2\/types\/post"}],"author":[{"embeddable":true,"href":"https:\/\/diariodaregiao.audiencelabs.com.br\/wp-json\/wp\/v2\/users\/10"}],"replies":[{"embeddable":true,"href":"https:\/\/diariodaregiao.audiencelabs.com.br\/wp-json\/wp\/v2\/comments?post=22780"}],"version-history":[{"count":3,"href":"https:\/\/diariodaregiao.audiencelabs.com.br\/wp-json\/wp\/v2\/posts\/22780\/revisions"}],"predecessor-version":[{"id":23523,"href":"https:\/\/diariodaregiao.audiencelabs.com.br\/wp-json\/wp\/v2\/posts\/22780\/revisions\/23523"}],"wp:featuredmedia":[{"embeddable":true,"href":"https:\/\/diariodaregiao.audiencelabs.com.br\/wp-json\/wp\/v2\/media\/22783"}],"wp:attachment":[{"href":"https:\/\/diariodaregiao.audiencelabs.com.br\/wp-json\/wp\/v2\/media?parent=22780"}],"wp:term":[{"taxonomy":"category","embeddable":true,"href":"https:\/\/diariodaregiao.audiencelabs.com.br\/wp-json\/wp\/v2\/categories?post=22780"},{"taxonomy":"post_tag","embeddable":true,"href":"https:\/\/diariodaregiao.audiencelabs.com.br\/wp-json\/wp\/v2\/tags?post=22780"}],"curies":[{"name":"wp","href":"https:\/\/api.w.org\/{rel}","templated":true}]}}