{"id":22860,"date":"2026-05-01T15:50:25","date_gmt":"2026-05-01T18:50:25","guid":{"rendered":"https:\/\/diariodaregiao.audiencelabs.com.br\/?p=22860"},"modified":"2026-04-27T09:38:46","modified_gmt":"2026-04-27T12:38:46","slug":"nova-tecnologia-esta-vindo-para-substituir-o-cortador-de-grama-tradicional","status":"publish","type":"post","link":"https:\/\/diariodaregiao.audiencelabs.com.br\/nova-tecnologia-esta-vindo-para-substituir-o-cortador-de-grama-tradicional\/","title":{"rendered":"Nova tecnologia est\u00e1 vindo para substituir o cortador de grama tradicional"},"content":{"rendered":"\n<p>Uma nova tecnologia promete tomar o lugar do cortador de grama tradicional. Em regi\u00f5es com maior crescimento de plantas, geralmente ele \u00e9 o aparelho preferido. Mas os dias de prefer\u00eancia do tradicional aparelho est\u00e3o contados e uma novidade colocada recentemente no mercado promete revolucionar a jardinagem.<\/p>\n\n\n\n<p>Essa novidade nada mais \u00e9 que um rob\u00f4 cortador de grama, que dispensa o manuseio de pessoas para seguir operando. O rob\u00f4 garante que terrenos sejam percorridos, desviando de obst\u00e1culos e identificando limites do espa\u00e7o. Quando est\u00e1 descarregando, retorna \u00e0 base para novamente ser carregado.<\/p>\n\n\n\n<p>Na pr\u00e1tica, o rob\u00f4 exerce a mesma fun\u00e7\u00e3o do cortador tradicional, fazendo com que o gramado esteja sempre nivelado. O que muda \u00e9 a desobriga\u00e7\u00e3o do manuseio humano, assim possibilitando a muitos propriet\u00e1rios um tempo livre na agenda que seria utilizado para realizar as podas.<\/p>\n\n\n<div class=\"wp-block-image\">\n<figure class=\"aligncenter size-large\"><img loading=\"lazy\" decoding=\"async\" width=\"1024\" height=\"832\" src=\"https:\/\/diariodaregiao.audiencelabs.com.br\/wp-content\/uploads\/2026\/04\/STIHL_iMOW_II_1-1024x832.jpg\" alt=\"\" class=\"wp-image-22862\" srcset=\"https:\/\/diariodaregiao.audiencelabs.com.br\/wp-content\/uploads\/2026\/04\/STIHL_iMOW_II_1-1024x832.jpg 1024w, https:\/\/diariodaregiao.audiencelabs.com.br\/wp-content\/uploads\/2026\/04\/STIHL_iMOW_II_1-300x244.jpg 300w, https:\/\/diariodaregiao.audiencelabs.com.br\/wp-content\/uploads\/2026\/04\/STIHL_iMOW_II_1-768x624.jpg 768w, https:\/\/diariodaregiao.audiencelabs.com.br\/wp-content\/uploads\/2026\/04\/STIHL_iMOW_II_1-1536x1248.jpg 1536w, https:\/\/diariodaregiao.audiencelabs.com.br\/wp-content\/uploads\/2026\/04\/STIHL_iMOW_II_1-750x609.jpg 750w, https:\/\/diariodaregiao.audiencelabs.com.br\/wp-content\/uploads\/2026\/04\/STIHL_iMOW_II_1-1140x926.jpg 1140w, https:\/\/diariodaregiao.audiencelabs.com.br\/wp-content\/uploads\/2026\/04\/STIHL_iMOW_II_1.jpg 1775w\" sizes=\"auto, (max-width: 1024px) 100vw, 1024px\" \/><figcaption class=\"wp-element-caption\">Cr\u00e9ditos: Divulga\u00e7\u00e3o\/STIHL<\/figcaption><\/figure>\n<\/div>\n\n\n<p>Pensando em cen\u00e1rios adversos, v\u00e1rios modelos inclusive j\u00e1 saem de f\u00e1brica preparados para lidar com as chuvas, por exemplo. Vale lembrar que, de modo geral, a grama cresce mais rapidamente durante a primavera e o ver\u00e3o, tendo em vista serem esta\u00e7\u00f5es que impulsionam o calor e chuvas, exigindo podas frequentes.&nbsp;<\/p>\n\n\n\n<h2 class=\"wp-block-heading\">Tecnologia chegar\u00e1 ao Brasil?<\/h2>\n\n\n\n<p>Popular no mercado internacional, a tecnologia ainda \u00e9 uma novidade no Brasil. Sua presen\u00e7a \u00e9 mais comum em resid\u00eancias de padr\u00e3o elevado. Diferentemente de outros lugares, como os Estados Unidos, em que o uso da m\u00e1quina \u00e9 mais difundido.<\/p>\n\n\n\n<p>De toda maneira, a tend\u00eancia \u00e9 que a alternativa ao cortador de grama tradicional ganhe proje\u00e7\u00e3o, uma vez que a praticidade facilita o servi\u00e7o dos propriet\u00e1rios dos im\u00f3veis e jardineiros.<\/p>\n\n\n\n<p>Contudo, a realidade se manter\u00e1 a mesma por enquanto. Isso porque os rob\u00f4s n\u00e3o s\u00e3o acess\u00edveis para a realidade de grande parcela dos brasileiros. A tecnologia em quest\u00e3o vem sendo comercializada por valores que v\u00e3o de R$ 7 mil a R$ 24 mil, variando de acordo com o modelo e as versatilidades presentes no maquin\u00e1rio.<\/p>\n","protected":false},"excerpt":{"rendered":"<p>Uma nova tecnologia promete tomar o lugar do cortador de grama tradicional. Em regi\u00f5es com maior crescimento de plantas, geralmente ele \u00e9 o aparelho preferido. Mas os dias de prefer\u00eancia do tradicional aparelho est\u00e3o contados e uma novidade colocada recentemente no mercado promete revolucionar a jardinagem. Essa novidade nada mais \u00e9 que um rob\u00f4 cortador [&hellip;]<\/p>\n","protected":false},"author":14,"featured_media":22861,"comment_status":"open","ping_status":"open","sticky":false,"template":"","format":"standard","meta":{"jnews-multi-image_gallery":[],"jnews_single_post":{"format":"standard"},"jnews_primary_category":[],"jnews_social_meta":[],"jnews_post_split":[],"footnotes":""},"categories":[1],"tags":[],"class_list":["post-22860","post","type-post","status-publish","format-standard","has-post-thumbnail","hentry","category-variedades"],"_links":{"self":[{"href":"https:\/\/diariodaregiao.audiencelabs.com.br\/wp-json\/wp\/v2\/posts\/22860","targetHints":{"allow":["GET"]}}],"collection":[{"href":"https:\/\/diariodaregiao.audiencelabs.com.br\/wp-json\/wp\/v2\/posts"}],"about":[{"href":"https:\/\/diariodaregiao.audiencelabs.com.br\/wp-json\/wp\/v2\/types\/post"}],"author":[{"embeddable":true,"href":"https:\/\/diariodaregiao.audiencelabs.com.br\/wp-json\/wp\/v2\/users\/14"}],"replies":[{"embeddable":true,"href":"https:\/\/diariodaregiao.audiencelabs.com.br\/wp-json\/wp\/v2\/comments?post=22860"}],"version-history":[{"count":2,"href":"https:\/\/diariodaregiao.audiencelabs.com.br\/wp-json\/wp\/v2\/posts\/22860\/revisions"}],"predecessor-version":[{"id":24157,"href":"https:\/\/diariodaregiao.audiencelabs.com.br\/wp-json\/wp\/v2\/posts\/22860\/revisions\/24157"}],"wp:featuredmedia":[{"embeddable":true,"href":"https:\/\/diariodaregiao.audiencelabs.com.br\/wp-json\/wp\/v2\/media\/22861"}],"wp:attachment":[{"href":"https:\/\/diariodaregiao.audiencelabs.com.br\/wp-json\/wp\/v2\/media?parent=22860"}],"wp:term":[{"taxonomy":"category","embeddable":true,"href":"https:\/\/diariodaregiao.audiencelabs.com.br\/wp-json\/wp\/v2\/categories?post=22860"},{"taxonomy":"post_tag","embeddable":true,"href":"https:\/\/diariodaregiao.audiencelabs.com.br\/wp-json\/wp\/v2\/tags?post=22860"}],"curies":[{"name":"wp","href":"https:\/\/api.w.org\/{rel}","templated":true}]}}