{"id":22932,"date":"2026-04-25T08:10:00","date_gmt":"2026-04-25T11:10:00","guid":{"rendered":"https:\/\/diariodaregiao.audiencelabs.com.br\/?p=22932"},"modified":"2026-04-24T09:56:07","modified_gmt":"2026-04-24T12:56:07","slug":"botafogo-definiu-o-valor-da-oferta-para-vender-o-volante-danilo","status":"publish","type":"post","link":"https:\/\/diariodaregiao.audiencelabs.com.br\/botafogo-definiu-o-valor-da-oferta-para-vender-o-volante-danilo\/","title":{"rendered":"Botafogo definiu o valor da oferta para vender o volante Danilo"},"content":{"rendered":"\n<p>O mercado da bola segue movimentado e, justamente neste per\u00edodo, algumas decis\u00f5es internas come\u00e7am a indicar os pr\u00f3ximos passos de clubes brasileiros. No entanto, al\u00e9m das movimenta\u00e7\u00f5es esportivas, quest\u00f5es financeiras tamb\u00e9m entram em jogo e influenciam negocia\u00e7\u00f5es importantes. At\u00e9 mesmo fatores extracampo passam a pesar em defini\u00e7\u00f5es que podem mudar o rumo de uma temporada.<\/p>\n\n\n\n<p>O Botafogo j\u00e1 tra\u00e7ou um plano claro envolvendo o volante Danilo. A diretoria projeta negociar o jogador no meio deste ano e estabeleceu um valor ideal para fechar o neg\u00f3cio, algo em torno de <strong>30 milh\u00f5es de euros, pr\u00f3ximo de R$ 176 milh\u00f5es<\/strong>. A expectativa interna \u00e9 de que propostas do mercado internacional atinjam esse patamar.<\/p>\n\n\n\n<h2 class=\"wp-block-heading\">Botafogo define valor e mira mercado internacional<\/h2>\n\n\n\n<p>A estrat\u00e9gia do Botafogo passa diretamente pelo cen\u00e1rio externo, justamente por entender que clubes estrangeiros podem alcan\u00e7ar cifras mais altas. No entanto, a diretoria tamb\u00e9m aposta em um fator decisivo para inflacionar o pre\u00e7o: a poss\u00edvel participa\u00e7\u00e3o de Danilo na Copa do Mundo. At\u00e9 mesmo uma convoca\u00e7\u00e3o pode elevar o interesse de equipes.<\/p>\n\n\n\n<p>O clube carioca n\u00e3o pretende negociar o jogador com rivais nacionais, o que limita as op\u00e7\u00f5es dentro do Brasil. Ainda assim, equipes como o Palmeiras e o Flamengo s\u00e3o apontadas como as \u00fanicas com capacidade financeira para tentar uma investida. Mesmo assim, a tend\u00eancia \u00e9 que qualquer negocia\u00e7\u00e3o aconte\u00e7a com o exterior.<\/p>\n\n\n\n<p>Do lado do atleta, o desejo tamb\u00e9m caminha nessa dire\u00e7\u00e3o. Danilo tem como prioridade retornar \u00e0 Europa, de prefer\u00eancia para uma liga competitiva, o que refor\u00e7a o plano do Botafogo. A combina\u00e7\u00e3o entre ambi\u00e7\u00e3o do jogador e estrat\u00e9gia do clube cria um cen\u00e1rio favor\u00e1vel para uma transfer\u00eancia internacional.<\/p>\n\n\n\n<h2 class=\"wp-block-heading\">Quest\u00e3o judicial pressiona bastidores do clube<\/h2>\n\n\n\n<p>Apesar do planejamento esportivo, o Botafogo enfrenta problemas fora de campo que impactam diretamente o momento. Empres\u00e1rios de Danilo acionaram o clube na Justi\u00e7a cobrando o pagamento de uma comiss\u00e3o referente \u00e0 transfer\u00eancia do atleta, quando ele estava no Nottingham Forest. O valor da cobran\u00e7a chega a R$ 6.648.953,43.<\/p>\n\n\n\n<p>A a\u00e7\u00e3o foi registrada como cumprimento provis\u00f3rio de senten\u00e7a, o que aumenta a press\u00e3o sobre a diretoria. No entanto, essa n\u00e3o \u00e9 a \u00fanica dificuldade financeira enfrentada pelo clube em 2026, j\u00e1 que h\u00e1 relatos de atrasos em outros compromissos. Justamente por isso, a venda de Danilo surge como alternativa.<\/p>\n\n\n\n<p>Mesmo com esse cen\u00e1rio, o Botafogo tenta manter o foco na valoriza\u00e7\u00e3o do jogador. A ideia \u00e9 n\u00e3o negociar por valores abaixo do estipulado, evitando preju\u00edzos esportivos e financeiros. At\u00e9 mesmo com a urg\u00eancia por receitas, o clube adota cautela neste processo.<\/p>\n\n\n\n<figure class=\"wp-block-image size-large\"><img loading=\"lazy\" decoding=\"async\" width=\"1024\" height=\"576\" src=\"https:\/\/diariodaregiao.audiencelabs.com.br\/wp-content\/uploads\/2026\/04\/john-textor-800x450-1-1024x576.jpg\" alt=\"\" class=\"wp-image-22894\" srcset=\"https:\/\/diariodaregiao.audiencelabs.com.br\/wp-content\/uploads\/2026\/04\/john-textor-800x450-1-1024x576.jpg 1024w, https:\/\/diariodaregiao.audiencelabs.com.br\/wp-content\/uploads\/2026\/04\/john-textor-800x450-1-300x169.jpg 300w, https:\/\/diariodaregiao.audiencelabs.com.br\/wp-content\/uploads\/2026\/04\/john-textor-800x450-1-768x432.jpg 768w, https:\/\/diariodaregiao.audiencelabs.com.br\/wp-content\/uploads\/2026\/04\/john-textor-800x450-1-750x422.jpg 750w, https:\/\/diariodaregiao.audiencelabs.com.br\/wp-content\/uploads\/2026\/04\/john-textor-800x450-1-1140x641.jpg 1140w, https:\/\/diariodaregiao.audiencelabs.com.br\/wp-content\/uploads\/2026\/04\/john-textor-800x450-1.jpg 1244w\" sizes=\"auto, (max-width: 1024px) 100vw, 1024px\" \/><figcaption class=\"wp-element-caption\">Cr\u00e9ditos: Vitor Silva\/Botafogo<\/figcaption><\/figure>\n\n\n\n<h2 class=\"wp-block-heading\">Danilo vive auge e mira vaga na Sele\u00e7\u00e3o Brasileira<\/h2>\n\n\n\n<p>A fase atual de Danilo \u00e9 considerada a melhor desde sua chegada ao Botafogo. A apenas 30 dias da divulga\u00e7\u00e3o da lista final para a Copa do Mundo de 2026, o volante se firmou como pe\u00e7a essencial no time e tenta garantir espa\u00e7o na Sele\u00e7\u00e3o Brasileira. O momento t\u00e9cnico \u00e9 visto como determinante.<\/p>\n\n\n\n<figure class=\"wp-block-image size-large\"><img loading=\"lazy\" decoding=\"async\" width=\"1024\" height=\"576\" src=\"https:\/\/diariodaregiao.audiencelabs.com.br\/wp-content\/uploads\/2026\/04\/CBF_004_JPG_20a2827458-1-1024x576.jpeg\" alt=\"\" class=\"wp-image-22933\" srcset=\"https:\/\/diariodaregiao.audiencelabs.com.br\/wp-content\/uploads\/2026\/04\/CBF_004_JPG_20a2827458-1-1024x576.jpeg 1024w, https:\/\/diariodaregiao.audiencelabs.com.br\/wp-content\/uploads\/2026\/04\/CBF_004_JPG_20a2827458-1-300x169.jpeg 300w, https:\/\/diariodaregiao.audiencelabs.com.br\/wp-content\/uploads\/2026\/04\/CBF_004_JPG_20a2827458-1-768x432.jpeg 768w, https:\/\/diariodaregiao.audiencelabs.com.br\/wp-content\/uploads\/2026\/04\/CBF_004_JPG_20a2827458-1-750x422.jpeg 750w, https:\/\/diariodaregiao.audiencelabs.com.br\/wp-content\/uploads\/2026\/04\/CBF_004_JPG_20a2827458-1-1140x641.jpeg 1140w, https:\/\/diariodaregiao.audiencelabs.com.br\/wp-content\/uploads\/2026\/04\/CBF_004_JPG_20a2827458-1.jpeg 1244w\" sizes=\"auto, (max-width: 1024px) 100vw, 1024px\" \/><figcaption class=\"wp-element-caption\"> Cr\u00e9ditos: Joilson Marconne\/CBF<\/figcaption><\/figure>\n\n\n\n<p>O jogador evoluiu fisicamente e taticamente ao longo da temporada, ampliando sua participa\u00e7\u00e3o tanto na defesa quanto na constru\u00e7\u00e3o das jogadas. No entanto, o grande diferencial tem sido a regularidade, algo que chama aten\u00e7\u00e3o da comiss\u00e3o t\u00e9cnica. At\u00e9 mesmo analistas destacam seu n\u00edvel.<\/p>\n\n\n\n<p>Os n\u00fameros refor\u00e7am essa fase positiva, j\u00e1 que Danilo soma nove gols e tr\u00eas assist\u00eancias em 20 partidas entre clube e sele\u00e7\u00e3o. A comiss\u00e3o t\u00e9cnica brasileira acompanha de perto suas atua\u00e7\u00f5es, enquanto o atleta mant\u00e9m o foco. A lista final deve sair na segunda quinzena de maio.<\/p>\n","protected":false},"excerpt":{"rendered":"<p>O mercado da bola segue movimentado e, justamente neste per\u00edodo, algumas decis\u00f5es internas come\u00e7am a indicar os pr\u00f3ximos passos de clubes brasileiros. No entanto, al\u00e9m das movimenta\u00e7\u00f5es esportivas, quest\u00f5es financeiras tamb\u00e9m entram em jogo e influenciam negocia\u00e7\u00f5es importantes. At\u00e9 mesmo fatores extracampo passam a pesar em defini\u00e7\u00f5es que podem mudar o rumo de uma temporada. [&hellip;]<\/p>\n","protected":false},"author":10,"featured_media":22934,"comment_status":"open","ping_status":"open","sticky":false,"template":"","format":"standard","meta":{"jnews-multi-image_gallery":[],"jnews_single_post":{"format":"standard"},"jnews_primary_category":[],"jnews_social_meta":[],"jnews_post_split":[],"footnotes":""},"categories":[1],"tags":[],"class_list":["post-22932","post","type-post","status-publish","format-standard","has-post-thumbnail","hentry","category-variedades"],"_links":{"self":[{"href":"https:\/\/diariodaregiao.audiencelabs.com.br\/wp-json\/wp\/v2\/posts\/22932","targetHints":{"allow":["GET"]}}],"collection":[{"href":"https:\/\/diariodaregiao.audiencelabs.com.br\/wp-json\/wp\/v2\/posts"}],"about":[{"href":"https:\/\/diariodaregiao.audiencelabs.com.br\/wp-json\/wp\/v2\/types\/post"}],"author":[{"embeddable":true,"href":"https:\/\/diariodaregiao.audiencelabs.com.br\/wp-json\/wp\/v2\/users\/10"}],"replies":[{"embeddable":true,"href":"https:\/\/diariodaregiao.audiencelabs.com.br\/wp-json\/wp\/v2\/comments?post=22932"}],"version-history":[{"count":1,"href":"https:\/\/diariodaregiao.audiencelabs.com.br\/wp-json\/wp\/v2\/posts\/22932\/revisions"}],"predecessor-version":[{"id":22935,"href":"https:\/\/diariodaregiao.audiencelabs.com.br\/wp-json\/wp\/v2\/posts\/22932\/revisions\/22935"}],"wp:featuredmedia":[{"embeddable":true,"href":"https:\/\/diariodaregiao.audiencelabs.com.br\/wp-json\/wp\/v2\/media\/22934"}],"wp:attachment":[{"href":"https:\/\/diariodaregiao.audiencelabs.com.br\/wp-json\/wp\/v2\/media?parent=22932"}],"wp:term":[{"taxonomy":"category","embeddable":true,"href":"https:\/\/diariodaregiao.audiencelabs.com.br\/wp-json\/wp\/v2\/categories?post=22932"},{"taxonomy":"post_tag","embeddable":true,"href":"https:\/\/diariodaregiao.audiencelabs.com.br\/wp-json\/wp\/v2\/tags?post=22932"}],"curies":[{"name":"wp","href":"https:\/\/api.w.org\/{rel}","templated":true}]}}