{"id":23020,"date":"2026-04-26T10:10:00","date_gmt":"2026-04-26T13:10:00","guid":{"rendered":"https:\/\/diariodaregiao.audiencelabs.com.br\/?p=23020"},"modified":"2026-04-24T09:55:03","modified_gmt":"2026-04-24T12:55:03","slug":"gigante-italiana-do-setor-de-maquinas-decide-abrir-primeira-fabrica-da-america-latina-em-sao-paulo","status":"publish","type":"post","link":"https:\/\/diariodaregiao.audiencelabs.com.br\/gigante-italiana-do-setor-de-maquinas-decide-abrir-primeira-fabrica-da-america-latina-em-sao-paulo\/","title":{"rendered":"Gigante italiana do setor de m\u00e1quinas decide abrir primeira f\u00e1brica da Am\u00e9rica Latina, em S\u00e3o Paulo"},"content":{"rendered":"\n<p>Uma multinacional italiana com 60 anos de experi\u00eancia na fabrica\u00e7\u00e3o de componentes para transformadores, escolheu Jundia\u00ed, em S\u00e3o Paulo, para instalar sua primeira f\u00e1brica na Am\u00e9rica Latina.<\/p>\n\n\n\n<p>A nova unidade, situada no Distrito Industrial, foi inaugurada com a presen\u00e7a de representantes da Secretaria de Desenvolvimento Econ\u00f4mico, Ci\u00eancia e Tecnologia (SMDECT) da Prefeitura. Esta decis\u00e3o marca um passo significativo na expans\u00e3o da empresa na regi\u00e3o.<\/p>\n\n\n\n<h2 class=\"wp-block-heading\">Escolha de Jundia\u00ed como sede<\/h2>\n\n\n\n<p>A escolha de Jundia\u00ed n\u00e3o foi aleat\u00f3ria. Antes de decidir pela cidade, o Grupo Comem avaliou 38 munic\u00edpios. O secret\u00e1rio da SMDECT, Humberto Cerecer, destacou que a localiza\u00e7\u00e3o privilegiada, a infraestrutura log\u00edstica e um ambiente favor\u00e1vel aos neg\u00f3cios foram fatores determinantes.<\/p>\n\n\n\n<p>Jundia\u00ed se destaca como um dos principais polos de atra\u00e7\u00e3o de investimentos no estado de S\u00e3o Paulo, o que a torna um local estrat\u00e9gico para a instala\u00e7\u00e3o de novas opera\u00e7\u00f5es. A instala\u00e7\u00e3o da f\u00e1brica do Grupo Comem em Jundia\u00ed tem o potencial de movimentar a economia local, gerando novos empregos e estimulando a rede de fornecedores da regi\u00e3o.<\/p>\n\n\n\n<p>A presen\u00e7a da multinacional refor\u00e7a o papel da cidade no cen\u00e1rio econ\u00f4mico nacional e internacional, atraindo ainda mais empresas interessadas em expandir suas opera\u00e7\u00f5es. A nova unidade \u00e9 um indicativo da crescente voca\u00e7\u00e3o industrial de Jundia\u00ed.<\/p>\n\n\n\n<h2 class=\"wp-block-heading\">Valores da empresa e perfil do munic\u00edpio<\/h2>\n\n\n\n<p>De acordo com Lucas Vivian, CEO do Grupo Comem, a decis\u00e3o de se estabelecer em Jundia\u00ed reflete uma forte conex\u00e3o entre os valores da empresa e o perfil do munic\u00edpio.<\/p>\n\n\n\n<p>Vivian ressaltou que a cidade possui caracter\u00edsticas fundamentais para o crescimento sustent\u00e1vel, incluindo um compromisso com a responsabilidade social e um equil\u00edbrio entre desenvolvimento econ\u00f4mico e respeito ao meio ambiente. Essa sinergia \u00e9 crucial para a forma como a empresa conduz seus neg\u00f3cios.<\/p>\n","protected":false},"excerpt":{"rendered":"<p>Uma multinacional italiana com 60 anos de experi\u00eancia na fabrica\u00e7\u00e3o de componentes para transformadores, escolheu Jundia\u00ed, em S\u00e3o Paulo, para instalar sua primeira f\u00e1brica na Am\u00e9rica Latina. A nova unidade, situada no Distrito Industrial, foi inaugurada com a presen\u00e7a de representantes da Secretaria de Desenvolvimento Econ\u00f4mico, Ci\u00eancia e Tecnologia (SMDECT) da Prefeitura. Esta decis\u00e3o marca [&hellip;]<\/p>\n","protected":false},"author":4,"featured_media":23021,"comment_status":"open","ping_status":"open","sticky":false,"template":"","format":"standard","meta":{"jnews-multi-image_gallery":[],"jnews_single_post":{"format":"standard"},"jnews_primary_category":[],"jnews_social_meta":[],"jnews_post_split":[],"footnotes":""},"categories":[1],"tags":[],"class_list":["post-23020","post","type-post","status-publish","format-standard","has-post-thumbnail","hentry","category-variedades"],"_links":{"self":[{"href":"https:\/\/diariodaregiao.audiencelabs.com.br\/wp-json\/wp\/v2\/posts\/23020","targetHints":{"allow":["GET"]}}],"collection":[{"href":"https:\/\/diariodaregiao.audiencelabs.com.br\/wp-json\/wp\/v2\/posts"}],"about":[{"href":"https:\/\/diariodaregiao.audiencelabs.com.br\/wp-json\/wp\/v2\/types\/post"}],"author":[{"embeddable":true,"href":"https:\/\/diariodaregiao.audiencelabs.com.br\/wp-json\/wp\/v2\/users\/4"}],"replies":[{"embeddable":true,"href":"https:\/\/diariodaregiao.audiencelabs.com.br\/wp-json\/wp\/v2\/comments?post=23020"}],"version-history":[{"count":2,"href":"https:\/\/diariodaregiao.audiencelabs.com.br\/wp-json\/wp\/v2\/posts\/23020\/revisions"}],"predecessor-version":[{"id":23392,"href":"https:\/\/diariodaregiao.audiencelabs.com.br\/wp-json\/wp\/v2\/posts\/23020\/revisions\/23392"}],"wp:featuredmedia":[{"embeddable":true,"href":"https:\/\/diariodaregiao.audiencelabs.com.br\/wp-json\/wp\/v2\/media\/23021"}],"wp:attachment":[{"href":"https:\/\/diariodaregiao.audiencelabs.com.br\/wp-json\/wp\/v2\/media?parent=23020"}],"wp:term":[{"taxonomy":"category","embeddable":true,"href":"https:\/\/diariodaregiao.audiencelabs.com.br\/wp-json\/wp\/v2\/categories?post=23020"},{"taxonomy":"post_tag","embeddable":true,"href":"https:\/\/diariodaregiao.audiencelabs.com.br\/wp-json\/wp\/v2\/tags?post=23020"}],"curies":[{"name":"wp","href":"https:\/\/api.w.org\/{rel}","templated":true}]}}