{"id":23040,"date":"2026-04-26T07:10:00","date_gmt":"2026-04-26T10:10:00","guid":{"rendered":"https:\/\/diariodaregiao.audiencelabs.com.br\/?p=23040"},"modified":"2026-04-20T18:41:31","modified_gmt":"2026-04-20T21:41:31","slug":"pvc-revela-se-endrick-e-estevao-ja-estao-confirmados-na-copa-do-mundo-de-2026","status":"publish","type":"post","link":"https:\/\/diariodaregiao.audiencelabs.com.br\/pvc-revela-se-endrick-e-estevao-ja-estao-confirmados-na-copa-do-mundo-de-2026\/","title":{"rendered":"PVC revela se Endrick e Est\u00eav\u00e3o j\u00e1 est\u00e3o confirmados na Copa do Mundo de 2026"},"content":{"rendered":"\n<p>O jornalista Paulo Vin\u00edcius Coelho, o PVC, trouxe novidades a respeito de Endrick e Est\u00eav\u00e3o na Copa do Mundo. Dois dos maiores talentos de sua gera\u00e7\u00e3o, as crias do Palmeiras vivem a expectativa de estar na lista final da Sele\u00e7\u00e3o Brasileira e disputar o torneio pela primeira vez em suas carreiras.<\/p>\n\n\n\n<p>Em sua coluna no Uol, o jornalista apontou que a situa\u00e7\u00e3o de Est\u00eav\u00e3o \u00e9 confort\u00e1vel, por assim dizer. Embora tenha dado um susto na comiss\u00e3o de Carlo Ancelotti com a les\u00e3o sofrida em jogo recente do Chelsea, o meia-atacante deve se recuperar bem antes do Mundial e n\u00e3o ser\u00e1 desfalque por conta dessa contus\u00e3o.<\/p>\n\n\n\n<p>O camisa 41 dos Blues \u00e9 um dos xod\u00f3s do comandante canarinho e s\u00f3 ficar\u00e1 de fora da convoca\u00e7\u00e3o se sofrer um problema grave. Endrick, por sua vez, vive um cen\u00e1rio incerto por n\u00e3o ter sido lembrado com const\u00e2ncia nas listas anteriores e tamb\u00e9m pelo hist\u00f3rico de n\u00e3o ter sido aproveitado por Carletto no Real Madrid.<\/p>\n\n\n<div class=\"wp-block-image\">\n<figure class=\"aligncenter size-large\"><img loading=\"lazy\" decoding=\"async\" width=\"1024\" height=\"801\" src=\"https:\/\/diariodaregiao.audiencelabs.com.br\/wp-content\/uploads\/2026\/04\/53692498441_cd4c024206_h-e1776721255160-1024x801.jpg\" alt=\"\" class=\"wp-image-23042\" srcset=\"https:\/\/diariodaregiao.audiencelabs.com.br\/wp-content\/uploads\/2026\/04\/53692498441_cd4c024206_h-e1776721255160-1024x801.jpg 1024w, https:\/\/diariodaregiao.audiencelabs.com.br\/wp-content\/uploads\/2026\/04\/53692498441_cd4c024206_h-e1776721255160-300x235.jpg 300w, https:\/\/diariodaregiao.audiencelabs.com.br\/wp-content\/uploads\/2026\/04\/53692498441_cd4c024206_h-e1776721255160-768x601.jpg 768w, https:\/\/diariodaregiao.audiencelabs.com.br\/wp-content\/uploads\/2026\/04\/53692498441_cd4c024206_h-e1776721255160-750x587.jpg 750w, https:\/\/diariodaregiao.audiencelabs.com.br\/wp-content\/uploads\/2026\/04\/53692498441_cd4c024206_h-e1776721255160-1140x891.jpg 1140w, https:\/\/diariodaregiao.audiencelabs.com.br\/wp-content\/uploads\/2026\/04\/53692498441_cd4c024206_h-e1776721255160.jpg 1500w\" sizes=\"auto, (max-width: 1024px) 100vw, 1024px\" \/><figcaption class=\"wp-element-caption\">Cr\u00e9ditos: Cesar Greco\/Palmeiras<\/figcaption><\/figure>\n<\/div>\n\n\n<p>Acontece que o camisa 9 est\u00e1 arrebentando no Lyon, da Fran\u00e7a, e recentemente acabou com o PSG em pleno Parque dos Pr\u00edncipes &#8211; sob o olhar da CBF. Apesar de n\u00e3o ter sido t\u00e3o aproveitado na reta final do ciclo, o jovem de 19 anos tem feito sua n\u00e3o convoca\u00e7\u00e3o ser quase injustific\u00e1vel, colocando press\u00e3o sobre o treinador.<\/p>\n\n\n\n<h2 class=\"wp-block-heading\">Endrick e Est\u00eav\u00e3o s\u00e3o esperan\u00e7as do Brasil<\/h2>\n\n\n\n<p>Muito antes do que imaginavam, as crias do Palmeiras anteciparam o futuro e se tornaram o presente da Sele\u00e7\u00e3o. Os garotos s\u00e3o duas esperan\u00e7as do torcedor brasileiro que deseja ver algo diferente na busca pelo hexacampeonato e n\u00e3o apenas mais do mesmo.<\/p>\n\n\n\n<p>Est\u00eav\u00e3o, por exemplo, \u00e9 o melhor jogador da era Ancelotti. J\u00e1 Endrick tem ao seu favor a fase extraordin\u00e1ria que vive no Lyon e a incr\u00edvel capacidade de sua estrela brilhar em momentos decisivos &#8211; como mostrou vestindo a camisa amarelinha, inclusive.<\/p>\n","protected":false},"excerpt":{"rendered":"<p>O jornalista Paulo Vin\u00edcius Coelho, o PVC, trouxe novidades a respeito de Endrick e Est\u00eav\u00e3o na Copa do Mundo. Dois dos maiores talentos de sua gera\u00e7\u00e3o, as crias do Palmeiras vivem a expectativa de estar na lista final da Sele\u00e7\u00e3o Brasileira e disputar o torneio pela primeira vez em suas carreiras. Em sua coluna no [&hellip;]<\/p>\n","protected":false},"author":14,"featured_media":23041,"comment_status":"open","ping_status":"open","sticky":false,"template":"","format":"standard","meta":{"jnews-multi-image_gallery":[],"jnews_single_post":{"format":"standard"},"jnews_primary_category":[],"jnews_social_meta":[],"jnews_post_split":[],"footnotes":""},"categories":[1],"tags":[],"class_list":["post-23040","post","type-post","status-publish","format-standard","has-post-thumbnail","hentry","category-variedades"],"_links":{"self":[{"href":"https:\/\/diariodaregiao.audiencelabs.com.br\/wp-json\/wp\/v2\/posts\/23040","targetHints":{"allow":["GET"]}}],"collection":[{"href":"https:\/\/diariodaregiao.audiencelabs.com.br\/wp-json\/wp\/v2\/posts"}],"about":[{"href":"https:\/\/diariodaregiao.audiencelabs.com.br\/wp-json\/wp\/v2\/types\/post"}],"author":[{"embeddable":true,"href":"https:\/\/diariodaregiao.audiencelabs.com.br\/wp-json\/wp\/v2\/users\/14"}],"replies":[{"embeddable":true,"href":"https:\/\/diariodaregiao.audiencelabs.com.br\/wp-json\/wp\/v2\/comments?post=23040"}],"version-history":[{"count":1,"href":"https:\/\/diariodaregiao.audiencelabs.com.br\/wp-json\/wp\/v2\/posts\/23040\/revisions"}],"predecessor-version":[{"id":23043,"href":"https:\/\/diariodaregiao.audiencelabs.com.br\/wp-json\/wp\/v2\/posts\/23040\/revisions\/23043"}],"wp:featuredmedia":[{"embeddable":true,"href":"https:\/\/diariodaregiao.audiencelabs.com.br\/wp-json\/wp\/v2\/media\/23041"}],"wp:attachment":[{"href":"https:\/\/diariodaregiao.audiencelabs.com.br\/wp-json\/wp\/v2\/media?parent=23040"}],"wp:term":[{"taxonomy":"category","embeddable":true,"href":"https:\/\/diariodaregiao.audiencelabs.com.br\/wp-json\/wp\/v2\/categories?post=23040"},{"taxonomy":"post_tag","embeddable":true,"href":"https:\/\/diariodaregiao.audiencelabs.com.br\/wp-json\/wp\/v2\/tags?post=23040"}],"curies":[{"name":"wp","href":"https:\/\/api.w.org\/{rel}","templated":true}]}}