{"id":23112,"date":"2026-04-26T11:13:00","date_gmt":"2026-04-26T14:13:00","guid":{"rendered":"https:\/\/diariodaregiao.audiencelabs.com.br\/?p=23112"},"modified":"2026-04-22T15:29:28","modified_gmt":"2026-04-22T18:29:28","slug":"enquanto-salario-minimo-do-brasil-da-para-comprar-um-celular-na-venezuela-conseguem-comprar-um-pacote-de-bolacha","status":"publish","type":"post","link":"https:\/\/diariodaregiao.audiencelabs.com.br\/enquanto-salario-minimo-do-brasil-da-para-comprar-um-celular-na-venezuela-conseguem-comprar-um-pacote-de-bolacha\/","title":{"rendered":"Enquanto sal\u00e1rio m\u00ednimo do Brasil d\u00e1 para comprar um celular, na Venezuela conseguem comprar um pacote de bolacha"},"content":{"rendered":"\n<p>Um contraste econ\u00f4mico tem chamado aten\u00e7\u00e3o ao expor realidades bem diferentes dentro da Am\u00e9rica do Sul. No entanto, a diferen\u00e7a no poder de compra acaba sendo o ponto central dessa compara\u00e7\u00e3o. At\u00e9 mesmo itens simples do dia a dia ajudam a ilustrar esse cen\u00e1rio de forma direta.<\/p>\n\n\n\n<p>A situa\u00e7\u00e3o envolve Brasil e Venezuela, com n\u00fameros que mostram um abismo entre os dois pa\u00edses. Justamente enquanto o sal\u00e1rio m\u00ednimo brasileiro est\u00e1 fixado em <strong>R$ 1.621<\/strong>, na Venezuela o valor mensal caiu para o equivalente a <strong>R$ 2,34<\/strong>. Esse dado foi calculado com base na cota\u00e7\u00e3o divulgada pelo Banco Central da Venezuela.<\/p>\n\n\n\n<h2 class=\"wp-block-heading\">Poder de compra em queda livre<\/h2>\n\n\n\n<p>O sal\u00e1rio m\u00ednimo venezuelano segue congelado em<strong> 130 bol\u00edvares<\/strong> desde mar\u00e7o de 2022. No entanto, o que realmente mudou foi o valor real desse dinheiro ao longo do tempo. Na \u00e9poca, o montante correspondia a cerca de US$ 30, mas hoje representa apenas <strong>US$ 0,43<\/strong>.<\/p>\n\n\n\n<p>Esse recuo est\u00e1 ligado diretamente \u00e0 perda de valor da moeda local. Justamente o bol\u00edvar vem sofrendo com a hiperinfla\u00e7\u00e3o e com a instabilidade econ\u00f4mica no pa\u00eds. At\u00e9 mesmo fatores recentes agravaram ainda mais essa desvaloriza\u00e7\u00e3o acelerada.<\/p>\n\n\n\n<p>A crise foi intensificada ap\u00f3s a pris\u00e3o de Nicol\u00e1s Maduro. Al\u00e9m disso, a moeda tamb\u00e9m sofreu impacto com a invas\u00e3o dos Estados Unidos, o que contribuiu para o aumento da press\u00e3o econ\u00f4mica. Em 2025, o bol\u00edvar acumulou desvaloriza\u00e7\u00e3o de 78,8% frente ao d\u00f3lar.<\/p>\n\n\n\n<figure class=\"wp-block-image size-large\"><img loading=\"lazy\" decoding=\"async\" width=\"1024\" height=\"698\" src=\"https:\/\/diariodaregiao.audiencelabs.com.br\/wp-content\/uploads\/2026\/01\/1280px-Nicolas_Maduro_-_ABr_26072010FRP8196-1024x698.jpg\" alt=\"\" class=\"wp-image-8070\"\/><figcaption class=\"wp-element-caption\">Cr\u00e9ditos: Wikimedia Commons<\/figcaption><\/figure>\n\n\n\n<h2 class=\"wp-block-heading\">O que d\u00e1 para comprar com cada sal\u00e1rio<\/h2>\n\n\n<style>@media (min-width: 992px) {\n    .recomendadorV2Area1 {\n        width: 280px;\n    }\n    .recomendadorV2Area2 {\n        padding: 0px 20px;\n        width: calc(100% - 280px);\n    }\n}\n\n@media (max-width: 992px) {\n    .recomendadorV2Button {\n        margin: 0 auto;\n    }\n    .recomendadorV2Area {\n        flex-direction: column;\n        text-align: center;\n    }\n    .recomendadorV2Area2 {\n        padding: 0px 20px;\n    }\n}\n\n.recomendadorV2Area {\n    background: #eeeeee3d;\n    border-radius: 10px;\n    padding: 15px;\n    display: flex;\n    margin: 15px auto;\n    border: 1px solid #00000014;\n    max-width: 800px;\n}\n\n.recomendadorV2Area1 img {\n    width: 280px;\n    height: auto;\n    border-radius: 8px;\n}\n\n.linkrecomendadorv2 {\n    text-decoration: none !important;\n}\n\n.recomendadorV2Area2 .recomendadorV2Type {\n    text-transform: uppercase;\n    font-weight: 500;\n    font-size: 11px;\n    letter-spacing: 2px;\n    color: #666;\n    margin: 12px 0;\n    display: block;\n}\n\n.recomendadorV2Title h2 {\n    padding-top: 0px !important;\n    margin: 0px !important;\n    border-left: none !important;\n    padding-left: 0px !important;\n    line-height: 1.3;\n    color: #000 !important;\n    font-size: 24px;\n    margin-bottom: 12px !important;\n}\n\n.recomendadorV2Desc {\n    color: #333;\n    margin: 12px 0px !important;\n    font-size: 15px;\n    line-height: 1.5;\n}\n\n.recomendadorV2Button {\n    width: auto;\n    max-width: 200px;\n    margin: 0;\n    display: inline-flex;\n    align-items: center;\n    background: #1D3557;\n    border-radius: 8px;\n    color: #fff;\n    height: 36px;\n    justify-content: center;\n    text-align: center;\n    font-size: 14px;\n    padding: 0 20px;\n    transition: background-color 0.2s ease;\n}\n\n.recomendadorV2Button:hover {\n    background: #2a4d7a;\n}\n\n.recomendadorV2Button:after {\n    margin-top: -2px;\n    content: \"\u2192\";\n    padding: 0px 0px 0px 8px;\n}\n\n.recomendadorV2Alert {\n    text-align: left;\n    font-size: 11px;\n    margin-top: 8px;\n    color: #666;\n}\n\n.recomendadorFixedArea {\n    width: 100%;\n    display: flex;\n    justify-content: center;\n    align-items: center;\n}\n\n@media (min-width: 992px) {\n    #recomendadorFixed {\n        width: 32% !important;\n        left: 5%;\n    }\n    .recomendadorCloseFixed{\n        right: inherit !important;\n        left: 378px !important;\n    }\n}\n\n#recomendadorFixed {\n    width: 90%;\n    box-shadow: 0 10px 20px 0px #00000057;\n    display: none;\n    height: 90px;\n    background: #F6F6F6;\n    position: fixed;\n    flex-direction: row;\n    bottom: 10px;\n    z-index: 9999;\n    border-radius: 16px;\n    padding: 7px 10px;\n}\n\n.recomendadorLeftArea {\n    width: 160px;\n}\n\n.recomendadorRightArea h2 {\n    padding-top: 0px;\n    margin: 2px 0px 4px 0px !important;\n    font-weight: 400;\n    text-align: center;\n    padding-left: 0px !important;\n    color: #000 !important;\n    border-left: none !important;\n    line-height: 20px;\n    font-size: 12px !important;\n}\n\n.recomendadorImgFixed {\n    overflow: hidden;\n    padding: 8px 6px;\n    height: 100%;\n}\n\n.recomendadorImgFixed img {\n    height: 100% !important;\n    border-radius: 16px;\n}\n\n.recomendadorRightArea {\n    padding-top: 6px;\n    display: flex;\n    width: calc(100% - 130px);\n    justify-content: space-between;\n    align-items: center;\n    flex-direction: column;\n}\n\n.recomendadorButtonFixed {\n    margin: 0 auto;\n    background: #1D3557;\n    width: 80%;\n    text-align: center;\n    font-size: 10px;\n    color: #FFF;\n    padding: 2px 10px;\n    border-radius: 3px;\n}\n\n.recomendadorButtonFixed:after {\n    margin-top: -3px;\n    content: \"\u2192\";\n    padding: 0px 0px 0px 10px;\n}\n\n.recomendadorAlertFixed {\n    font-weight: 400;\n    text-align: center;\n    color: #484848;\n    font-size: 8px;\n}\n\n.recomendadorCloseFixed {\n    z-index: 99999;\n    display: none;\n    right: 0px;\n    left: inherit;\n    bottom: 99px;\n    position: fixed;\n    justify-content: center;\n    background: #F6F6F6;\n    width: 25px;\n    align-items: center;\n    height: 25px;\n    font-weight: 800;\n    border-radius: 50%;\n    border: 1px solid #EBEBEB;\n}\n\n.recomendadorV2Desc{\n    color: #000000;\n    margin: 20px 0px;\n}\n\n@media (max-width: 576px) {\n    .recomendadorV2Area {\n      padding: 10px;\n      max-width: 100%;\n    }\n  \n    .recomendadorV2Area1 img {\n      width: 100%;\n      border-radius: 6px;\n    }\n  \n    .recomendadorV2Area2 .recomendadorV2Type {\n      font-size: 9px;\n      letter-spacing: 1px;\n      margin: 8px 0;\n    }\n  \n    .recomendadorV2Title h2 {\n      font-size: 18px !important;\n      margin-bottom: 8px !important;\n      line-height: 1.2;\n    }\n  \n    .recomendadorV2Desc {\n      font-size: 14px;\n      margin: 8px 0 !important;\n      line-height: 1.4;\n    }\n  \n    .recomendadorV2Button {\n      font-size: 12px;\n      height: 30px;\n      padding: 0 12px;\n      max-width: 160px;\n    }\n  \n    .recomendadorV2Button:after {\n      padding-left: 6px;\n    }\n  }\n  <\/style>\n        <div class=\"lazyblock-recomendador-v2-2jDGz wp-block-lazyblock-recomendador-v2\">\n        <a class=\"linkrecomendadorv2\" href=\"https:\/\/diariodaregiao.com.br\/variedades\/contran-veta-habito-comum-entre-motoristas-de-uber\/?utm_source=lazy\" target=\"_blank\" rel=\"noopener\">\n            <div class=\"recomendadorV2Area\">\n            <div class=\"recomendadorV2Area1\">\n                <div class=\"recomendadorV2Img\">\n                <img class=\"lazyloaded\" decoding=\"async\" src=\"https:\/\/diariodaregiao.com.br\/variedades\/wp-content\/uploads\/2026\/04\/2148889989-1-1-1140x570.jpg\" data-src=\"https:\/\/diariodaregiao.com.br\/variedades\/wp-content\/uploads\/2026\/04\/2148889989-1-1-1140x570.jpg\" alt=\"\">\n                <\/div>\n            <\/div>\n            <div class=\"recomendadorV2Area2\">\n                <div class=\"recomendadorV2Type\">\n                    <span>Alerta Uber<\/span>\n                <\/div>\n                <div class=\"recomendadorV2Title\">\n                <h2><span>H\u00e1bito vetado \ud83d\udeab<\/span><\/h2>\n                <\/div>\n                <div class=\"recomendadorV2Desc\">\n                <span>Condutores podem ser penalizados<\/span>\n                <\/div>\n                <div class=\"recomendadorV2Button\">Ver regra<\/div>\n                <div class=\"recomendadorV2Alert\"><\/div>\n            <\/div>\n            <\/div>\n        <\/a>\n        <div>\n            <div style=\"z-index:99999;\" id=\"buttonClose\" onclick=\"closeRecomendadorFixed()\">\n            <div class=\"recomendadorCloseFixed\">X<\/div>\n            <\/div>\n            <a href=\"https:\/\/diariodaregiao.com.br\/variedades\/contran-veta-habito-comum-entre-motoristas-de-uber\/?utm_source=lazy\" target=\"_blank\" rel=\"noopener\">\n            <div class=\"recomendadorFixedArea\">\n                <div id=\"recomendadorFixed\">\n                <div class=\"recomendadorLeftArea\">\n                    <div class=\"recomendadorImgFixed\">\n                    <img class=\"lazyload\" decoding=\"async\" src=\"https:\/\/diariodaregiao.com.br\/variedades\/wp-content\/uploads\/2026\/04\/2148889989-1-1-1140x570.jpg\" alt=\"\">\n                    <\/div>\n                <\/div>\n                <div class=\"recomendadorRightArea\">\n                    <div class=\"recomendadorTitleFixed\">\n                    <h2><span>H\u00e1bito vetado \ud83d\udeab<\/span><\/h2>\n                    <\/div>\n                    <div class=\"recomendadorButtonFixed\">Ver regra<\/div>\n                    <div class=\"recomendadorAlertFixed\"><\/div>\n                <\/div>\n                <\/div>\n            <\/div>\n            <\/a>\n        <\/div>\n        <\/div>\n\n\n\n<p>Com apenas R$ 2,34 por m\u00eas, o consumo na Venezuela se torna extremamente limitado. No entanto, ainda \u00e9 poss\u00edvel adquirir itens muito b\u00e1sicos dependendo do local de compra. At\u00e9 mesmo um pacote de bolacha entra nesse c\u00e1lculo apertado.<\/p>\n\n\n\n<p>Entre as op\u00e7\u00f5es dispon\u00edveis, produtos mais baratos como bolachas recheadas de marcas populares aparecem na faixa entre R$ 1,90 e R$ 2,30. Justamente isso permite que o valor do sal\u00e1rio m\u00ednimo cubra, no m\u00e1ximo, um item desse tipo. J\u00e1 op\u00e7\u00f5es maiores, como pacotes de \u00e1gua e sal ou maizena, costumam ultrapassar R$ 4,50.<\/p>\n\n\n\n<p>Em alguns casos, vers\u00f5es menores ou individuais podem ser encontradas. No entanto, essas alternativas tamb\u00e9m exigem escolha estrat\u00e9gica do consumidor. At\u00e9 mesmo wafers entram como op\u00e7\u00e3o vi\u00e1vel, com pre\u00e7os por volta de R$ 2,15 em promo\u00e7\u00f5es.<\/p>\n\n\n\n<p>J\u00e1 no Brasil, o cen\u00e1rio \u00e9 completamente diferente. Com R$ 1.621, o consumidor entra em outra realidade de consumo. Justamente esse valor permite a compra de produtos tecnol\u00f3gicos mais avan\u00e7ados, incluindo smartphones intermedi\u00e1rios.<\/p>\n\n\n\n<figure class=\"wp-block-image size-large\"><img loading=\"lazy\" decoding=\"async\" width=\"1024\" height=\"613\" src=\"https:\/\/diariodaregiao.audiencelabs.com.br\/wp-content\/uploads\/2026\/03\/realdinheiro_moeda_1310202263-1-1024x613.jpg\" alt=\"\" class=\"wp-image-20873\" srcset=\"https:\/\/diariodaregiao.audiencelabs.com.br\/wp-content\/uploads\/2026\/03\/realdinheiro_moeda_1310202263-1-1024x613.jpg 1024w, https:\/\/diariodaregiao.audiencelabs.com.br\/wp-content\/uploads\/2026\/03\/realdinheiro_moeda_1310202263-1-300x180.jpg 300w, https:\/\/diariodaregiao.audiencelabs.com.br\/wp-content\/uploads\/2026\/03\/realdinheiro_moeda_1310202263-1-768x460.jpg 768w, https:\/\/diariodaregiao.audiencelabs.com.br\/wp-content\/uploads\/2026\/03\/realdinheiro_moeda_1310202263-1-750x449.jpg 750w, https:\/\/diariodaregiao.audiencelabs.com.br\/wp-content\/uploads\/2026\/03\/realdinheiro_moeda_1310202263-1-1140x682.jpg 1140w, https:\/\/diariodaregiao.audiencelabs.com.br\/wp-content\/uploads\/2026\/03\/realdinheiro_moeda_1310202263-1.jpg 1200w\" sizes=\"auto, (max-width: 1024px) 100vw, 1024px\" \/><figcaption class=\"wp-element-caption\">Cr\u00e9ditos: Marcello Casal Jr\/Ag\u00eancia Brasil<\/figcaption><\/figure>\n\n\n\n<h2 class=\"wp-block-heading\">Tecnologia acess\u00edvel no Brasil<\/h2>\n\n\n\n<p>Dentro dessa faixa de pre\u00e7o, aparelhos com 5G, telas AMOLED e carregamento r\u00e1pido j\u00e1 est\u00e3o dispon\u00edveis. No entanto, o consumidor ainda pode escolher entre diferentes perfis de uso. At\u00e9 mesmo op\u00e7\u00f5es com foco em desempenho ou c\u00e2meras aparecem com facilidade.<\/p>\n\n\n\n<p>Entre os modelos citados est\u00e3o o Samsung Galaxy A36 5G, com pre\u00e7o entre R$ 1.440 e R$ 1.600. Justamente ele se destaca pela prote\u00e7\u00e3o contra \u00e1gua e poeira e suporte prolongado de atualiza\u00e7\u00f5es. Outro exemplo \u00e9 o Redmi Note 14 5G, com valores entre R$ 1.380 e R$ 1.500.<\/p>\n\n\n\n<p>Tamb\u00e9m aparece o Motorola Moto G75 5G, frequentemente encontrado por cerca de R$ 1.550. No entanto, o destaque fica para as c\u00e2meras e estabilidade nas fotos. J\u00e1 o Poco M7 Pro 5G surge como alternativa para quem busca desempenho, com pre\u00e7os entre R$ 1.500 e R$ 1.610.<\/p>\n\n\n\n<p>Esse contraste evidencia como o poder de compra influencia diretamente o acesso a bens. Justamente enquanto um pa\u00eds consegue investir em tecnologia, o outro enfrenta dificuldades at\u00e9 mesmo para garantir itens b\u00e1sicos.<\/p>\n","protected":false},"excerpt":{"rendered":"<p>Um contraste econ\u00f4mico tem chamado aten\u00e7\u00e3o ao expor realidades bem diferentes dentro da Am\u00e9rica do Sul. No entanto, a diferen\u00e7a no poder de compra acaba sendo o ponto central dessa compara\u00e7\u00e3o. At\u00e9 mesmo itens simples do dia a dia ajudam a ilustrar esse cen\u00e1rio de forma direta. A situa\u00e7\u00e3o envolve Brasil e Venezuela, com n\u00fameros [&hellip;]<\/p>\n","protected":false},"author":10,"featured_media":23113,"comment_status":"open","ping_status":"open","sticky":false,"template":"","format":"standard","meta":{"jnews-multi-image_gallery":[],"jnews_single_post":{"format":"standard"},"jnews_primary_category":[],"jnews_social_meta":[],"jnews_post_split":[],"footnotes":""},"categories":[1],"tags":[],"class_list":["post-23112","post","type-post","status-publish","format-standard","has-post-thumbnail","hentry","category-variedades"],"_links":{"self":[{"href":"https:\/\/diariodaregiao.audiencelabs.com.br\/wp-json\/wp\/v2\/posts\/23112","targetHints":{"allow":["GET"]}}],"collection":[{"href":"https:\/\/diariodaregiao.audiencelabs.com.br\/wp-json\/wp\/v2\/posts"}],"about":[{"href":"https:\/\/diariodaregiao.audiencelabs.com.br\/wp-json\/wp\/v2\/types\/post"}],"author":[{"embeddable":true,"href":"https:\/\/diariodaregiao.audiencelabs.com.br\/wp-json\/wp\/v2\/users\/10"}],"replies":[{"embeddable":true,"href":"https:\/\/diariodaregiao.audiencelabs.com.br\/wp-json\/wp\/v2\/comments?post=23112"}],"version-history":[{"count":4,"href":"https:\/\/diariodaregiao.audiencelabs.com.br\/wp-json\/wp\/v2\/posts\/23112\/revisions"}],"predecessor-version":[{"id":23531,"href":"https:\/\/diariodaregiao.audiencelabs.com.br\/wp-json\/wp\/v2\/posts\/23112\/revisions\/23531"}],"wp:featuredmedia":[{"embeddable":true,"href":"https:\/\/diariodaregiao.audiencelabs.com.br\/wp-json\/wp\/v2\/media\/23113"}],"wp:attachment":[{"href":"https:\/\/diariodaregiao.audiencelabs.com.br\/wp-json\/wp\/v2\/media?parent=23112"}],"wp:term":[{"taxonomy":"category","embeddable":true,"href":"https:\/\/diariodaregiao.audiencelabs.com.br\/wp-json\/wp\/v2\/categories?post=23112"},{"taxonomy":"post_tag","embeddable":true,"href":"https:\/\/diariodaregiao.audiencelabs.com.br\/wp-json\/wp\/v2\/tags?post=23112"}],"curies":[{"name":"wp","href":"https:\/\/api.w.org\/{rel}","templated":true}]}}