{"id":23185,"date":"2026-04-26T14:42:00","date_gmt":"2026-04-26T17:42:00","guid":{"rendered":"https:\/\/diariodaregiao.audiencelabs.com.br\/?p=23185"},"modified":"2026-04-22T18:37:01","modified_gmt":"2026-04-22T21:37:01","slug":"estado-mais-novo-do-brasil-abriga-a-maior-ilha-fluvial-do-mundo-com-20-mil-km%c2%b2","status":"publish","type":"post","link":"https:\/\/diariodaregiao.audiencelabs.com.br\/estado-mais-novo-do-brasil-abriga-a-maior-ilha-fluvial-do-mundo-com-20-mil-km%c2%b2\/","title":{"rendered":"Estado mais novo do Brasil abriga a maior ilha fluvial do mundo com 20 mil km\u00b2"},"content":{"rendered":"\n<p>O estado mais novo de todo o territ\u00f3rio braisileiro abriga a maior ilha fluvial do planeta, com aproximadamente 20 mil quil\u00f4metros quadrados de extens\u00e3o. Trata-se do Tocantins, o mais jovem do pa\u00eds, que contempla Ilha do Bananal, parte fundamental de sua por\u00e7\u00e3o de terra.<\/p>\n\n\n\n<p>Formada pela bifurca\u00e7\u00e3o de dois grandes rios, a ilha \u00e9 contornada a oeste pelo bra\u00e7o principal do Rio Araguaia e a leste pelo Rio Java\u00e9s. Para se ter uma ideia de sua configura\u00e7\u00e3o, um bra\u00e7o menor se separa ao longo do trajeto, enquanto se reencontra com o principal afluente em poucos quil\u00f4metros.<\/p>\n\n\n\n<p>A ilha tem uma \u00e1rea superior \u00e0 de muitos pa\u00edses. Devido ao fato de estar localizada em uma zona de transi\u00e7\u00e3o, a por\u00e7\u00e3o de terra emersa apresenta uma rica mistura de fauna e flora t\u00edpicas do Cerrado e da Floresta Amaz\u00f4nica. Na avalia\u00e7\u00e3o de cientistas, a regi\u00e3o funciona como uma esp\u00e9cie de santu\u00e1rio ecol\u00f3gico.<\/p>\n\n\n<div class=\"wp-block-image\">\n<figure class=\"aligncenter size-large\"><img loading=\"lazy\" decoding=\"async\" width=\"1024\" height=\"614\" src=\"https:\/\/diariodaregiao.audiencelabs.com.br\/wp-content\/uploads\/2026\/04\/Ilha-do-Bananal-no-Tocantins-e-uma-das-areas-mais-atingidas-pelas-queimadas-no-estadoFoto-Governo-de-Tocantins-1-1024x614.jpg\" alt=\"\" class=\"wp-image-23189\" srcset=\"https:\/\/diariodaregiao.audiencelabs.com.br\/wp-content\/uploads\/2026\/04\/Ilha-do-Bananal-no-Tocantins-e-uma-das-areas-mais-atingidas-pelas-queimadas-no-estadoFoto-Governo-de-Tocantins-1-1024x614.jpg 1024w, https:\/\/diariodaregiao.audiencelabs.com.br\/wp-content\/uploads\/2026\/04\/Ilha-do-Bananal-no-Tocantins-e-uma-das-areas-mais-atingidas-pelas-queimadas-no-estadoFoto-Governo-de-Tocantins-1-300x180.jpg 300w, https:\/\/diariodaregiao.audiencelabs.com.br\/wp-content\/uploads\/2026\/04\/Ilha-do-Bananal-no-Tocantins-e-uma-das-areas-mais-atingidas-pelas-queimadas-no-estadoFoto-Governo-de-Tocantins-1-768x461.jpg 768w, https:\/\/diariodaregiao.audiencelabs.com.br\/wp-content\/uploads\/2026\/04\/Ilha-do-Bananal-no-Tocantins-e-uma-das-areas-mais-atingidas-pelas-queimadas-no-estadoFoto-Governo-de-Tocantins-1-750x450.jpg 750w, https:\/\/diariodaregiao.audiencelabs.com.br\/wp-content\/uploads\/2026\/04\/Ilha-do-Bananal-no-Tocantins-e-uma-das-areas-mais-atingidas-pelas-queimadas-no-estadoFoto-Governo-de-Tocantins-1-1140x684.jpg 1140w, https:\/\/diariodaregiao.audiencelabs.com.br\/wp-content\/uploads\/2026\/04\/Ilha-do-Bananal-no-Tocantins-e-uma-das-areas-mais-atingidas-pelas-queimadas-no-estadoFoto-Governo-de-Tocantins-1.jpg 1200w\" sizes=\"auto, (max-width: 1024px) 100vw, 1024px\" \/><figcaption class=\"wp-element-caption\">Cr\u00e9ditos: Governo de Tocantins<\/figcaption><\/figure>\n<\/div>\n\n\n<p>O prest\u00edgio conferido por especialistas resultou em investimentos para tornar grande parte da \u00e1rea protegida. Est\u00e3o dentro da Ilha do Bananal o Parque Nacional do Araguaia, criado para preservar ecossistemas importantes do bioma Cerrado e tamb\u00e9m \u00e1reas de transi\u00e7\u00e3o com a Amaz\u00f4nia. O territ\u00f3rio todo abriga uma diversidade de animais e plantas, incluindo esp\u00e9cies raras e amea\u00e7adas de extin\u00e7\u00e3o.<\/p>\n\n\n\n<h2 class=\"wp-block-heading\">Ilha do Bananal envolve preserva\u00e7\u00e3o cultural e hist\u00f3rica<\/h2>\n\n\n\n<p>Al\u00e9m das quest\u00f5es ligadas \u00e0 natureza, a preserva\u00e7\u00e3o da ilha tamb\u00e9m envolve quest\u00f5es como cultura e hist\u00f3ria. Isso porque a \u00e1rea \u00e9 o ber\u00e7o de aproximadamente 15 aldeias, como os povos Karaj\u00e1, Java\u00e9 e Av\u00e1-Canoeiro (Cara-Preta).<\/p>\n\n\n\n<p>A maior ilha fluvial do mundo permanece em grande parte do ano submersa, ressurgindo de forma exuberante a cada per\u00edodo de seca, trazendo praticamente intocada uma riqu\u00edssima biodiversidade. O para\u00edso natural tamb\u00e9m \u00e9 um importante destino para turismo ecol\u00f3gico, pesquisa e preserva\u00e7\u00e3o ambiental.<\/p>\n","protected":false},"excerpt":{"rendered":"<p>O estado mais novo de todo o territ\u00f3rio braisileiro abriga a maior ilha fluvial do planeta, com aproximadamente 20 mil quil\u00f4metros quadrados de extens\u00e3o. Trata-se do Tocantins, o mais jovem do pa\u00eds, que contempla Ilha do Bananal, parte fundamental de sua por\u00e7\u00e3o de terra. Formada pela bifurca\u00e7\u00e3o de dois grandes rios, a ilha \u00e9 contornada [&hellip;]<\/p>\n","protected":false},"author":14,"featured_media":23190,"comment_status":"open","ping_status":"open","sticky":false,"template":"","format":"standard","meta":{"jnews-multi-image_gallery":[],"jnews_single_post":{"format":"standard"},"jnews_primary_category":[],"jnews_social_meta":[],"jnews_post_split":[],"footnotes":""},"categories":[1],"tags":[],"class_list":["post-23185","post","type-post","status-publish","format-standard","has-post-thumbnail","hentry","category-variedades"],"_links":{"self":[{"href":"https:\/\/diariodaregiao.audiencelabs.com.br\/wp-json\/wp\/v2\/posts\/23185","targetHints":{"allow":["GET"]}}],"collection":[{"href":"https:\/\/diariodaregiao.audiencelabs.com.br\/wp-json\/wp\/v2\/posts"}],"about":[{"href":"https:\/\/diariodaregiao.audiencelabs.com.br\/wp-json\/wp\/v2\/types\/post"}],"author":[{"embeddable":true,"href":"https:\/\/diariodaregiao.audiencelabs.com.br\/wp-json\/wp\/v2\/users\/14"}],"replies":[{"embeddable":true,"href":"https:\/\/diariodaregiao.audiencelabs.com.br\/wp-json\/wp\/v2\/comments?post=23185"}],"version-history":[{"count":2,"href":"https:\/\/diariodaregiao.audiencelabs.com.br\/wp-json\/wp\/v2\/posts\/23185\/revisions"}],"predecessor-version":[{"id":23533,"href":"https:\/\/diariodaregiao.audiencelabs.com.br\/wp-json\/wp\/v2\/posts\/23185\/revisions\/23533"}],"wp:featuredmedia":[{"embeddable":true,"href":"https:\/\/diariodaregiao.audiencelabs.com.br\/wp-json\/wp\/v2\/media\/23190"}],"wp:attachment":[{"href":"https:\/\/diariodaregiao.audiencelabs.com.br\/wp-json\/wp\/v2\/media?parent=23185"}],"wp:term":[{"taxonomy":"category","embeddable":true,"href":"https:\/\/diariodaregiao.audiencelabs.com.br\/wp-json\/wp\/v2\/categories?post=23185"},{"taxonomy":"post_tag","embeddable":true,"href":"https:\/\/diariodaregiao.audiencelabs.com.br\/wp-json\/wp\/v2\/tags?post=23185"}],"curies":[{"name":"wp","href":"https:\/\/api.w.org\/{rel}","templated":true}]}}