{"id":23228,"date":"2026-04-26T05:41:00","date_gmt":"2026-04-26T08:41:00","guid":{"rendered":"https:\/\/diariodaregiao.audiencelabs.com.br\/?p=23228"},"modified":"2026-04-24T17:24:36","modified_gmt":"2026-04-24T20:24:36","slug":"qual-deve-ser-o-salario-minimo-no-brasil-em-2028","status":"publish","type":"post","link":"https:\/\/diariodaregiao.audiencelabs.com.br\/qual-deve-ser-o-salario-minimo-no-brasil-em-2028\/","title":{"rendered":"Qual deve ser o sal\u00e1rio m\u00ednimo no Brasil em 2028?"},"content":{"rendered":"\n<p>O planejamento econ\u00f4mico costuma trazer proje\u00e7\u00f5es que chamam aten\u00e7\u00e3o justamente por antecipar poss\u00edveis mudan\u00e7as. No entanto, esses n\u00fameros iniciais servem mais como \u0926\u093f\u0936\u093e para decis\u00f5es futuras do que como valores definitivos.<\/p>\n\n\n\n<p>Nesse cen\u00e1rio, o Governo Federal apresentou estimativas por meio do PLDO (Projeto de Lei de Diretrizes Or\u00e7ament\u00e1rias). Para 2028, a proje\u00e7\u00e3o indica que o sal\u00e1rio m\u00ednimo deve chegar a <strong>R$ 1.812<\/strong>, dentro de uma sequ\u00eancia de aumentos planejados para os pr\u00f3ximos anos.<\/p>\n\n\n\n<h2 class=\"wp-block-heading\">Proje\u00e7\u00f5es indicam crescimento gradual at\u00e9 2030<\/h2>\n\n\n\n<p>Os dados apresentados mostram uma evolu\u00e7\u00e3o cont\u00ednua ao longo do tempo. Em 2027, o valor previsto \u00e9 de <strong>R$ 1.717<\/strong>, enquanto em 2028 a estimativa sobe para R$ 1.812, avan\u00e7ando at\u00e9 R$ 1.913 em 2029 e alcan\u00e7ando R$ 2.020 em 2030.<\/p>\n\n\n\n<p>Atualmente, o sal\u00e1rio m\u00ednimo est\u00e1 fixado em <strong>R$ 1.621<\/strong>, ap\u00f3s um reajuste de 6,79% em rela\u00e7\u00e3o ao per\u00edodo anterior. No entanto, as proje\u00e7\u00f5es indicam aumentos progressivos, ainda que possam sofrer altera\u00e7\u00f5es conforme o cen\u00e1rio econ\u00f4mico evolui.<\/p>\n\n\n\n<p>Essas estimativas fazem parte do PLDO enviado ao Congresso Nacional neste m\u00eas. Justamente por isso, o texto ainda ser\u00e1 analisado pelo Senado e votado at\u00e9 o dia 17 de julho, podendo passar por ajustes ao longo desse processo.<\/p>\n\n\n\n<p>Mesmo com valores definidos inicialmente, \u00e9 importante destacar que eles n\u00e3o s\u00e3o finais. At\u00e9 mesmo a confirma\u00e7\u00e3o oficial depende da divulga\u00e7\u00e3o do INPC de novembro, que fecha o c\u00e1lculo de cada ano.<\/p>\n\n\n<style>@media (min-width: 992px) {\n    .recomendadorV2Area1 {\n        width: 280px;\n    }\n    .recomendadorV2Area2 {\n        padding: 0px 20px;\n        width: calc(100% - 280px);\n    }\n}\n\n@media (max-width: 992px) {\n    .recomendadorV2Button {\n        margin: 0 auto;\n    }\n    .recomendadorV2Area {\n        flex-direction: column;\n        text-align: center;\n    }\n    .recomendadorV2Area2 {\n        padding: 0px 20px;\n    }\n}\n\n.recomendadorV2Area {\n    background: #eeeeee3d;\n    border-radius: 10px;\n    padding: 15px;\n    display: flex;\n    margin: 15px auto;\n    border: 1px solid #00000014;\n    max-width: 800px;\n}\n\n.recomendadorV2Area1 img {\n    width: 280px;\n    height: auto;\n    border-radius: 8px;\n}\n\n.linkrecomendadorv2 {\n    text-decoration: none !important;\n}\n\n.recomendadorV2Area2 .recomendadorV2Type {\n    text-transform: uppercase;\n    font-weight: 500;\n    font-size: 11px;\n    letter-spacing: 2px;\n    color: #666;\n    margin: 12px 0;\n    display: block;\n}\n\n.recomendadorV2Title h2 {\n    padding-top: 0px !important;\n    margin: 0px !important;\n    border-left: none !important;\n    padding-left: 0px !important;\n    line-height: 1.3;\n    color: #000 !important;\n    font-size: 24px;\n    margin-bottom: 12px !important;\n}\n\n.recomendadorV2Desc {\n    color: #333;\n    margin: 12px 0px !important;\n    font-size: 15px;\n    line-height: 1.5;\n}\n\n.recomendadorV2Button {\n    width: auto;\n    max-width: 200px;\n    margin: 0;\n    display: inline-flex;\n    align-items: center;\n    background: #1D3557;\n    border-radius: 8px;\n    color: #fff;\n    height: 36px;\n    justify-content: center;\n    text-align: center;\n    font-size: 14px;\n    padding: 0 20px;\n    transition: background-color 0.2s ease;\n}\n\n.recomendadorV2Button:hover {\n    background: #2a4d7a;\n}\n\n.recomendadorV2Button:after {\n    margin-top: -2px;\n    content: \"\u2192\";\n    padding: 0px 0px 0px 8px;\n}\n\n.recomendadorV2Alert {\n    text-align: left;\n    font-size: 11px;\n    margin-top: 8px;\n    color: #666;\n}\n\n.recomendadorFixedArea {\n    width: 100%;\n    display: flex;\n    justify-content: center;\n    align-items: center;\n}\n\n@media (min-width: 992px) {\n    #recomendadorFixed {\n        width: 32% !important;\n        left: 5%;\n    }\n    .recomendadorCloseFixed{\n        right: inherit !important;\n        left: 378px !important;\n    }\n}\n\n#recomendadorFixed {\n    width: 90%;\n    box-shadow: 0 10px 20px 0px #00000057;\n    display: none;\n    height: 90px;\n    background: #F6F6F6;\n    position: fixed;\n    flex-direction: row;\n    bottom: 10px;\n    z-index: 9999;\n    border-radius: 16px;\n    padding: 7px 10px;\n}\n\n.recomendadorLeftArea {\n    width: 160px;\n}\n\n.recomendadorRightArea h2 {\n    padding-top: 0px;\n    margin: 2px 0px 4px 0px !important;\n    font-weight: 400;\n    text-align: center;\n    padding-left: 0px !important;\n    color: #000 !important;\n    border-left: none !important;\n    line-height: 20px;\n    font-size: 12px !important;\n}\n\n.recomendadorImgFixed {\n    overflow: hidden;\n    padding: 8px 6px;\n    height: 100%;\n}\n\n.recomendadorImgFixed img {\n    height: 100% !important;\n    border-radius: 16px;\n}\n\n.recomendadorRightArea {\n    padding-top: 6px;\n    display: flex;\n    width: calc(100% - 130px);\n    justify-content: space-between;\n    align-items: center;\n    flex-direction: column;\n}\n\n.recomendadorButtonFixed {\n    margin: 0 auto;\n    background: #1D3557;\n    width: 80%;\n    text-align: center;\n    font-size: 10px;\n    color: #FFF;\n    padding: 2px 10px;\n    border-radius: 3px;\n}\n\n.recomendadorButtonFixed:after {\n    margin-top: -3px;\n    content: \"\u2192\";\n    padding: 0px 0px 0px 10px;\n}\n\n.recomendadorAlertFixed {\n    font-weight: 400;\n    text-align: center;\n    color: #484848;\n    font-size: 8px;\n}\n\n.recomendadorCloseFixed {\n    z-index: 99999;\n    display: none;\n    right: 0px;\n    left: inherit;\n    bottom: 99px;\n    position: fixed;\n    justify-content: center;\n    background: #F6F6F6;\n    width: 25px;\n    align-items: center;\n    height: 25px;\n    font-weight: 800;\n    border-radius: 50%;\n    border: 1px solid #EBEBEB;\n}\n\n.recomendadorV2Desc{\n    color: #000000;\n    margin: 20px 0px;\n}\n\n@media (max-width: 576px) {\n    .recomendadorV2Area {\n      padding: 10px;\n      max-width: 100%;\n    }\n  \n    .recomendadorV2Area1 img {\n      width: 100%;\n      border-radius: 6px;\n    }\n  \n    .recomendadorV2Area2 .recomendadorV2Type {\n      font-size: 9px;\n      letter-spacing: 1px;\n      margin: 8px 0;\n    }\n  \n    .recomendadorV2Title h2 {\n      font-size: 18px !important;\n      margin-bottom: 8px !important;\n      line-height: 1.2;\n    }\n  \n    .recomendadorV2Desc {\n      font-size: 14px;\n      margin: 8px 0 !important;\n      line-height: 1.4;\n    }\n  \n    .recomendadorV2Button {\n      font-size: 12px;\n      height: 30px;\n      padding: 0 12px;\n      max-width: 160px;\n    }\n  \n    .recomendadorV2Button:after {\n      padding-left: 6px;\n    }\n  }\n  <\/style>\n        <div class=\"lazyblock-recomendador-v2-2jDGz wp-block-lazyblock-recomendador-v2\">\n        <a class=\"linkrecomendadorv2\" href=\"https:\/\/diariodaregiao.com.br\/variedades\/valor-extra-de-r-300-esta-valendo-para-trabalhadores-com-clt-assinada-em-2026\/?utm_source=lazy\" target=\"_blank\" rel=\"noopener\">\n            <div class=\"recomendadorV2Area\">\n            <div class=\"recomendadorV2Area1\">\n                <div class=\"recomendadorV2Img\">\n                <img class=\"lazyloaded\" decoding=\"async\" src=\"https:\/\/diariodaregiao.com.br\/variedades\/wp-content\/uploads\/2026\/03\/real_moedadinheiro_jfcrz_abr_1701220041_1-1-1140x570.jpg\" data-src=\"https:\/\/diariodaregiao.com.br\/variedades\/wp-content\/uploads\/2026\/03\/real_moedadinheiro_jfcrz_abr_1701220041_1-1-1140x570.jpg\" alt=\"\">\n                <\/div>\n            <\/div>\n            <div class=\"recomendadorV2Area2\">\n                <div class=\"recomendadorV2Type\">\n                    <span>Renda extra<\/span>\n                <\/div>\n                <div class=\"recomendadorV2Title\">\n                <h2><span>B\u00f4nus liberado \ud83d\udcb5<\/span><\/h2>\n                <\/div>\n                <div class=\"recomendadorV2Desc\">\n                <span>CLT pode ganhar R$300 extras em 2026<\/span>\n                <\/div>\n                <div class=\"recomendadorV2Button\">LER AGORA<\/div>\n                <div class=\"recomendadorV2Alert\"><\/div>\n            <\/div>\n            <\/div>\n        <\/a>\n        <div>\n            <div style=\"z-index:99999;\" id=\"buttonClose\" onclick=\"closeRecomendadorFixed()\">\n            <div class=\"recomendadorCloseFixed\">X<\/div>\n            <\/div>\n            <a href=\"https:\/\/diariodaregiao.com.br\/variedades\/valor-extra-de-r-300-esta-valendo-para-trabalhadores-com-clt-assinada-em-2026\/?utm_source=lazy\" target=\"_blank\" rel=\"noopener\">\n            <div class=\"recomendadorFixedArea\">\n                <div id=\"recomendadorFixed\">\n                <div class=\"recomendadorLeftArea\">\n                    <div class=\"recomendadorImgFixed\">\n                    <img class=\"lazyload\" decoding=\"async\" src=\"https:\/\/diariodaregiao.com.br\/variedades\/wp-content\/uploads\/2026\/03\/real_moedadinheiro_jfcrz_abr_1701220041_1-1-1140x570.jpg\" alt=\"\">\n                    <\/div>\n                <\/div>\n                <div class=\"recomendadorRightArea\">\n                    <div class=\"recomendadorTitleFixed\">\n                    <h2><span>B\u00f4nus liberado \ud83d\udcb5<\/span><\/h2>\n                    <\/div>\n                    <div class=\"recomendadorButtonFixed\">LER AGORA<\/div>\n                    <div class=\"recomendadorAlertFixed\"><\/div>\n                <\/div>\n                <\/div>\n            <\/div>\n            <\/a>\n        <\/div>\n        <\/div>\n\n\n\n<figure class=\"wp-block-image size-large\"><img loading=\"lazy\" decoding=\"async\" width=\"1024\" height=\"613\" src=\"https:\/\/diariodaregiao.audiencelabs.com.br\/wp-content\/uploads\/2026\/04\/real_moeda_dinheiro_mcajr_2904223671-1-1024x613.jpg\" alt=\"\" class=\"wp-image-23230\" srcset=\"https:\/\/diariodaregiao.audiencelabs.com.br\/wp-content\/uploads\/2026\/04\/real_moeda_dinheiro_mcajr_2904223671-1-1024x613.jpg 1024w, https:\/\/diariodaregiao.audiencelabs.com.br\/wp-content\/uploads\/2026\/04\/real_moeda_dinheiro_mcajr_2904223671-1-300x180.jpg 300w, https:\/\/diariodaregiao.audiencelabs.com.br\/wp-content\/uploads\/2026\/04\/real_moeda_dinheiro_mcajr_2904223671-1-768x460.jpg 768w, https:\/\/diariodaregiao.audiencelabs.com.br\/wp-content\/uploads\/2026\/04\/real_moeda_dinheiro_mcajr_2904223671-1-750x449.jpg 750w, https:\/\/diariodaregiao.audiencelabs.com.br\/wp-content\/uploads\/2026\/04\/real_moeda_dinheiro_mcajr_2904223671-1-1140x682.jpg 1140w, https:\/\/diariodaregiao.audiencelabs.com.br\/wp-content\/uploads\/2026\/04\/real_moeda_dinheiro_mcajr_2904223671-1.jpg 1200w\" sizes=\"auto, (max-width: 1024px) 100vw, 1024px\" \/><figcaption class=\"wp-element-caption\">Cr\u00e9ditos: Marcello Casal Jr\/Ag\u00eancia Brasil<\/figcaption><\/figure>\n\n\n\n<h2 class=\"wp-block-heading\">Como funciona o c\u00e1lculo do sal\u00e1rio m\u00ednimo<\/h2>\n\n\n\n<p>O modelo de reajuste segue crit\u00e9rios estabelecidos pelo Governo Federal. Ele considera dois fatores principais, sendo a infla\u00e7\u00e3o medida pelo INPC (\u00cdndice Nacional de Pre\u00e7os ao Consumidor) e o crescimento do PIB (Produto Interno Bruto) de anos anteriores.<\/p>\n\n\n\n<p>Essa combina\u00e7\u00e3o permite que o valor acompanhe a infla\u00e7\u00e3o e, em alguns casos, tenha ganho real acima dela. No entanto, isso ocorre apenas dentro dos limites do novo arcabou\u00e7o fiscal, que define regras para o controle das contas p\u00fablicas.<\/p>\n\n\n\n<p>Justamente por depender desses indicadores, o valor final n\u00e3o \u00e9 fechado com tanta anteced\u00eancia. A confirma\u00e7\u00e3o ocorre somente ap\u00f3s a divulga\u00e7\u00e3o oficial do INPC, consolidando o c\u00e1lculo definitivo do reajuste.<\/p>\n\n\n\n<p>Esse mecanismo busca equil\u00edbrio entre aumento de renda e responsabilidade fiscal. Ainda assim, mudan\u00e7as econ\u00f4micas podem influenciar diretamente os valores previstos ao longo do tempo.<\/p>\n\n\n\n<h2 class=\"wp-block-heading\">Santa Catarina ganha destaque com seu piso salarial<\/h2>\n\n\n\n<p>Enquanto o cen\u00e1rio nacional segue proje\u00e7\u00f5es, os estados possuem autonomia para definir seus pr\u00f3prios pisos salariais. De acordo com a Constitui\u00e7\u00e3o Federal de 1988, eles podem estabelecer valores desde que n\u00e3o sejam inferiores ao m\u00ednimo nacional.<\/p>\n\n\n\n<p>Nesse contexto, Santa Catarina ganhou destaque ap\u00f3s decis\u00e3o do governador Jorginho Mello (PL). Ele sancionou uma lei que reajustou o piso estadual em 6,49%, colocando o estado com o segundo maior sal\u00e1rio m\u00ednimo do Brasil.<\/p>\n\n\n\n<p>Na pr\u00e1tica, os valores em Santa Catarina variam entre R$ 1.842 e R$ 2.106 atualmente. Esse patamar fica atr\u00e1s apenas do Paran\u00e1, onde os sal\u00e1rios m\u00ednimos regionais oscilam entre R$ 2.105,34 e R$ 2.407,90.<\/p>\n\n\n\n<figure class=\"wp-block-image size-large\"><img loading=\"lazy\" decoding=\"async\" width=\"1024\" height=\"679\" src=\"https:\/\/diariodaregiao.audiencelabs.com.br\/wp-content\/uploads\/2026\/04\/jorginho_mello_01___20151027_01458pf-1-1024x679.jpg\" alt=\"\" class=\"wp-image-23231\" srcset=\"https:\/\/diariodaregiao.audiencelabs.com.br\/wp-content\/uploads\/2026\/04\/jorginho_mello_01___20151027_01458pf-1-1024x679.jpg 1024w, https:\/\/diariodaregiao.audiencelabs.com.br\/wp-content\/uploads\/2026\/04\/jorginho_mello_01___20151027_01458pf-1-300x199.jpg 300w, https:\/\/diariodaregiao.audiencelabs.com.br\/wp-content\/uploads\/2026\/04\/jorginho_mello_01___20151027_01458pf-1-768x509.jpg 768w, https:\/\/diariodaregiao.audiencelabs.com.br\/wp-content\/uploads\/2026\/04\/jorginho_mello_01___20151027_01458pf-1-750x497.jpg 750w, https:\/\/diariodaregiao.audiencelabs.com.br\/wp-content\/uploads\/2026\/04\/jorginho_mello_01___20151027_01458pf-1-1140x756.jpg 1140w, https:\/\/diariodaregiao.audiencelabs.com.br\/wp-content\/uploads\/2026\/04\/jorginho_mello_01___20151027_01458pf-1.jpg 1199w\" sizes=\"auto, (max-width: 1024px) 100vw, 1024px\" \/><figcaption class=\"wp-element-caption\">Cr\u00e9ditos: Pedro Fran\u00e7a\/Ag\u00eancia Senado<\/figcaption><\/figure>\n\n\n\n<p>O reajuste ocorre em um momento de forte aquecimento do mercado de trabalho. Apenas nos dois primeiros meses de 2026, o estado registrou mais de 41 mil vagas formais, segundo dados do Cadastro Geral de Empregados e Desempregados (Novo Caged).<\/p>\n\n\n\n<p>Os n\u00fameros mostram crescimento consistente na gera\u00e7\u00e3o de empregos. Em janeiro, foram cerca de 19 mil novas vagas, enquanto em fevereiro o volume ultrapassou 21,7 mil postos com carteira assinada.<\/p>\n\n\n\n<p>Essa combina\u00e7\u00e3o de valoriza\u00e7\u00e3o salarial e alta gera\u00e7\u00e3o de empregos fortalece a economia local. At\u00e9 mesmo em compara\u00e7\u00e3o com outras unidades da federa\u00e7\u00e3o, Santa Catarina se destaca como um dos ambientes mais competitivos do pa\u00eds.<\/p>\n","protected":false},"excerpt":{"rendered":"<p>O planejamento econ\u00f4mico costuma trazer proje\u00e7\u00f5es que chamam aten\u00e7\u00e3o justamente por antecipar poss\u00edveis mudan\u00e7as. No entanto, esses n\u00fameros iniciais servem mais como \u0926\u093f\u0936\u093e para decis\u00f5es futuras do que como valores definitivos. Nesse cen\u00e1rio, o Governo Federal apresentou estimativas por meio do PLDO (Projeto de Lei de Diretrizes Or\u00e7ament\u00e1rias). Para 2028, a proje\u00e7\u00e3o indica que o [&hellip;]<\/p>\n","protected":false},"author":10,"featured_media":23229,"comment_status":"open","ping_status":"open","sticky":false,"template":"","format":"standard","meta":{"jnews-multi-image_gallery":[],"jnews_single_post":{"format":"standard"},"jnews_primary_category":[],"jnews_social_meta":[],"jnews_post_split":[],"footnotes":""},"categories":[1],"tags":[],"class_list":["post-23228","post","type-post","status-publish","format-standard","has-post-thumbnail","hentry","category-variedades"],"_links":{"self":[{"href":"https:\/\/diariodaregiao.audiencelabs.com.br\/wp-json\/wp\/v2\/posts\/23228","targetHints":{"allow":["GET"]}}],"collection":[{"href":"https:\/\/diariodaregiao.audiencelabs.com.br\/wp-json\/wp\/v2\/posts"}],"about":[{"href":"https:\/\/diariodaregiao.audiencelabs.com.br\/wp-json\/wp\/v2\/types\/post"}],"author":[{"embeddable":true,"href":"https:\/\/diariodaregiao.audiencelabs.com.br\/wp-json\/wp\/v2\/users\/10"}],"replies":[{"embeddable":true,"href":"https:\/\/diariodaregiao.audiencelabs.com.br\/wp-json\/wp\/v2\/comments?post=23228"}],"version-history":[{"count":3,"href":"https:\/\/diariodaregiao.audiencelabs.com.br\/wp-json\/wp\/v2\/posts\/23228\/revisions"}],"predecessor-version":[{"id":23495,"href":"https:\/\/diariodaregiao.audiencelabs.com.br\/wp-json\/wp\/v2\/posts\/23228\/revisions\/23495"}],"wp:featuredmedia":[{"embeddable":true,"href":"https:\/\/diariodaregiao.audiencelabs.com.br\/wp-json\/wp\/v2\/media\/23229"}],"wp:attachment":[{"href":"https:\/\/diariodaregiao.audiencelabs.com.br\/wp-json\/wp\/v2\/media?parent=23228"}],"wp:term":[{"taxonomy":"category","embeddable":true,"href":"https:\/\/diariodaregiao.audiencelabs.com.br\/wp-json\/wp\/v2\/categories?post=23228"},{"taxonomy":"post_tag","embeddable":true,"href":"https:\/\/diariodaregiao.audiencelabs.com.br\/wp-json\/wp\/v2\/tags?post=23228"}],"curies":[{"name":"wp","href":"https:\/\/api.w.org\/{rel}","templated":true}]}}