{"id":23318,"date":"2026-04-26T06:11:00","date_gmt":"2026-04-26T09:11:00","guid":{"rendered":"https:\/\/diariodaregiao.audiencelabs.com.br\/?p=23318"},"modified":"2026-04-23T15:40:54","modified_gmt":"2026-04-23T18:40:54","slug":"quem-bate-alecrim-e-vinagre-no-liquidificador-ganha-uma-mistura-poderosa-para-usar-em-casa","status":"publish","type":"post","link":"https:\/\/diariodaregiao.audiencelabs.com.br\/quem-bate-alecrim-e-vinagre-no-liquidificador-ganha-uma-mistura-poderosa-para-usar-em-casa\/","title":{"rendered":"Quem bate alecrim e vinagre no liquidificador ganha uma mistura poderosa para usar em casa"},"content":{"rendered":"\n<p>Uma mistura simples com alecrim e vinagre pode ser o que voc\u00ea estava procurando para definitivamente deixar a casa limpa e com cheiro agrad\u00e1vel. Juntos, os dois ingredientes acess\u00edveis entregam resultados surpreendentes e batem de frente com muitos dos produtos caros que utilizamos no dia a dia.<\/p>\n\n\n\n<p>Batidos no liquidificador, o vinagre branco e o alecrim criam uma solu\u00e7\u00e3o natural que pode ser usada na limpeza da casa. S\u00e3o dois ingredientes dos mais populares, que, se voc\u00ea n\u00e3o os tiver em casa, facilmente encontra no supermercado e formam um l\u00edquido caseiro que substitui os famosos itens industrializados.<\/p>\n\n\n\n<p>Para preparar, basta colocar o alecrim fresco, seguido do vinagre branco e um pouco de \u00e1gua filtrada no liquidificador. Depois de bater bem, \u00e9 s\u00f3 coar o l\u00edquido e armazen\u00e1-lo em um frasco borrifador. Pronto, a solu\u00e7\u00e3o est\u00e1 feita de forma simples e em poucos minutos.<\/p>\n\n\n<div class=\"wp-block-image\">\n<figure class=\"aligncenter size-large\"><img loading=\"lazy\" decoding=\"async\" width=\"1024\" height=\"683\" src=\"https:\/\/diariodaregiao.audiencelabs.com.br\/wp-content\/uploads\/2026\/04\/45521-1-1024x683.jpg\" alt=\"\" class=\"wp-image-23320\" srcset=\"https:\/\/diariodaregiao.audiencelabs.com.br\/wp-content\/uploads\/2026\/04\/45521-1-1024x683.jpg 1024w, https:\/\/diariodaregiao.audiencelabs.com.br\/wp-content\/uploads\/2026\/04\/45521-1-300x200.jpg 300w, https:\/\/diariodaregiao.audiencelabs.com.br\/wp-content\/uploads\/2026\/04\/45521-1-768x512.jpg 768w, https:\/\/diariodaregiao.audiencelabs.com.br\/wp-content\/uploads\/2026\/04\/45521-1-750x500.jpg 750w, https:\/\/diariodaregiao.audiencelabs.com.br\/wp-content\/uploads\/2026\/04\/45521-1-1140x760.jpg 1140w, https:\/\/diariodaregiao.audiencelabs.com.br\/wp-content\/uploads\/2026\/04\/45521-1.jpg 1500w\" sizes=\"auto, (max-width: 1024px) 100vw, 1024px\" \/><figcaption class=\"wp-element-caption\">Cr\u00e9ditos: Freepik\/prostooleh<\/figcaption><\/figure>\n<\/div>\n\n\n<p>O resultado desse processo pr\u00e1tico e r\u00e1pido \u00e9 um limpador multiuso natural que pode ser aplicado em diversas \u00e1reas da casa. Por unir o aroma da erva com o poder de limpeza do vinagre, a mistura ajuda na desinfec\u00e7\u00e3o de superf\u00edcies e tamb\u00e9m no controle de odores.<\/p>\n\n\n\n<p>Geralmente \u00e9 utilizado na limpeza de bancadas, m\u00f3veis, ma\u00e7anetas e outros pontos de contato frequente no lar. At\u00e9 mesmo cheiros persistentes de alimentos ou gordura podem ser neutralizados com o uso da mistura em locais estrat\u00e9gicos da resid\u00eancia.<\/p>\n\n\n\n<h2 class=\"wp-block-heading\">Mistura de alecrim e vinagre requer cuidados<\/h2>\n\n\n\n<p>Pontos positivos a parte, alguns cuidados s\u00e3o recomendados em rela\u00e7\u00e3o ao uso da mistura antes de sua aplica\u00e7\u00e3o em determinadas superf\u00edcies. Para evitar manchas ou danos, ela deve ser testada em menor quantidade em materiais mais sens\u00edveis.<\/p>\n\n\n\n<p>Apesar de simples e natural, a composi\u00e7\u00e3o deve ser preparada e armazenada corretamente, sempre em recipiente fechado e protegido da luz. Assim, o l\u00edquido mant\u00e9m suas propriedades por mais tempo e pode se tornar um grande aliado na rotina de limpeza dom\u00e9stica.<\/p>\n","protected":false},"excerpt":{"rendered":"<p>Uma mistura simples com alecrim e vinagre pode ser o que voc\u00ea estava procurando para definitivamente deixar a casa limpa e com cheiro agrad\u00e1vel. Juntos, os dois ingredientes acess\u00edveis entregam resultados surpreendentes e batem de frente com muitos dos produtos caros que utilizamos no dia a dia. Batidos no liquidificador, o vinagre branco e o [&hellip;]<\/p>\n","protected":false},"author":14,"featured_media":23319,"comment_status":"open","ping_status":"open","sticky":false,"template":"","format":"standard","meta":{"jnews-multi-image_gallery":[],"jnews_single_post":{"format":"standard"},"jnews_primary_category":[],"jnews_social_meta":[],"jnews_post_split":[],"footnotes":""},"categories":[1],"tags":[],"class_list":["post-23318","post","type-post","status-publish","format-standard","has-post-thumbnail","hentry","category-variedades"],"_links":{"self":[{"href":"https:\/\/diariodaregiao.audiencelabs.com.br\/wp-json\/wp\/v2\/posts\/23318","targetHints":{"allow":["GET"]}}],"collection":[{"href":"https:\/\/diariodaregiao.audiencelabs.com.br\/wp-json\/wp\/v2\/posts"}],"about":[{"href":"https:\/\/diariodaregiao.audiencelabs.com.br\/wp-json\/wp\/v2\/types\/post"}],"author":[{"embeddable":true,"href":"https:\/\/diariodaregiao.audiencelabs.com.br\/wp-json\/wp\/v2\/users\/14"}],"replies":[{"embeddable":true,"href":"https:\/\/diariodaregiao.audiencelabs.com.br\/wp-json\/wp\/v2\/comments?post=23318"}],"version-history":[{"count":1,"href":"https:\/\/diariodaregiao.audiencelabs.com.br\/wp-json\/wp\/v2\/posts\/23318\/revisions"}],"predecessor-version":[{"id":23321,"href":"https:\/\/diariodaregiao.audiencelabs.com.br\/wp-json\/wp\/v2\/posts\/23318\/revisions\/23321"}],"wp:featuredmedia":[{"embeddable":true,"href":"https:\/\/diariodaregiao.audiencelabs.com.br\/wp-json\/wp\/v2\/media\/23319"}],"wp:attachment":[{"href":"https:\/\/diariodaregiao.audiencelabs.com.br\/wp-json\/wp\/v2\/media?parent=23318"}],"wp:term":[{"taxonomy":"category","embeddable":true,"href":"https:\/\/diariodaregiao.audiencelabs.com.br\/wp-json\/wp\/v2\/categories?post=23318"},{"taxonomy":"post_tag","embeddable":true,"href":"https:\/\/diariodaregiao.audiencelabs.com.br\/wp-json\/wp\/v2\/tags?post=23318"}],"curies":[{"name":"wp","href":"https:\/\/api.w.org\/{rel}","templated":true}]}}