{"id":23329,"date":"2026-04-24T07:01:00","date_gmt":"2026-04-24T10:01:00","guid":{"rendered":"https:\/\/diariodaregiao.audiencelabs.com.br\/?p=23329"},"modified":"2026-04-23T16:39:13","modified_gmt":"2026-04-23T19:39:13","slug":"comunicado-geral-do-mec-sobre-o-uso-do-pe-de-meia","status":"publish","type":"post","link":"https:\/\/diariodaregiao.audiencelabs.com.br\/comunicado-geral-do-mec-sobre-o-uso-do-pe-de-meia\/","title":{"rendered":"Comunicado Geral do MEC sobre o uso do P\u00e9-de-Meia"},"content":{"rendered":"\n<p>O Minist\u00e9rio da Educa\u00e7\u00e3o (MEC) lan\u00e7ou um comunicado para informar os pais sobre o uso do programa P\u00e9-de-Meia, que oferece uma conta digital para estudantes de baixa renda no ensino m\u00e9dio p\u00fablico. A medida visa facilitar o acesso ao programa, permitindo que respons\u00e1veis autorizem o uso da conta digital por meio do aplicativo Caixa Tem.&nbsp;<\/p>\n\n\n\n<p>O P\u00e9-de-Meia foi criado pela Lei n\u00ba 14.818\/2024 e beneficia alunos matriculados no ensino m\u00e9dio da rede p\u00fablica que pertencem a fam\u00edlias com renda mensal de at\u00e9 meio sal\u00e1rio m\u00ednimo por pessoa.<\/p>\n\n\n\n<p>Os estudantes devem ter entre 14 e 24 anos para o ensino regular ou 19 a 24 anos na Educa\u00e7\u00e3o de Jovens e Adultos (EJA). Al\u00e9m disso, \u00e9 necess\u00e1rio ter CPF regular e frequ\u00eancia escolar m\u00ednima de 80%. O programa oferece uma poupan\u00e7a que pode totalizar R$ 9,2 mil ao longo do ensino m\u00e9dio.<\/p>\n\n\n\n<h2 class=\"wp-block-heading\">Abertura e movimenta\u00e7\u00e3o da conta<\/h2>\n\n\n\n<p>A conta digital \u00e9 aberta automaticamente pela Caixa Econ\u00f4mica Federal para os estudantes que atendem aos crit\u00e9rios estabelecidos, sem necessidade de solicita\u00e7\u00e3o. Para menores de idade, a libera\u00e7\u00e3o deve ser feita pelo respons\u00e1vel legal, que pode autorizar o uso do aplicativo ou ir a uma ag\u00eancia.<\/p>\n\n\n\n<p>Ap\u00f3s a autoriza\u00e7\u00e3o, o estudante pode movimentar a conta normalmente, facilitando o acesso aos recursos financeiros. O MEC disponibiliza um tutorial online que orienta os respons\u00e1veis sobre como liberar o acesso \u00e0 conta digital.<\/p>\n\n\n\n<p>O programa oferece incentivos financeiros, incluindo R$ 200 mensais por frequ\u00eancia no ensino regular, R$ 200 por matr\u00edcula, R$ 225 por frequ\u00eancia na EJA, e R$ 1.000 ao final de cada ano conclu\u00eddo, que s\u00f3 pode ser retirado ap\u00f3s a formatura. H\u00e1 tamb\u00e9m um b\u00f4nus de R$ 200 pela participa\u00e7\u00e3o no Enem.<\/p>\n\n\n\n<p>A verifica\u00e7\u00e3o da elegibilidade para o programa ocorre com base nos dados do Cadastro \u00danico (Cad\u00danico), sendo que as informa\u00e7\u00f5es devem estar atualizadas at\u00e9 7 de agosto de 2026.&nbsp;<\/p>\n","protected":false},"excerpt":{"rendered":"<p>O Minist\u00e9rio da Educa\u00e7\u00e3o (MEC) lan\u00e7ou um comunicado para informar os pais sobre o uso do programa P\u00e9-de-Meia, que oferece uma conta digital para estudantes de baixa renda no ensino m\u00e9dio p\u00fablico. A medida visa facilitar o acesso ao programa, permitindo que respons\u00e1veis autorizem o uso da conta digital por meio do aplicativo Caixa Tem.&nbsp; [&hellip;]<\/p>\n","protected":false},"author":4,"featured_media":23330,"comment_status":"open","ping_status":"open","sticky":false,"template":"","format":"standard","meta":{"jnews-multi-image_gallery":[],"jnews_single_post":{"format":"standard"},"jnews_primary_category":[],"jnews_social_meta":[],"jnews_post_split":[],"footnotes":""},"categories":[1],"tags":[],"class_list":["post-23329","post","type-post","status-publish","format-standard","has-post-thumbnail","hentry","category-variedades"],"_links":{"self":[{"href":"https:\/\/diariodaregiao.audiencelabs.com.br\/wp-json\/wp\/v2\/posts\/23329","targetHints":{"allow":["GET"]}}],"collection":[{"href":"https:\/\/diariodaregiao.audiencelabs.com.br\/wp-json\/wp\/v2\/posts"}],"about":[{"href":"https:\/\/diariodaregiao.audiencelabs.com.br\/wp-json\/wp\/v2\/types\/post"}],"author":[{"embeddable":true,"href":"https:\/\/diariodaregiao.audiencelabs.com.br\/wp-json\/wp\/v2\/users\/4"}],"replies":[{"embeddable":true,"href":"https:\/\/diariodaregiao.audiencelabs.com.br\/wp-json\/wp\/v2\/comments?post=23329"}],"version-history":[{"count":2,"href":"https:\/\/diariodaregiao.audiencelabs.com.br\/wp-json\/wp\/v2\/posts\/23329\/revisions"}],"predecessor-version":[{"id":23346,"href":"https:\/\/diariodaregiao.audiencelabs.com.br\/wp-json\/wp\/v2\/posts\/23329\/revisions\/23346"}],"wp:featuredmedia":[{"embeddable":true,"href":"https:\/\/diariodaregiao.audiencelabs.com.br\/wp-json\/wp\/v2\/media\/23330"}],"wp:attachment":[{"href":"https:\/\/diariodaregiao.audiencelabs.com.br\/wp-json\/wp\/v2\/media?parent=23329"}],"wp:term":[{"taxonomy":"category","embeddable":true,"href":"https:\/\/diariodaregiao.audiencelabs.com.br\/wp-json\/wp\/v2\/categories?post=23329"},{"taxonomy":"post_tag","embeddable":true,"href":"https:\/\/diariodaregiao.audiencelabs.com.br\/wp-json\/wp\/v2\/tags?post=23329"}],"curies":[{"name":"wp","href":"https:\/\/api.w.org\/{rel}","templated":true}]}}