{"id":23336,"date":"2026-04-24T05:31:00","date_gmt":"2026-04-24T08:31:00","guid":{"rendered":"https:\/\/diariodaregiao.audiencelabs.com.br\/?p=23336"},"modified":"2026-04-23T17:42:06","modified_gmt":"2026-04-23T20:42:06","slug":"foi-comprado-por-r-275-milhoes-agora-querem-mais-de-r-895-milhoes-e-corinthians-e-flamengo-sonham-com-a-contratacao","status":"publish","type":"post","link":"https:\/\/diariodaregiao.audiencelabs.com.br\/foi-comprado-por-r-275-milhoes-agora-querem-mais-de-r-895-milhoes-e-corinthians-e-flamengo-sonham-com-a-contratacao\/","title":{"rendered":"Foi comprado por R$ 27,5 milh\u00f5es; agora querem mais de R$ 89,5 milh\u00f5es, e Corinthians e Flamengo sonham com a contrata\u00e7\u00e3o"},"content":{"rendered":"\n<p>Jogador comprado pelo Athletico no ano passado valorizou tanto que agora pode ser vendido pelo triplo do dinheiro. O atleta em quest\u00e3o \u00e9 o atacante Kevin Viveros, destaque da agremia\u00e7\u00e3o paranaense, que est\u00e1 na mira de gigantes como Corinthians e Flamengo, bem como de outras equipes do Brasil e do mundo.<\/p>\n\n\n\n<p>De acordo com informa\u00e7\u00e3o do portal \u2018ge\u2019, tanto o Alvinegro Paulista quanto o Rubro-Negro carioca buscaram saber mais a respeito da situa\u00e7\u00e3o do centroavante de 25 anos de idade na Arena da Baixada. Times estrangeiros tamb\u00e9m fizeram sondagens recentemente visando a pr\u00f3xima janela de transfer\u00eancias.<\/p>\n\n\n\n<p>Apesar do forte ass\u00e9dio sobre o camisa 9, o Furac\u00e3o n\u00e3o tem interesse em negoci\u00e1-lo neste momento. As propostas colocadas na mesa da diretoria rubro-negra at\u00e9 agora j\u00e1 ultrapassaram a casa dos 18 milh\u00f5es de d\u00f3lares, quantia que na cota\u00e7\u00e3o atual corresponde a R$ 89,5 milh\u00f5es.<\/p>\n\n\n<div class=\"wp-block-image\">\n<figure class=\"aligncenter size-large\"><img loading=\"lazy\" decoding=\"async\" width=\"1024\" height=\"924\" src=\"https:\/\/diariodaregiao.audiencelabs.com.br\/wp-content\/uploads\/2026\/04\/SaveClip.App_669869561_18086982245340397_40933508890837566_n-1-e1776976888829-1024x924.jpg\" alt=\"\" class=\"wp-image-23338\" srcset=\"https:\/\/diariodaregiao.audiencelabs.com.br\/wp-content\/uploads\/2026\/04\/SaveClip.App_669869561_18086982245340397_40933508890837566_n-1-e1776976888829-1024x924.jpg 1024w, https:\/\/diariodaregiao.audiencelabs.com.br\/wp-content\/uploads\/2026\/04\/SaveClip.App_669869561_18086982245340397_40933508890837566_n-1-e1776976888829-300x271.jpg 300w, https:\/\/diariodaregiao.audiencelabs.com.br\/wp-content\/uploads\/2026\/04\/SaveClip.App_669869561_18086982245340397_40933508890837566_n-1-e1776976888829-768x693.jpg 768w, https:\/\/diariodaregiao.audiencelabs.com.br\/wp-content\/uploads\/2026\/04\/SaveClip.App_669869561_18086982245340397_40933508890837566_n-1-e1776976888829-750x677.jpg 750w, https:\/\/diariodaregiao.audiencelabs.com.br\/wp-content\/uploads\/2026\/04\/SaveClip.App_669869561_18086982245340397_40933508890837566_n-1-e1776976888829-1140x1029.jpg 1140w, https:\/\/diariodaregiao.audiencelabs.com.br\/wp-content\/uploads\/2026\/04\/SaveClip.App_669869561_18086982245340397_40933508890837566_n-1-e1776976888829.jpg 1200w\" sizes=\"auto, (max-width: 1024px) 100vw, 1024px\" \/><figcaption class=\"wp-element-caption\">Cr\u00e9ditos: Instagram\/Kevin Viveros<\/figcaption><\/figure>\n<\/div>\n\n\n<p>Para se ter uma ideia, isso representa o triplo que o Athletico pagou para tir\u00e1-lo do Atl\u00e9tico Nacional, da Col\u00f4mbia, em meados de 2025. Ali\u00e1s, a diretoria do clube paranaense estuda oferecer uma renova\u00e7\u00e3o e uma valoriza\u00e7\u00e3o salarial ao jogador, cujo contrato \u00e9 v\u00e1lido at\u00e9 junho de 2028.<\/p>\n\n\n\n<h2 class=\"wp-block-heading\">Viveros deixou Vitor Roque para tr\u00e1s<\/h2>\n\n\n\n<p>Em meados do ano passado, o Furac\u00e3o desembolsou 5 milh\u00f5es de d\u00f3lares (cerca de R$ 27,5 milh\u00f5es) para tirar o atacante do Nacional. Essa movimenta\u00e7\u00e3o fez dele a contrata\u00e7\u00e3o mais cara de toda a hist\u00f3ria da agremia\u00e7\u00e3o.<\/p>\n\n\n\n<p>O colombiano ultrapassou Vitor Roque no ranking das principais aquisi\u00e7\u00f5es. Para tirar o Tigrinho do Cruzeiro, em 2022, a diretoria atleticana investiu R$ 24 milh\u00f5es.&nbsp;<\/p>\n\n\n\n<p>Na atual temporada, Viveros soma sete gols e uma assist\u00eancia em 14 partidas disputadas. Ao todo, s\u00e3o 17 tentos e quatro passes para gol em 39 partidas com a camisa rubro-negra &#8211; n\u00e3o por acaso, tem despertado o interesse de equipes rivais.<\/p>\n","protected":false},"excerpt":{"rendered":"<p>Jogador comprado pelo Athletico no ano passado valorizou tanto que agora pode ser vendido pelo triplo do dinheiro. O atleta em quest\u00e3o \u00e9 o atacante Kevin Viveros, destaque da agremia\u00e7\u00e3o paranaense, que est\u00e1 na mira de gigantes como Corinthians e Flamengo, bem como de outras equipes do Brasil e do mundo. De acordo com informa\u00e7\u00e3o [&hellip;]<\/p>\n","protected":false},"author":14,"featured_media":23337,"comment_status":"open","ping_status":"open","sticky":false,"template":"","format":"standard","meta":{"jnews-multi-image_gallery":[],"jnews_single_post":{"format":"standard"},"jnews_primary_category":[],"jnews_social_meta":[],"jnews_post_split":[],"footnotes":""},"categories":[1],"tags":[],"class_list":["post-23336","post","type-post","status-publish","format-standard","has-post-thumbnail","hentry","category-variedades"],"_links":{"self":[{"href":"https:\/\/diariodaregiao.audiencelabs.com.br\/wp-json\/wp\/v2\/posts\/23336","targetHints":{"allow":["GET"]}}],"collection":[{"href":"https:\/\/diariodaregiao.audiencelabs.com.br\/wp-json\/wp\/v2\/posts"}],"about":[{"href":"https:\/\/diariodaregiao.audiencelabs.com.br\/wp-json\/wp\/v2\/types\/post"}],"author":[{"embeddable":true,"href":"https:\/\/diariodaregiao.audiencelabs.com.br\/wp-json\/wp\/v2\/users\/14"}],"replies":[{"embeddable":true,"href":"https:\/\/diariodaregiao.audiencelabs.com.br\/wp-json\/wp\/v2\/comments?post=23336"}],"version-history":[{"count":2,"href":"https:\/\/diariodaregiao.audiencelabs.com.br\/wp-json\/wp\/v2\/posts\/23336\/revisions"}],"predecessor-version":[{"id":23343,"href":"https:\/\/diariodaregiao.audiencelabs.com.br\/wp-json\/wp\/v2\/posts\/23336\/revisions\/23343"}],"wp:featuredmedia":[{"embeddable":true,"href":"https:\/\/diariodaregiao.audiencelabs.com.br\/wp-json\/wp\/v2\/media\/23337"}],"wp:attachment":[{"href":"https:\/\/diariodaregiao.audiencelabs.com.br\/wp-json\/wp\/v2\/media?parent=23336"}],"wp:term":[{"taxonomy":"category","embeddable":true,"href":"https:\/\/diariodaregiao.audiencelabs.com.br\/wp-json\/wp\/v2\/categories?post=23336"},{"taxonomy":"post_tag","embeddable":true,"href":"https:\/\/diariodaregiao.audiencelabs.com.br\/wp-json\/wp\/v2\/tags?post=23336"}],"curies":[{"name":"wp","href":"https:\/\/api.w.org\/{rel}","templated":true}]}}