{"id":23410,"date":"2026-04-26T09:37:00","date_gmt":"2026-04-26T12:37:00","guid":{"rendered":"https:\/\/diariodaregiao.audiencelabs.com.br\/?p=23410"},"modified":"2026-04-24T11:53:23","modified_gmt":"2026-04-24T14:53:23","slug":"substituto-do-uno-chega-ao-brasil-como-novo-lancamento-da-fiat-em-2026","status":"publish","type":"post","link":"https:\/\/diariodaregiao.audiencelabs.com.br\/substituto-do-uno-chega-ao-brasil-como-novo-lancamento-da-fiat-em-2026\/","title":{"rendered":"Substituto do Uno chega ao Brasil como novo lan\u00e7amento da Fiat em 2026"},"content":{"rendered":"\n<p>Um novo modelo promete mexer com a mem\u00f3ria afetiva dos brasileiros e reacender discuss\u00f5es antigas no setor automotivo. No entanto, a proposta n\u00e3o \u00e9 apenas reviver o passado, mas justamente abrir espa\u00e7o para uma nova fase com mudan\u00e7as importantes no mercado nacional.<\/p>\n\n\n\n<p>A novidade envolve a Fiat, que prepara um lan\u00e7amento para 2026 e j\u00e1 confirmou detalhes relevantes por meio de seu CEO na It\u00e1lia, Olivier Fran\u00e7ois. Segundo ele, o modelo baseado no <strong>Grande Panda<\/strong> europeu chegar\u00e1 ao Brasil, mas n\u00e3o utilizar\u00e1 esse nome, o que frustra parte das expectativas criadas nos \u00faltimos meses.<\/p>\n\n\n\n<h2 class=\"wp-block-heading\">Nome hist\u00f3rico fica de fora, mas proposta segue<\/h2>\n\n\n\n<p>Durante um bom tempo, havia uma aposta forte de que o carro poderia resgatar o nome Uno, que at\u00e9 hoje \u00e9 lembrado por sua presen\u00e7a massiva nas ruas. No entanto, essa possibilidade foi descartada, e a nomenclatura seguir\u00e1 aposentada, ao menos por enquanto.<\/p>\n\n\n\n<p>Mesmo assim, a marca optou por um caminho familiar ao batizar o novo modelo como <strong>Novo Argo<\/strong>, aproveitando justamente a for\u00e7a do nome j\u00e1 conhecido no pa\u00eds. A estrat\u00e9gia tamb\u00e9m se conecta com um momento simb\u00f3lico, j\u00e1 que a fabricante celebrou 50 anos de atua\u00e7\u00e3o no Brasil em 2025.<\/p>\n\n\n\n<p>A proposta do Novo Argo vai al\u00e9m de uma simples atualiza\u00e7\u00e3o, pois ele chega para substituir a atual gera\u00e7\u00e3o do hatch. Trata-se de um projeto completamente diferente do modelo atual, inserido em um plano maior da Stellantis, que prev\u00ea 40 lan\u00e7amentos no pa\u00eds entre 2025 e 2030.<\/p>\n\n\n\n<figure class=\"wp-block-image size-large\"><img loading=\"lazy\" decoding=\"async\" width=\"1024\" height=\"641\" src=\"https:\/\/diariodaregiao.audiencelabs.com.br\/wp-content\/uploads\/2026\/04\/4bl3lmk689rkd66k2rvzilpqo-1-1024x641.jpg\" alt=\"\" class=\"wp-image-23413\" srcset=\"https:\/\/diariodaregiao.audiencelabs.com.br\/wp-content\/uploads\/2026\/04\/4bl3lmk689rkd66k2rvzilpqo-1-1024x641.jpg 1024w, https:\/\/diariodaregiao.audiencelabs.com.br\/wp-content\/uploads\/2026\/04\/4bl3lmk689rkd66k2rvzilpqo-1-300x188.jpg 300w, https:\/\/diariodaregiao.audiencelabs.com.br\/wp-content\/uploads\/2026\/04\/4bl3lmk689rkd66k2rvzilpqo-1-768x481.jpg 768w, https:\/\/diariodaregiao.audiencelabs.com.br\/wp-content\/uploads\/2026\/04\/4bl3lmk689rkd66k2rvzilpqo-1-750x469.jpg 750w, https:\/\/diariodaregiao.audiencelabs.com.br\/wp-content\/uploads\/2026\/04\/4bl3lmk689rkd66k2rvzilpqo-1-1140x713.jpg 1140w, https:\/\/diariodaregiao.audiencelabs.com.br\/wp-content\/uploads\/2026\/04\/4bl3lmk689rkd66k2rvzilpqo-1.jpg 1200w\" sizes=\"auto, (max-width: 1024px) 100vw, 1024px\" \/><figcaption class=\"wp-element-caption\">Cr\u00e9ditos: Divulga\u00e7\u00e3o\/FIAT  (UNO)<\/figcaption><\/figure>\n\n\n\n<h2 class=\"wp-block-heading\">Produ\u00e7\u00e3o nacional e mudan\u00e7as no projeto<\/h2>\n\n\n\n<p>Assim como outros ve\u00edculos globais adaptados ao mercado brasileiro, o novo hatch passar\u00e1 por ajustes espec\u00edficos. A produ\u00e7\u00e3o ser\u00e1 realizada em Betim, em Minas Gerais, refor\u00e7ando a estrat\u00e9gia de nacionaliza\u00e7\u00e3o do modelo.<\/p>\n\n\n\n<p>Mesmo com essas adapta\u00e7\u00f5es, as dimens\u00f5es seguir\u00e3o as mesmas do Grande Panda europeu. O carro ter\u00e1 3,99 metros de comprimento, 1,76 m de largura, 1,58 m de altura e 2,54 m de entre-eixos, al\u00e9m de um porta-malas com capacidade para 412 litros.<\/p>\n\n\n\n<p>O visual tamb\u00e9m n\u00e3o deve mudar drasticamente, mantendo boa parte da identidade do modelo europeu. As principais diferen\u00e7as ficam por conta da aus\u00eancia do nome nas laterais e pequenos ajustes na grade frontal e no para-choque, o que refor\u00e7a uma leve adapta\u00e7\u00e3o ao gosto local.<\/p>\n\n\n\n<figure class=\"wp-block-image size-large\"><img loading=\"lazy\" decoding=\"async\" width=\"1024\" height=\"576\" src=\"https:\/\/diariodaregiao.audiencelabs.com.br\/wp-content\/uploads\/2026\/04\/fiat-grande-panda-2024-1-1024x576.jpg\" alt=\"\" class=\"wp-image-23412\" srcset=\"https:\/\/diariodaregiao.audiencelabs.com.br\/wp-content\/uploads\/2026\/04\/fiat-grande-panda-2024-1-1024x576.jpg 1024w, https:\/\/diariodaregiao.audiencelabs.com.br\/wp-content\/uploads\/2026\/04\/fiat-grande-panda-2024-1-300x169.jpg 300w, https:\/\/diariodaregiao.audiencelabs.com.br\/wp-content\/uploads\/2026\/04\/fiat-grande-panda-2024-1-768x432.jpg 768w, https:\/\/diariodaregiao.audiencelabs.com.br\/wp-content\/uploads\/2026\/04\/fiat-grande-panda-2024-1-750x422.jpg 750w, https:\/\/diariodaregiao.audiencelabs.com.br\/wp-content\/uploads\/2026\/04\/fiat-grande-panda-2024-1-1140x641.jpg 1140w, https:\/\/diariodaregiao.audiencelabs.com.br\/wp-content\/uploads\/2026\/04\/fiat-grande-panda-2024-1.jpg 1244w\" sizes=\"auto, (max-width: 1024px) 100vw, 1024px\" \/><figcaption class=\"wp-element-caption\">Cr\u00e9ditos: Divulga\u00e7\u00e3o\/FIAT (NOVO ARGO)<\/figcaption><\/figure>\n\n\n\n<h2 class=\"wp-block-heading\">Motor h\u00edbrido e mais tecnologia embarcada<\/h2>\n\n\n\n<p>No quesito mec\u00e2nico, o Novo Argo trar\u00e1 duas propostas distintas para atender diferentes perfis de consumidores. As vers\u00f5es de entrada contar\u00e3o com motor 1.0 Firefly aspirado e c\u00e2mbio manual de cinco marchas, mantendo uma op\u00e7\u00e3o mais acess\u00edvel.<\/p>\n\n\n\n<p>J\u00e1 nas vers\u00f5es mais completas, o modelo ter\u00e1 motor 1.0 turbo flex com tecnologia h\u00edbrida leve de 12 volts, o mesmo conjunto presente em modelos como Pulse e Fastback. Nesse caso, a transmiss\u00e3o ser\u00e1 autom\u00e1tica do tipo CVT, com sete marchas simuladas.<\/p>\n\n\n\n<p>Os n\u00fameros de desempenho mostram uma evolu\u00e7\u00e3o clara, j\u00e1 que o motor aspirado entrega at\u00e9 75 cv com etanol, enquanto a vers\u00e3o turbo h\u00edbrida chega a 130 cv. O torque tamb\u00e9m sobe para 20,4 kgfm, independentemente do combust\u00edvel utilizado.<\/p>\n\n\n\n<p>Por dentro, o carro manter\u00e1 grande parte do interior j\u00e1 visto no modelo europeu, mas com melhorias importantes em seguran\u00e7a. Entre os destaques est\u00e3o seis airbags e a inclus\u00e3o de sistemas de assist\u00eancia \u00e0 condu\u00e7\u00e3o, o chamado pacote ADAS, que representa um avan\u00e7o relevante em rela\u00e7\u00e3o ao Argo atual.<\/p>\n","protected":false},"excerpt":{"rendered":"<p>Um novo modelo promete mexer com a mem\u00f3ria afetiva dos brasileiros e reacender discuss\u00f5es antigas no setor automotivo. No entanto, a proposta n\u00e3o \u00e9 apenas reviver o passado, mas justamente abrir espa\u00e7o para uma nova fase com mudan\u00e7as importantes no mercado nacional. A novidade envolve a Fiat, que prepara um lan\u00e7amento para 2026 e j\u00e1 [&hellip;]<\/p>\n","protected":false},"author":10,"featured_media":23411,"comment_status":"open","ping_status":"open","sticky":false,"template":"","format":"standard","meta":{"jnews-multi-image_gallery":[],"jnews_single_post":{"format":"standard"},"jnews_primary_category":[],"jnews_social_meta":[],"jnews_post_split":[],"footnotes":""},"categories":[1],"tags":[],"class_list":["post-23410","post","type-post","status-publish","format-standard","has-post-thumbnail","hentry","category-variedades"],"_links":{"self":[{"href":"https:\/\/diariodaregiao.audiencelabs.com.br\/wp-json\/wp\/v2\/posts\/23410","targetHints":{"allow":["GET"]}}],"collection":[{"href":"https:\/\/diariodaregiao.audiencelabs.com.br\/wp-json\/wp\/v2\/posts"}],"about":[{"href":"https:\/\/diariodaregiao.audiencelabs.com.br\/wp-json\/wp\/v2\/types\/post"}],"author":[{"embeddable":true,"href":"https:\/\/diariodaregiao.audiencelabs.com.br\/wp-json\/wp\/v2\/users\/10"}],"replies":[{"embeddable":true,"href":"https:\/\/diariodaregiao.audiencelabs.com.br\/wp-json\/wp\/v2\/comments?post=23410"}],"version-history":[{"count":1,"href":"https:\/\/diariodaregiao.audiencelabs.com.br\/wp-json\/wp\/v2\/posts\/23410\/revisions"}],"predecessor-version":[{"id":23414,"href":"https:\/\/diariodaregiao.audiencelabs.com.br\/wp-json\/wp\/v2\/posts\/23410\/revisions\/23414"}],"wp:featuredmedia":[{"embeddable":true,"href":"https:\/\/diariodaregiao.audiencelabs.com.br\/wp-json\/wp\/v2\/media\/23411"}],"wp:attachment":[{"href":"https:\/\/diariodaregiao.audiencelabs.com.br\/wp-json\/wp\/v2\/media?parent=23410"}],"wp:term":[{"taxonomy":"category","embeddable":true,"href":"https:\/\/diariodaregiao.audiencelabs.com.br\/wp-json\/wp\/v2\/categories?post=23410"},{"taxonomy":"post_tag","embeddable":true,"href":"https:\/\/diariodaregiao.audiencelabs.com.br\/wp-json\/wp\/v2\/tags?post=23410"}],"curies":[{"name":"wp","href":"https:\/\/api.w.org\/{rel}","templated":true}]}}