{"id":23445,"date":"2026-04-25T09:10:00","date_gmt":"2026-04-25T12:10:00","guid":{"rendered":"https:\/\/diariodaregiao.audiencelabs.com.br\/?p=23445"},"modified":"2026-04-24T14:58:58","modified_gmt":"2026-04-24T17:58:58","slug":"chevrolet-traz-novo-carro-ao-brasil-custando-no-maximo-r-160-mil-para-desbancar-o-nivus","status":"publish","type":"post","link":"https:\/\/diariodaregiao.audiencelabs.com.br\/chevrolet-traz-novo-carro-ao-brasil-custando-no-maximo-r-160-mil-para-desbancar-o-nivus\/","title":{"rendered":"Chevrolet traz novo carro ao Brasil custando no m\u00e1ximo R$ 160 mil para desbancar o Nivus"},"content":{"rendered":"\n<p>Nesta semana, a Chevrolet divulgou as primeiras fotos do seu mais novo lan\u00e7amento no Brasil, o Sonic. O modelo, que resgata a identidade do hatch que foi importado do M\u00e9xico, chegar\u00e1 no territ\u00f3rio nacional como um SUV compacto. A produ\u00e7\u00e3o ser\u00e1 em Gravata\u00ed, no Rio Grande do Sul.<\/p>\n\n\n\n<p>Ao longo dos tr\u00eas anos de trabalho at\u00e9 o lan\u00e7amento, o projeto recebeu um investimento de R$ 900 milh\u00f5es. De acordo com a marca, o Sonic deve ocupar o espa\u00e7o entre o Onix Activ e o Tracker. Em um primeiro momento, ele ser\u00e1 oferecido com o conjunto 1.0 turbo com c\u00e2mbio autom\u00e1tico de seis marchas.<\/p>\n\n\n\n<p>Embora a montadora n\u00e3o tenha divulgado os pre\u00e7os, \u00e9 poss\u00edvel estimar as cifras com base no Onix Activ e no Tracker. Sendo assim, o novo modelo deve custar entre R$ 130 mil e R$ 160 mil, ficando pr\u00f3ximo de seu concorrente, o VW Nivus.<\/p>\n\n\n<div class=\"wp-block-image\">\n<figure class=\"aligncenter size-large\"><img loading=\"lazy\" decoding=\"async\" width=\"1024\" height=\"683\" src=\"https:\/\/diariodaregiao.audiencelabs.com.br\/wp-content\/uploads\/2026\/04\/sonic-exteriorn-4-1024x683.jpg\" alt=\"\" class=\"wp-image-23446\" srcset=\"https:\/\/diariodaregiao.audiencelabs.com.br\/wp-content\/uploads\/2026\/04\/sonic-exteriorn-4-1024x683.jpg 1024w, https:\/\/diariodaregiao.audiencelabs.com.br\/wp-content\/uploads\/2026\/04\/sonic-exteriorn-4-300x200.jpg 300w, https:\/\/diariodaregiao.audiencelabs.com.br\/wp-content\/uploads\/2026\/04\/sonic-exteriorn-4-768x512.jpg 768w, https:\/\/diariodaregiao.audiencelabs.com.br\/wp-content\/uploads\/2026\/04\/sonic-exteriorn-4-750x500.jpg 750w, https:\/\/diariodaregiao.audiencelabs.com.br\/wp-content\/uploads\/2026\/04\/sonic-exteriorn-4-1140x760.jpg 1140w, https:\/\/diariodaregiao.audiencelabs.com.br\/wp-content\/uploads\/2026\/04\/sonic-exteriorn-4.jpg 1200w\" sizes=\"auto, (max-width: 1024px) 100vw, 1024px\" \/><figcaption class=\"wp-element-caption\">Cr\u00e9ditos: Divulga\u00e7\u00e3o \/ GM<\/figcaption><\/figure>\n<\/div>\n\n\n<p>Segundo Gustavo Aguiar, diretor de Marketing da GM Am\u00e9rica do Sul, esse ser\u00e1 o principal lan\u00e7amento da marca na regi\u00e3o em 2026. A expectativa \u00e9 de que o modelo conquiste n\u00e3o s\u00f3 os clientes j\u00e1 conhecidos, por assim dizer, mas que tamb\u00e9m atraia um outro perfil de consumidores para a fabricante.<\/p>\n\n\n\n<p>\u201cO Sonic provou ser um carro estrat\u00e9gico para a Chevrolet, com potencial tanto para conquistar clientes fi\u00e9is em ascens\u00e3o quanto para atrair um novo perfil de p\u00fablico para a marca, algo fundamental para o plano de crescimento da empresa\u201d, disse, ao portal \u2018g1\u2019.<\/p>\n\n\n\n<h2 class=\"wp-block-heading\">Sonic ter\u00e1 muitas telas<\/h2>\n\n\n\n<p>A aposta da Chevrolet chega ao Brasil em modo tecnol\u00f3gico. O painel de instrumentos do motorista contar\u00e1 com um display semelhante a um tablet, com gr\u00e1ficos simples, cores suaves e op\u00e7\u00f5es de personaliza\u00e7\u00e3o.<\/p>\n\n\n\n<p>J\u00e1 a central multim\u00eddia, por sua vez, fica ligada a uma pe\u00e7a maior. Os \u00edcones possuem o mesmo padr\u00e3o visual, com linhas finas e brancas, que se destacam sobre o fundo escuro em tom azulado.<\/p>\n","protected":false},"excerpt":{"rendered":"<p>Nesta semana, a Chevrolet divulgou as primeiras fotos do seu mais novo lan\u00e7amento no Brasil, o Sonic. O modelo, que resgata a identidade do hatch que foi importado do M\u00e9xico, chegar\u00e1 no territ\u00f3rio nacional como um SUV compacto. A produ\u00e7\u00e3o ser\u00e1 em Gravata\u00ed, no Rio Grande do Sul. Ao longo dos tr\u00eas anos de trabalho [&hellip;]<\/p>\n","protected":false},"author":14,"featured_media":15581,"comment_status":"open","ping_status":"open","sticky":false,"template":"","format":"standard","meta":{"jnews-multi-image_gallery":[],"jnews_single_post":{"format":"standard"},"jnews_primary_category":[],"jnews_social_meta":[],"jnews_post_split":[],"footnotes":""},"categories":[1],"tags":[],"class_list":["post-23445","post","type-post","status-publish","format-standard","has-post-thumbnail","hentry","category-variedades"],"_links":{"self":[{"href":"https:\/\/diariodaregiao.audiencelabs.com.br\/wp-json\/wp\/v2\/posts\/23445","targetHints":{"allow":["GET"]}}],"collection":[{"href":"https:\/\/diariodaregiao.audiencelabs.com.br\/wp-json\/wp\/v2\/posts"}],"about":[{"href":"https:\/\/diariodaregiao.audiencelabs.com.br\/wp-json\/wp\/v2\/types\/post"}],"author":[{"embeddable":true,"href":"https:\/\/diariodaregiao.audiencelabs.com.br\/wp-json\/wp\/v2\/users\/14"}],"replies":[{"embeddable":true,"href":"https:\/\/diariodaregiao.audiencelabs.com.br\/wp-json\/wp\/v2\/comments?post=23445"}],"version-history":[{"count":2,"href":"https:\/\/diariodaregiao.audiencelabs.com.br\/wp-json\/wp\/v2\/posts\/23445\/revisions"}],"predecessor-version":[{"id":23524,"href":"https:\/\/diariodaregiao.audiencelabs.com.br\/wp-json\/wp\/v2\/posts\/23445\/revisions\/23524"}],"wp:featuredmedia":[{"embeddable":true,"href":"https:\/\/diariodaregiao.audiencelabs.com.br\/wp-json\/wp\/v2\/media\/15581"}],"wp:attachment":[{"href":"https:\/\/diariodaregiao.audiencelabs.com.br\/wp-json\/wp\/v2\/media?parent=23445"}],"wp:term":[{"taxonomy":"category","embeddable":true,"href":"https:\/\/diariodaregiao.audiencelabs.com.br\/wp-json\/wp\/v2\/categories?post=23445"},{"taxonomy":"post_tag","embeddable":true,"href":"https:\/\/diariodaregiao.audiencelabs.com.br\/wp-json\/wp\/v2\/tags?post=23445"}],"curies":[{"name":"wp","href":"https:\/\/api.w.org\/{rel}","templated":true}]}}