{"id":23448,"date":"2026-04-27T05:30:00","date_gmt":"2026-04-27T08:30:00","guid":{"rendered":"https:\/\/diariodaregiao.audiencelabs.com.br\/?p=23448"},"modified":"2026-04-24T15:10:02","modified_gmt":"2026-04-24T18:10:02","slug":"onu-alerta-sobre-fenomeno-que-esquenta-as-aguas-do-oceano-e-vai-afetar-o-brasil","status":"publish","type":"post","link":"https:\/\/diariodaregiao.audiencelabs.com.br\/onu-alerta-sobre-fenomeno-que-esquenta-as-aguas-do-oceano-e-vai-afetar-o-brasil\/","title":{"rendered":"ONU alerta sobre fen\u00f4meno que esquenta as \u00e1guas do oceano e vai afetar o Brasil"},"content":{"rendered":"\n<p>A Organiza\u00e7\u00e3o Meteorol\u00f3gica Mundial (OMM), ag\u00eancia da ONU, emitiu um alerta sobre o desenvolvimento do fen\u00f4meno El Ni\u00f1o, previsto para ocorrer entre maio e julho deste ano. Este fen\u00f4meno \u00e9 caracterizado pelo aquecimento anormal das \u00e1guas do Oceano Pac\u00edfico Equatorial, que pode ter impactos significativos no clima global, incluindo o Brasil.&nbsp;<\/p>\n\n\n\n<p>O El Ni\u00f1o \u00e9 um fen\u00f4meno clim\u00e1tico que varia em intensidade e caracter\u00edsticas a cada epis\u00f3dio. O aquecimento acelerado j\u00e1 \u00e9 observado na superf\u00edcie do Pac\u00edfico equatorial, juntamente com um ac\u00famulo de calor nas camadas mais profundas do oceano.<\/p>\n\n\n\n<p>A OMM destaca que, embora os modelos prevejam um evento forte, a precis\u00e3o das previs\u00f5es pode ser limitada devido \u00e0 chamada &#8220;barreira de previsibilidade da primavera&#8221;. Isso significa que as proje\u00e7\u00f5es clim\u00e1ticas podem ser menos confi\u00e1veis at\u00e9 que se aproxime o fim de abril.<\/p>\n\n\n\n<h2 class=\"wp-block-heading\">Impactos globais e regionais<\/h2>\n\n\n\n<p>Historicamente, o El Ni\u00f1o est\u00e1 associado a uma redistribui\u00e7\u00e3o das chuvas em v\u00e1rias regi\u00f5es do mundo. Para a Am\u00e9rica do Sul, especialmente o Brasil, isso geralmente significa um aumento das chuvas no sul do pa\u00eds, enquanto outras \u00e1reas, como o Centro-Oeste e o Norte, podem enfrentar irregularidades clim\u00e1ticas, incluindo per\u00edodos de estiagem.<\/p>\n\n\n\n<p>O fen\u00f4meno tamb\u00e9m costuma trazer mais chuvas para o sul dos Estados Unidos e regi\u00f5es da \u00c1sia Central, enquanto \u00e1reas como a Austr\u00e1lia e partes do sul da \u00c1sia podem enfrentar secas.<\/p>\n\n\n\n<p>Para o per\u00edodo de maio a julho, a OMM projeta temperaturas acima da m\u00e9dia em diversas regi\u00f5es do planeta, com destaque para a Am\u00e9rica Central, o Caribe e o sul da Am\u00e9rica do Norte. No Brasil, o impacto do El Ni\u00f1o pode favorecer algumas culturas agr\u00edcolas no Sul, devido ao aumento das chuvas.<\/p>\n\n\n\n<p>No Centro-Oeste e Norte, regi\u00f5es cruciais para a produ\u00e7\u00e3o de gr\u00e3os, a irregularidade das chuvas pode comprometer o desenvolvimento das lavouras, exigindo aten\u00e7\u00e3o redobrada dos produtores rurais.<\/p>\n","protected":false},"excerpt":{"rendered":"<p>A Organiza\u00e7\u00e3o Meteorol\u00f3gica Mundial (OMM), ag\u00eancia da ONU, emitiu um alerta sobre o desenvolvimento do fen\u00f4meno El Ni\u00f1o, previsto para ocorrer entre maio e julho deste ano. Este fen\u00f4meno \u00e9 caracterizado pelo aquecimento anormal das \u00e1guas do Oceano Pac\u00edfico Equatorial, que pode ter impactos significativos no clima global, incluindo o Brasil.&nbsp; O El Ni\u00f1o \u00e9 [&hellip;]<\/p>\n","protected":false},"author":4,"featured_media":23449,"comment_status":"open","ping_status":"open","sticky":false,"template":"","format":"standard","meta":{"jnews-multi-image_gallery":[],"jnews_single_post":{"format":"standard"},"jnews_primary_category":[],"jnews_social_meta":[],"jnews_post_split":[],"footnotes":""},"categories":[1],"tags":[],"class_list":["post-23448","post","type-post","status-publish","format-standard","has-post-thumbnail","hentry","category-variedades"],"_links":{"self":[{"href":"https:\/\/diariodaregiao.audiencelabs.com.br\/wp-json\/wp\/v2\/posts\/23448","targetHints":{"allow":["GET"]}}],"collection":[{"href":"https:\/\/diariodaregiao.audiencelabs.com.br\/wp-json\/wp\/v2\/posts"}],"about":[{"href":"https:\/\/diariodaregiao.audiencelabs.com.br\/wp-json\/wp\/v2\/types\/post"}],"author":[{"embeddable":true,"href":"https:\/\/diariodaregiao.audiencelabs.com.br\/wp-json\/wp\/v2\/users\/4"}],"replies":[{"embeddable":true,"href":"https:\/\/diariodaregiao.audiencelabs.com.br\/wp-json\/wp\/v2\/comments?post=23448"}],"version-history":[{"count":2,"href":"https:\/\/diariodaregiao.audiencelabs.com.br\/wp-json\/wp\/v2\/posts\/23448\/revisions"}],"predecessor-version":[{"id":23535,"href":"https:\/\/diariodaregiao.audiencelabs.com.br\/wp-json\/wp\/v2\/posts\/23448\/revisions\/23535"}],"wp:featuredmedia":[{"embeddable":true,"href":"https:\/\/diariodaregiao.audiencelabs.com.br\/wp-json\/wp\/v2\/media\/23449"}],"wp:attachment":[{"href":"https:\/\/diariodaregiao.audiencelabs.com.br\/wp-json\/wp\/v2\/media?parent=23448"}],"wp:term":[{"taxonomy":"category","embeddable":true,"href":"https:\/\/diariodaregiao.audiencelabs.com.br\/wp-json\/wp\/v2\/categories?post=23448"},{"taxonomy":"post_tag","embeddable":true,"href":"https:\/\/diariodaregiao.audiencelabs.com.br\/wp-json\/wp\/v2\/tags?post=23448"}],"curies":[{"name":"wp","href":"https:\/\/api.w.org\/{rel}","templated":true}]}}