{"id":23461,"date":"2026-04-26T09:11:00","date_gmt":"2026-04-26T12:11:00","guid":{"rendered":"https:\/\/diariodaregiao.audiencelabs.com.br\/?p=23461"},"modified":"2026-04-24T16:09:34","modified_gmt":"2026-04-24T19:09:34","slug":"carlo-ancelotti-ganha-reforco-multicampeao-para-a-selecao-brasileira","status":"publish","type":"post","link":"https:\/\/diariodaregiao.audiencelabs.com.br\/carlo-ancelotti-ganha-reforco-multicampeao-para-a-selecao-brasileira\/","title":{"rendered":"Carlo Ancelotti ganha refor\u00e7o multicampe\u00e3o para a Sele\u00e7\u00e3o Brasileira"},"content":{"rendered":"\n<p>O t\u00e9cnico Carlo Ancelotti finalmente recebeu uma boa not\u00edcia visando a convoca\u00e7\u00e3o da Sele\u00e7\u00e3o Brasileira para a Copa do Mundo. Em meio a uma s\u00e9rie de baixas e d\u00favidas, Raphinha voltar\u00e1 a participar dos treinos do Barcelona nesta semana e deve voltar a campo pelo time espanhol na reta final da temporada europeia.<\/p>\n\n\n\n<p>O meia-atacante vinha desfalcando o Bar\u00e7a por conta de uma les\u00e3o no b\u00edceps femoral da coxa direita. Questionado a respeito do retorno do brasileiro, o Hansi Flick confirmou que ele estar\u00e1 \u00e0 disposi\u00e7\u00e3o nesta segunda-feira (27), voltando \u00e0s atividades com o restante do grupo da agremia\u00e7\u00e3o catal\u00e3.<\/p>\n\n\n\n<p>O camisa 11 poder\u00e1 participar das cinco \u00faltimas partidas do time nesta jornada, sendo uma delas o cl\u00e1ssico contra o Real Madrid, no Camp Nou, no dia 10 de maio. Com ampla vantagem sobre o arquirrival, o Barcelona tem tudo para confirmar o bicampeonato consecutivo de LaLiga.<\/p>\n\n\n<div class=\"wp-block-image\">\n<figure class=\"aligncenter size-large\"><img loading=\"lazy\" decoding=\"async\" width=\"1024\" height=\"922\" src=\"https:\/\/diariodaregiao.audiencelabs.com.br\/wp-content\/uploads\/2026\/04\/SaveClip.App_587795406_18546421216050951_8219586838542479146_n-1-e1777057654538-1024x922.jpg\" alt=\"\" class=\"wp-image-23462\" srcset=\"https:\/\/diariodaregiao.audiencelabs.com.br\/wp-content\/uploads\/2026\/04\/SaveClip.App_587795406_18546421216050951_8219586838542479146_n-1-e1777057654538-1024x922.jpg 1024w, https:\/\/diariodaregiao.audiencelabs.com.br\/wp-content\/uploads\/2026\/04\/SaveClip.App_587795406_18546421216050951_8219586838542479146_n-1-e1777057654538-300x270.jpg 300w, https:\/\/diariodaregiao.audiencelabs.com.br\/wp-content\/uploads\/2026\/04\/SaveClip.App_587795406_18546421216050951_8219586838542479146_n-1-e1777057654538-768x691.jpg 768w, https:\/\/diariodaregiao.audiencelabs.com.br\/wp-content\/uploads\/2026\/04\/SaveClip.App_587795406_18546421216050951_8219586838542479146_n-1-e1777057654538-750x675.jpg 750w, https:\/\/diariodaregiao.audiencelabs.com.br\/wp-content\/uploads\/2026\/04\/SaveClip.App_587795406_18546421216050951_8219586838542479146_n-1-e1777057654538-1140x1026.jpg 1140w, https:\/\/diariodaregiao.audiencelabs.com.br\/wp-content\/uploads\/2026\/04\/SaveClip.App_587795406_18546421216050951_8219586838542479146_n-1-e1777057654538.jpg 1200w\" sizes=\"auto, (max-width: 1024px) 100vw, 1024px\" \/><figcaption class=\"wp-element-caption\">Cr\u00e9ditos: Instagram\/Raphinha<\/figcaption><\/figure>\n<\/div>\n\n\n<p>Um dos principais jogadores brasileiros da atualidade, Raphinha \u00e9 um nome certo na convoca\u00e7\u00e3o final para a disputa do Mundial. A lista ser\u00e1 divulgada por Carletto no dia 18 de maio. No dia 31, o Brasil far\u00e1 um amistoso com o Panam\u00e1, no Maracan\u00e3, e depois passar\u00e1 a focar exclusivamente na maior competi\u00e7\u00e3o de futebol do planeta.<\/p>\n\n\n\n<h2 class=\"wp-block-heading\">Carlo Ancelotti recebeu honraria<\/h2>\n\n\n\n<p>Nesta semana, o comandante canarinho foi nomeado para o Hall da Fama do Milan junto com Kak\u00e1 e Ruud Gullit. Os tr\u00eas foram escolhidos pela torcida e passaram a integrar o grupo dos maiores da hist\u00f3ria do clube italiano.<\/p>\n\n\n\n<p>A vota\u00e7\u00e3o \u00e9 uma iniciativa da Emirates, patrocinadora da equipe. Anteriormente, haviam sido selecionados o ex-zagueiro Franco Baresi e os ex-atacantes Filippo Inzaghi, Andriy Shevchenko e Marco van Basten.<\/p>\n\n\n\n<p>Carlo fez hist\u00f3ria com a camisa rubro-negra como jogador e treinador. Ao todo, conquistou 15 t\u00edtulos pela institui\u00e7\u00e3o, dentre os quais quatro Ligas dos Campe\u00f5es da Europa, sendo duas como atleta e duas como t\u00e9cnico.<\/p>\n","protected":false},"excerpt":{"rendered":"<p>O t\u00e9cnico Carlo Ancelotti finalmente recebeu uma boa not\u00edcia visando a convoca\u00e7\u00e3o da Sele\u00e7\u00e3o Brasileira para a Copa do Mundo. Em meio a uma s\u00e9rie de baixas e d\u00favidas, Raphinha voltar\u00e1 a participar dos treinos do Barcelona nesta semana e deve voltar a campo pelo time espanhol na reta final da temporada europeia. O meia-atacante [&hellip;]<\/p>\n","protected":false},"author":14,"featured_media":23463,"comment_status":"open","ping_status":"open","sticky":false,"template":"","format":"standard","meta":{"jnews-multi-image_gallery":[],"jnews_single_post":{"format":"standard"},"jnews_primary_category":[],"jnews_social_meta":[],"jnews_post_split":[],"footnotes":""},"categories":[1],"tags":[],"class_list":["post-23461","post","type-post","status-publish","format-standard","has-post-thumbnail","hentry","category-variedades"],"_links":{"self":[{"href":"https:\/\/diariodaregiao.audiencelabs.com.br\/wp-json\/wp\/v2\/posts\/23461","targetHints":{"allow":["GET"]}}],"collection":[{"href":"https:\/\/diariodaregiao.audiencelabs.com.br\/wp-json\/wp\/v2\/posts"}],"about":[{"href":"https:\/\/diariodaregiao.audiencelabs.com.br\/wp-json\/wp\/v2\/types\/post"}],"author":[{"embeddable":true,"href":"https:\/\/diariodaregiao.audiencelabs.com.br\/wp-json\/wp\/v2\/users\/14"}],"replies":[{"embeddable":true,"href":"https:\/\/diariodaregiao.audiencelabs.com.br\/wp-json\/wp\/v2\/comments?post=23461"}],"version-history":[{"count":2,"href":"https:\/\/diariodaregiao.audiencelabs.com.br\/wp-json\/wp\/v2\/posts\/23461\/revisions"}],"predecessor-version":[{"id":23530,"href":"https:\/\/diariodaregiao.audiencelabs.com.br\/wp-json\/wp\/v2\/posts\/23461\/revisions\/23530"}],"wp:featuredmedia":[{"embeddable":true,"href":"https:\/\/diariodaregiao.audiencelabs.com.br\/wp-json\/wp\/v2\/media\/23463"}],"wp:attachment":[{"href":"https:\/\/diariodaregiao.audiencelabs.com.br\/wp-json\/wp\/v2\/media?parent=23461"}],"wp:term":[{"taxonomy":"category","embeddable":true,"href":"https:\/\/diariodaregiao.audiencelabs.com.br\/wp-json\/wp\/v2\/categories?post=23461"},{"taxonomy":"post_tag","embeddable":true,"href":"https:\/\/diariodaregiao.audiencelabs.com.br\/wp-json\/wp\/v2\/tags?post=23461"}],"curies":[{"name":"wp","href":"https:\/\/api.w.org\/{rel}","templated":true}]}}