{"id":23500,"date":"2026-04-27T07:01:00","date_gmt":"2026-04-27T10:01:00","guid":{"rendered":"https:\/\/diariodaregiao.audiencelabs.com.br\/?p=23500"},"modified":"2026-04-24T17:34:58","modified_gmt":"2026-04-24T20:34:58","slug":"mais-uma-cidade-entra-em-acordo-para-participar-de-trem-de-r-119-bilhoes-que-vai-interligar-sao-paulo","status":"publish","type":"post","link":"https:\/\/diariodaregiao.audiencelabs.com.br\/mais-uma-cidade-entra-em-acordo-para-participar-de-trem-de-r-119-bilhoes-que-vai-interligar-sao-paulo\/","title":{"rendered":"Mais uma cidade entra em acordo para participar de trem de R$ 11,9 bilh\u00f5es que vai interligar S\u00e3o Paulo"},"content":{"rendered":"\n<p>O Governo de S\u00e3o Paulo firmou um conv\u00eanio com uma prefeitura para viabilizar a implanta\u00e7\u00e3o do projeto TIC Eixo Oeste, que tem como objetivo ligar a esta\u00e7\u00e3o \u00c1gua Branca, na capital paulista, a Sorocaba.<\/p>\n\n\n\n<p>Com essa parceria, Carapicu\u00edba ser\u00e1 a primeira cidade a receber uma esta\u00e7\u00e3o do novo servi\u00e7o ap\u00f3s \u00c1gua Branca, o que demonstra a import\u00e2ncia do munic\u00edpio para a execu\u00e7\u00e3o do projeto ferrovi\u00e1rio.<\/p>\n\n\n\n<p>O acordo assinado entre o secret\u00e1rio de Parcerias em Investimentos, Rafael Benini, e o prefeito Jos\u00e9 Roberto da Silva, autoriza o estado a utilizar \u00e1reas municipais para realizar obras de amplia\u00e7\u00e3o e melhorias nas esta\u00e7\u00f5es, al\u00e9m da implanta\u00e7\u00e3o de trilhos.<\/p>\n\n\n\n<p>O conv\u00eanio tem validade de cinco anos e concede ao estado uma permiss\u00e3o \u201cirrevog\u00e1vel e irretrat\u00e1vel\u201d para executar interven\u00e7\u00f5es em \u00e1reas de Carapicu\u00edba, tanto de forma direta quanto indireta.<\/p>\n\n\n\n<h2 class=\"wp-block-heading\">Estrutura do projeto<\/h2>\n\n\n\n<p>O TIC Eixo Oeste, tamb\u00e9m conhecido internamente como &#8220;PPP TIC Sorocaba&#8221;, prev\u00ea a constru\u00e7\u00e3o de aproximadamente 100 quil\u00f4metros de extens\u00e3o entre S\u00e3o Paulo e Sorocaba. O tempo estimado de viagem entre as duas cidades \u00e9 de cerca de uma hora, e os investimentos totais do projeto est\u00e3o or\u00e7ados em R$ 11,9 bilh\u00f5es.&nbsp;<\/p>\n\n\n\n<p>Al\u00e9m do projeto TIC Eixo Oeste, houve uma atualiza\u00e7\u00e3o no sistema de pagamento nas linhas 8-Diamante e 9-Esmeralda em S\u00e3o Paulo. Desde o \u00faltimo domingo, os passageiros podem pagar a tarifa diretamente nas catracas utilizando cart\u00f5es de cr\u00e9dito, d\u00e9bito ou smartphones. O novo sistema aceita pagamentos por aproxima\u00e7\u00e3o, facilitando o acesso aos trens.<\/p>\n\n\n\n<p>As catracas agora aceitam as principais bandeiras do mercado, incluindo cart\u00f5es Elo, Mastercard e Visa. A recomenda\u00e7\u00e3o para os usu\u00e1rios \u00e9 retirar o cart\u00e3o da bolsa ou carteira ao aproxim\u00e1-lo do leitor, para evitar falhas ou cobran\u00e7as indevidas.&nbsp;<\/p>\n","protected":false},"excerpt":{"rendered":"<p>O Governo de S\u00e3o Paulo firmou um conv\u00eanio com uma prefeitura para viabilizar a implanta\u00e7\u00e3o do projeto TIC Eixo Oeste, que tem como objetivo ligar a esta\u00e7\u00e3o \u00c1gua Branca, na capital paulista, a Sorocaba. Com essa parceria, Carapicu\u00edba ser\u00e1 a primeira cidade a receber uma esta\u00e7\u00e3o do novo servi\u00e7o ap\u00f3s \u00c1gua Branca, o que demonstra [&hellip;]<\/p>\n","protected":false},"author":4,"featured_media":23501,"comment_status":"open","ping_status":"open","sticky":false,"template":"","format":"standard","meta":{"jnews-multi-image_gallery":[],"jnews_single_post":{"format":"standard"},"jnews_primary_category":[],"jnews_social_meta":[],"jnews_post_split":[],"footnotes":""},"categories":[1],"tags":[],"class_list":["post-23500","post","type-post","status-publish","format-standard","has-post-thumbnail","hentry","category-variedades"],"_links":{"self":[{"href":"https:\/\/diariodaregiao.audiencelabs.com.br\/wp-json\/wp\/v2\/posts\/23500","targetHints":{"allow":["GET"]}}],"collection":[{"href":"https:\/\/diariodaregiao.audiencelabs.com.br\/wp-json\/wp\/v2\/posts"}],"about":[{"href":"https:\/\/diariodaregiao.audiencelabs.com.br\/wp-json\/wp\/v2\/types\/post"}],"author":[{"embeddable":true,"href":"https:\/\/diariodaregiao.audiencelabs.com.br\/wp-json\/wp\/v2\/users\/4"}],"replies":[{"embeddable":true,"href":"https:\/\/diariodaregiao.audiencelabs.com.br\/wp-json\/wp\/v2\/comments?post=23500"}],"version-history":[{"count":2,"href":"https:\/\/diariodaregiao.audiencelabs.com.br\/wp-json\/wp\/v2\/posts\/23500\/revisions"}],"predecessor-version":[{"id":23536,"href":"https:\/\/diariodaregiao.audiencelabs.com.br\/wp-json\/wp\/v2\/posts\/23500\/revisions\/23536"}],"wp:featuredmedia":[{"embeddable":true,"href":"https:\/\/diariodaregiao.audiencelabs.com.br\/wp-json\/wp\/v2\/media\/23501"}],"wp:attachment":[{"href":"https:\/\/diariodaregiao.audiencelabs.com.br\/wp-json\/wp\/v2\/media?parent=23500"}],"wp:term":[{"taxonomy":"category","embeddable":true,"href":"https:\/\/diariodaregiao.audiencelabs.com.br\/wp-json\/wp\/v2\/categories?post=23500"},{"taxonomy":"post_tag","embeddable":true,"href":"https:\/\/diariodaregiao.audiencelabs.com.br\/wp-json\/wp\/v2\/tags?post=23500"}],"curies":[{"name":"wp","href":"https:\/\/api.w.org\/{rel}","templated":true}]}}