{"id":23516,"date":"2026-05-01T11:20:00","date_gmt":"2026-05-01T14:20:00","guid":{"rendered":"https:\/\/diariodaregiao.audiencelabs.com.br\/?p=23516"},"modified":"2026-05-01T13:32:43","modified_gmt":"2026-05-01T16:32:43","slug":"fabrica-milionaria-fecha-as-portas-na-argentina-e-vai-vir-para-o-brasil","status":"publish","type":"post","link":"https:\/\/diariodaregiao.audiencelabs.com.br\/fabrica-milionaria-fecha-as-portas-na-argentina-e-vai-vir-para-o-brasil\/","title":{"rendered":"F\u00e1brica milion\u00e1ria fecha as portas na Argentina e vai vir para o Brasil"},"content":{"rendered":"\n<p>Uma multinacional anunciou a transfer\u00eancia de sua produ\u00e7\u00e3o de lavadoras da f\u00e1brica localizada em Pilar, na Argentina, para sua unidade em Rio Claro, S\u00e3o Paulo. Essa mudan\u00e7a foi oficializada recentemente e representa um importante movimento estrat\u00e9gico para a companhia, consolidando o complexo de Rio Claro como o principal centro de manufatura do grupo para a Am\u00e9rica do Sul.<\/p>\n\n\n\n<p>Para viabilizar a transfer\u00eancia, a opera\u00e7\u00e3o brasileira comprou ativos da filial argentina por US$ 36,7 milh\u00f5es (cerca de R$ 194,1 milh\u00f5es). O governo de S\u00e3o Paulo tamb\u00e9m apoia com incentivos fiscais, como a redu\u00e7\u00e3o do ICMS para 7% na fabrica\u00e7\u00e3o de eletrodom\u00e9sticos.<\/p>\n\n\n\n<h2 class=\"wp-block-heading\">Cen\u00e1rio na Argentina<\/h2>\n\n\n\n<p>A unidade da Whirlpool de Pilar, inaugurada em outubro de 2022 com um investimento de US$ 52 milh\u00f5es, foi projetada para operar em um ambiente de economia protegida, com a expectativa de produzir 300 mil m\u00e1quinas de lavar anualmente.<\/p>\n\n\n\n<p>No entanto, a situa\u00e7\u00e3o mudou drasticamente a partir do final de 2023, quando o governo argentino decidiu reduzir o imposto de importa\u00e7\u00e3o de eletrodom\u00e9sticos, permitindo uma maior entrada de produtos asi\u00e1ticos no mercado.<\/p>\n\n\n\n<p>Com a redu\u00e7\u00e3o do imposto, as importa\u00e7\u00f5es de m\u00e1quinas de lavar na Argentina saltaram de 5 mil para 87 mil unidades mensais, prejudicando a produ\u00e7\u00e3o local, que caiu de 600 para 400 unidades di\u00e1rias antes do fechamento. A filial agora atuar\u00e1 apenas como importadora e distribuidora, com cerca de 100 a 120 funcion\u00e1rios.<\/p>\n\n\n\n<p>A transfer\u00eancia da produ\u00e7\u00e3o para o Brasil ocorre em um cen\u00e1rio desafiador, com a taxa Selic elevada a 14,75% ao ano, encarecendo o cr\u00e9dito e impactando o varejo de eletrodom\u00e9sticos. Apesar disso, Gustavo Ambar, diretor-geral da Whirlpool no Brasil, destacou que o mercado de trabalho aquecido e o aumento da renda m\u00e9dia podem compensar os juros altos.<\/p>\n\n\n\n<p>A empresa espera que essas condi\u00e7\u00f5es permitam um crescimento nas vendas e sustentem a opera\u00e7\u00e3o em 2026, com um c\u00e2mbio projetado de R$ 5,50 por d\u00f3lar, facilitando a importa\u00e7\u00e3o de insumos.<\/p>\n","protected":false},"excerpt":{"rendered":"<p>Uma multinacional anunciou a transfer\u00eancia de sua produ\u00e7\u00e3o de lavadoras da f\u00e1brica localizada em Pilar, na Argentina, para sua unidade em Rio Claro, S\u00e3o Paulo. Essa mudan\u00e7a foi oficializada recentemente e representa um importante movimento estrat\u00e9gico para a companhia, consolidando o complexo de Rio Claro como o principal centro de manufatura do grupo para a [&hellip;]<\/p>\n","protected":false},"author":4,"featured_media":23517,"comment_status":"open","ping_status":"open","sticky":false,"template":"","format":"standard","meta":{"jnews-multi-image_gallery":[],"jnews_single_post":{"format":"standard"},"jnews_primary_category":[],"jnews_social_meta":[],"jnews_post_split":[],"footnotes":""},"categories":[1],"tags":[],"class_list":["post-23516","post","type-post","status-publish","format-standard","has-post-thumbnail","hentry","category-variedades"],"_links":{"self":[{"href":"https:\/\/diariodaregiao.audiencelabs.com.br\/wp-json\/wp\/v2\/posts\/23516","targetHints":{"allow":["GET"]}}],"collection":[{"href":"https:\/\/diariodaregiao.audiencelabs.com.br\/wp-json\/wp\/v2\/posts"}],"about":[{"href":"https:\/\/diariodaregiao.audiencelabs.com.br\/wp-json\/wp\/v2\/types\/post"}],"author":[{"embeddable":true,"href":"https:\/\/diariodaregiao.audiencelabs.com.br\/wp-json\/wp\/v2\/users\/4"}],"replies":[{"embeddable":true,"href":"https:\/\/diariodaregiao.audiencelabs.com.br\/wp-json\/wp\/v2\/comments?post=23516"}],"version-history":[{"count":2,"href":"https:\/\/diariodaregiao.audiencelabs.com.br\/wp-json\/wp\/v2\/posts\/23516\/revisions"}],"predecessor-version":[{"id":24183,"href":"https:\/\/diariodaregiao.audiencelabs.com.br\/wp-json\/wp\/v2\/posts\/23516\/revisions\/24183"}],"wp:featuredmedia":[{"embeddable":true,"href":"https:\/\/diariodaregiao.audiencelabs.com.br\/wp-json\/wp\/v2\/media\/23517"}],"wp:attachment":[{"href":"https:\/\/diariodaregiao.audiencelabs.com.br\/wp-json\/wp\/v2\/media?parent=23516"}],"wp:term":[{"taxonomy":"category","embeddable":true,"href":"https:\/\/diariodaregiao.audiencelabs.com.br\/wp-json\/wp\/v2\/categories?post=23516"},{"taxonomy":"post_tag","embeddable":true,"href":"https:\/\/diariodaregiao.audiencelabs.com.br\/wp-json\/wp\/v2\/tags?post=23516"}],"curies":[{"name":"wp","href":"https:\/\/api.w.org\/{rel}","templated":true}]}}