{"id":23537,"date":"2026-04-27T08:28:00","date_gmt":"2026-04-27T11:28:00","guid":{"rendered":"https:\/\/diariodaregiao.audiencelabs.com.br\/?p=23537"},"modified":"2026-04-26T17:52:27","modified_gmt":"2026-04-26T20:52:27","slug":"brasileiros-vao-pagar-mais-caro-na-conta-de-luz-de-maio-pela-falta-de-chuvas","status":"publish","type":"post","link":"https:\/\/diariodaregiao.audiencelabs.com.br\/brasileiros-vao-pagar-mais-caro-na-conta-de-luz-de-maio-pela-falta-de-chuvas\/","title":{"rendered":"Brasileiros v\u00e3o pagar mais caro na conta de luz de maio pela falta de chuvas"},"content":{"rendered":"\n<p>A chegada de um novo m\u00eas costuma trazer ajustes que passam despercebidos no dia a dia, no entanto, desta vez, uma mudan\u00e7a espec\u00edfica promete impactar diretamente o bolso de milh\u00f5es de brasileiros. Trata-se de uma altera\u00e7\u00e3o que n\u00e3o depende da escolha do consumidor, mas sim de condi\u00e7\u00f5es naturais que acabam influenciando todo o sistema.<\/p>\n\n\n\n<p>A partir de maio, justamente, os consumidores ter\u00e3o um custo adicional na conta de luz ap\u00f3s decis\u00e3o da Ag\u00eancia Nacional de Energia El\u00e9trica (Aneel). A bandeira tarif\u00e1ria definida para o per\u00edodo ser\u00e1 a amarela, o que significa cobran\u00e7a extra sobre o consumo de energia el\u00e9trica.<\/p>\n\n\n\n<h2 class=\"wp-block-heading\">Entenda o motivo da mudan\u00e7a na tarifa<\/h2>\n\n\n\n<p>A defini\u00e7\u00e3o da bandeira ocorre por conta da redu\u00e7\u00e3o no volume de chuvas registrada nos \u00faltimos meses, o que impacta diretamente a gera\u00e7\u00e3o de energia no pa\u00eds. No entanto, esse cen\u00e1rio j\u00e1 era esperado por marcar a transi\u00e7\u00e3o entre o per\u00edodo chuvoso e a esta\u00e7\u00e3o seca.<\/p>\n\n\n\n<p>Com menos \u00e1gua nos reservat\u00f3rios, justamente, h\u00e1 necessidade de acionar usinas que possuem custo de produ\u00e7\u00e3o mais elevado. Isso faz com que o valor da energia aumente, refletindo diretamente nas tarifas cobradas dos consumidores em todo o Brasil.<\/p>\n\n\n\n<p>Entre janeiro e abril, at\u00e9 mesmo, o cen\u00e1rio era mais favor\u00e1vel, permitindo a manuten\u00e7\u00e3o da bandeira verde. Nesse per\u00edodo, n\u00e3o havia cobran\u00e7a adicional na conta de luz, j\u00e1 que as condi\u00e7\u00f5es de gera\u00e7\u00e3o eram consideradas ideais.<\/p>\n\n\n\n<figure class=\"wp-block-image size-large\"><img loading=\"lazy\" decoding=\"async\" width=\"1024\" height=\"683\" src=\"https:\/\/diariodaregiao.audiencelabs.com.br\/wp-content\/uploads\/2026\/04\/1781-1-1-1024x683.jpg\" alt=\"\" class=\"wp-image-23539\" srcset=\"https:\/\/diariodaregiao.audiencelabs.com.br\/wp-content\/uploads\/2026\/04\/1781-1-1-1024x683.jpg 1024w, https:\/\/diariodaregiao.audiencelabs.com.br\/wp-content\/uploads\/2026\/04\/1781-1-1-300x200.jpg 300w, https:\/\/diariodaregiao.audiencelabs.com.br\/wp-content\/uploads\/2026\/04\/1781-1-1-768x512.jpg 768w, https:\/\/diariodaregiao.audiencelabs.com.br\/wp-content\/uploads\/2026\/04\/1781-1-1-750x500.jpg 750w, https:\/\/diariodaregiao.audiencelabs.com.br\/wp-content\/uploads\/2026\/04\/1781-1-1-1140x760.jpg 1140w, https:\/\/diariodaregiao.audiencelabs.com.br\/wp-content\/uploads\/2026\/04\/1781-1-1.jpg 1200w\" sizes=\"auto, (max-width: 1024px) 100vw, 1024px\" \/><figcaption class=\"wp-element-caption\">Cr\u00e9ditos: Freepik<\/figcaption><\/figure>\n\n\n\n<h2 class=\"wp-block-heading\">Quanto ser\u00e1 cobrado a mais na conta de luz<\/h2>\n\n\n\n<p>Com a entrada da bandeira amarela, os brasileiros passar\u00e3o a pagar um acr\u00e9scimo de R$ 1,88 a cada 100 kWh consumidos. Esse valor pode parecer pequeno \u00e0 primeira vista, no entanto, ele se torna percept\u00edvel dependendo do n\u00edvel de consumo da resid\u00eancia.<\/p>\n\n\n\n<p>Em uma casa com consumo m\u00e9dio de 187 kWh, justamente, o impacto mensal ser\u00e1 de aproximadamente R$ 3,52. Apesar de n\u00e3o ser um aumento elevado isoladamente, ele representa uma mudan\u00e7a em rela\u00e7\u00e3o aos meses anteriores sem cobran\u00e7a extra.<\/p>\n\n\n\n<p>Esse sistema de bandeiras tarif\u00e1rias funciona como uma forma de sinalizar ao consumidor o custo real da gera\u00e7\u00e3o de energia. At\u00e9 mesmo quem n\u00e3o acompanha o setor consegue entender quando a energia est\u00e1 mais cara ou mais barata.<\/p>\n\n\n\n<figure class=\"wp-block-image size-large\"><img loading=\"lazy\" decoding=\"async\" width=\"1024\" height=\"680\" src=\"https:\/\/diariodaregiao.audiencelabs.com.br\/wp-content\/uploads\/2026\/04\/453-2-1024x680.jpg\" alt=\"\" class=\"wp-image-23538\" srcset=\"https:\/\/diariodaregiao.audiencelabs.com.br\/wp-content\/uploads\/2026\/04\/453-2-1024x680.jpg 1024w, https:\/\/diariodaregiao.audiencelabs.com.br\/wp-content\/uploads\/2026\/04\/453-2-300x199.jpg 300w, https:\/\/diariodaregiao.audiencelabs.com.br\/wp-content\/uploads\/2026\/04\/453-2-768x510.jpg 768w, https:\/\/diariodaregiao.audiencelabs.com.br\/wp-content\/uploads\/2026\/04\/453-2-750x498.jpg 750w, https:\/\/diariodaregiao.audiencelabs.com.br\/wp-content\/uploads\/2026\/04\/453-2-1140x757.jpg 1140w, https:\/\/diariodaregiao.audiencelabs.com.br\/wp-content\/uploads\/2026\/04\/453-2.jpg 1200w\" sizes=\"auto, (max-width: 1024px) 100vw, 1024px\" \/><figcaption class=\"wp-element-caption\">Cr\u00e9ditos: Freepik<\/figcaption><\/figure>\n\n\n\n<h2 class=\"wp-block-heading\">Como funcionam as bandeiras tarif\u00e1rias<\/h2>\n\n\n\n<p>O modelo adotado no Brasil divide as tarifas em diferentes cores, indicando as condi\u00e7\u00f5es de gera\u00e7\u00e3o de energia no pa\u00eds. No entanto, cada uma delas representa um n\u00edvel diferente de custo, o que influencia diretamente o valor final da conta.<\/p>\n\n\n\n<p>A bandeira verde indica condi\u00e7\u00f5es favor\u00e1veis, sem qualquer cobran\u00e7a adicional ao consumidor. J\u00e1 a bandeira amarela sinaliza um cen\u00e1rio menos favor\u00e1vel, com a aplica\u00e7\u00e3o de uma taxa extra sobre o consumo.<\/p>\n\n\n\n<p>Quando a situa\u00e7\u00e3o se torna mais cr\u00edtica, justamente, entram em vigor as bandeiras vermelhas em dois patamares. O primeiro j\u00e1 representa um custo mais alto, enquanto o segundo indica um cen\u00e1rio ainda mais caro para gera\u00e7\u00e3o de energia.<\/p>\n\n\n\n<p>Diante dessa mudan\u00e7a para maio, a orienta\u00e7\u00e3o da Ag\u00eancia Nacional de Energia El\u00e9trica \u00e9 que os consumidores redobrem a aten\u00e7\u00e3o ao uso de energia. No entanto, pequenas atitudes no dia a dia podem ajudar a reduzir o impacto no valor final da conta.<\/p>\n\n\n\n<p>Mesmo com o aumento relativamente moderado, at\u00e9 mesmo ajustes simples no consumo podem fazer diferen\u00e7a ao longo do m\u00eas. A expectativa \u00e9 que o cen\u00e1rio continue sendo monitorado, principalmente por conta das condi\u00e7\u00f5es clim\u00e1ticas que influenciam diretamente o sistema energ\u00e9tico.<\/p>\n","protected":false},"excerpt":{"rendered":"<p>A chegada de um novo m\u00eas costuma trazer ajustes que passam despercebidos no dia a dia, no entanto, desta vez, uma mudan\u00e7a espec\u00edfica promete impactar diretamente o bolso de milh\u00f5es de brasileiros. Trata-se de uma altera\u00e7\u00e3o que n\u00e3o depende da escolha do consumidor, mas sim de condi\u00e7\u00f5es naturais que acabam influenciando todo o sistema. A [&hellip;]<\/p>\n","protected":false},"author":10,"featured_media":23540,"comment_status":"open","ping_status":"open","sticky":false,"template":"","format":"standard","meta":{"jnews-multi-image_gallery":[],"jnews_single_post":{"format":"standard"},"jnews_primary_category":[],"jnews_social_meta":[],"jnews_post_split":[],"footnotes":""},"categories":[1],"tags":[],"class_list":["post-23537","post","type-post","status-publish","format-standard","has-post-thumbnail","hentry","category-variedades"],"_links":{"self":[{"href":"https:\/\/diariodaregiao.audiencelabs.com.br\/wp-json\/wp\/v2\/posts\/23537","targetHints":{"allow":["GET"]}}],"collection":[{"href":"https:\/\/diariodaregiao.audiencelabs.com.br\/wp-json\/wp\/v2\/posts"}],"about":[{"href":"https:\/\/diariodaregiao.audiencelabs.com.br\/wp-json\/wp\/v2\/types\/post"}],"author":[{"embeddable":true,"href":"https:\/\/diariodaregiao.audiencelabs.com.br\/wp-json\/wp\/v2\/users\/10"}],"replies":[{"embeddable":true,"href":"https:\/\/diariodaregiao.audiencelabs.com.br\/wp-json\/wp\/v2\/comments?post=23537"}],"version-history":[{"count":1,"href":"https:\/\/diariodaregiao.audiencelabs.com.br\/wp-json\/wp\/v2\/posts\/23537\/revisions"}],"predecessor-version":[{"id":23541,"href":"https:\/\/diariodaregiao.audiencelabs.com.br\/wp-json\/wp\/v2\/posts\/23537\/revisions\/23541"}],"wp:featuredmedia":[{"embeddable":true,"href":"https:\/\/diariodaregiao.audiencelabs.com.br\/wp-json\/wp\/v2\/media\/23540"}],"wp:attachment":[{"href":"https:\/\/diariodaregiao.audiencelabs.com.br\/wp-json\/wp\/v2\/media?parent=23537"}],"wp:term":[{"taxonomy":"category","embeddable":true,"href":"https:\/\/diariodaregiao.audiencelabs.com.br\/wp-json\/wp\/v2\/categories?post=23537"},{"taxonomy":"post_tag","embeddable":true,"href":"https:\/\/diariodaregiao.audiencelabs.com.br\/wp-json\/wp\/v2\/tags?post=23537"}],"curies":[{"name":"wp","href":"https:\/\/api.w.org\/{rel}","templated":true}]}}