{"id":2354,"date":"2025-11-21T19:40:00","date_gmt":"2025-11-21T22:40:00","guid":{"rendered":"https:\/\/diariodaregiao.audiencelabs.com.br\/?p=2354"},"modified":"2025-11-21T17:55:12","modified_gmt":"2025-11-21T20:55:12","slug":"nova-profissao-pode-ganhar-a-aposentadoria-especial-e-comecar-a-descansar-mais-cedo","status":"publish","type":"post","link":"https:\/\/diariodaregiao.audiencelabs.com.br\/nova-profissao-pode-ganhar-a-aposentadoria-especial-e-comecar-a-descansar-mais-cedo\/","title":{"rendered":"Nova profiss\u00e3o pode ganhar a aposentadoria especial e come\u00e7ar a descansar mais cedo"},"content":{"rendered":"\n<p>O Senado Federal do Brasil decidir\u00e1 sobre um projeto de lei que busca regulamentar a aposentadoria especial para agentes comunit\u00e1rios de sa\u00fade e agentes de combate \u00e0s endemias, na pr\u00f3xima ter\u00e7a-feira, 25 de novembro de 2025. Proposto pelo senador Veneziano Vital do R\u00eago, o Projeto de Lei Complementar (PLP) n\u00ba 185\/2024 visa solucionar um problema antigo dessas categorias, essenciais ao funcionamento do Sistema \u00danico de Sa\u00fade (SUS). <\/p>\n\n\n\n<p>Essa decis\u00e3o ocorre em um cen\u00e1rio onde esses profissionais t\u00eam um papel crucial, especialmente em regi\u00f5es mais carentes do pa\u00eds. Agentes comunit\u00e1rios de sa\u00fade e de combate \u00e0s endemias desempenham um papel fundamental, atendendo diretamente \u00e0s \u00e1reas perif\u00e9ricas do Brasil. <\/p>\n\n\n\n<p>Eles garantem acesso \u00e0 sa\u00fade b\u00e1sica, enfrentando diversos desafios di\u00e1rios, como longas caminhadas sob condi\u00e7\u00f5es clim\u00e1ticas adversas. A aposentadoria especial proposta trar\u00e1 integralidade e paridade aos proventos, permitindo que se aposentem a partir de 55 anos, desde que comprovado o tempo de servi\u00e7o necess\u00e1rio.<\/p>\n\n\n\n<h2 class=\"wp-block-heading\">Implica\u00e7\u00f5es da Ado\u00e7\u00e3o do Projeto<\/h2>\n\n\n\n<p>O PLP 185\/2024, se aprovado, representar\u00e1 uma importante mudan\u00e7a, beneficiando cerca de 402 mil agentes em atividade no Brasil. A medida tem por objetivo reconhecer a import\u00e2ncia desses profissionais, oferecendo estabilidade e valorizando sua contribui\u00e7\u00e3o no sistema de sa\u00fade. <\/p>\n\n\n\n<p>O projeto de lei, alinhado \u00e0s reformas previdenci\u00e1rias vigentes, inclui regras de transi\u00e7\u00e3o e determina que estados e munic\u00edpios regularizem os v\u00ednculos empregat\u00edcios at\u00e9 2028.<\/p>\n\n\n\n<figure class=\"wp-block-image size-full\"><img decoding=\"async\" src=\"https:\/\/diariodaregiao.audiencelabs.com.br\/wp-content\/uploads\/2025\/11\/Aposentadoria-especial.jpg\" alt=\"\" class=\"wp-image-2364\"\/><figcaption class=\"wp-element-caption\">Cr\u00e9ditos: Reprodu\u00e7\u00e3o<\/figcaption><\/figure>\n\n\n\n<h2 class=\"wp-block-heading\">O Caminho do Projeto no Congresso<\/h2>\n\n\n<style>@media (min-width: 992px) {\n    .recomendadorV2Area1 {\n        width: 280px;\n    }\n    .recomendadorV2Area2 {\n        padding: 0px 20px;\n        width: calc(100% - 280px);\n    }\n}\n\n@media (max-width: 992px) {\n    .recomendadorV2Button {\n        margin: 0 auto;\n    }\n    .recomendadorV2Area {\n        flex-direction: column;\n        text-align: center;\n    }\n    .recomendadorV2Area2 {\n        padding: 0px 20px;\n    }\n}\n\n.recomendadorV2Area {\n    background: #eeeeee3d;\n    border-radius: 10px;\n    padding: 15px;\n    display: flex;\n    margin: 15px auto;\n    border: 1px solid #00000014;\n    max-width: 800px;\n}\n\n.recomendadorV2Area1 img {\n    width: 280px;\n    height: auto;\n    border-radius: 8px;\n}\n\n.linkrecomendadorv2 {\n    text-decoration: none !important;\n}\n\n.recomendadorV2Area2 .recomendadorV2Type {\n    text-transform: uppercase;\n    font-weight: 500;\n    font-size: 11px;\n    letter-spacing: 2px;\n    color: #666;\n    margin: 12px 0;\n    display: block;\n}\n\n.recomendadorV2Title h2 {\n    padding-top: 0px !important;\n    margin: 0px !important;\n    border-left: none !important;\n    padding-left: 0px !important;\n    line-height: 1.3;\n    color: #000 !important;\n    font-size: 24px;\n    margin-bottom: 12px !important;\n}\n\n.recomendadorV2Desc {\n    color: #333;\n    margin: 12px 0px !important;\n    font-size: 15px;\n    line-height: 1.5;\n}\n\n.recomendadorV2Button {\n    width: auto;\n    max-width: 200px;\n    margin: 0;\n    display: inline-flex;\n    align-items: center;\n    background: #1D3557;\n    border-radius: 8px;\n    color: #fff;\n    height: 36px;\n    justify-content: center;\n    text-align: center;\n    font-size: 14px;\n    padding: 0 20px;\n    transition: background-color 0.2s ease;\n}\n\n.recomendadorV2Button:hover {\n    background: #2a4d7a;\n}\n\n.recomendadorV2Button:after {\n    margin-top: -2px;\n    content: \"\u2192\";\n    padding: 0px 0px 0px 8px;\n}\n\n.recomendadorV2Alert {\n    text-align: left;\n    font-size: 11px;\n    margin-top: 8px;\n    color: #666;\n}\n\n.recomendadorFixedArea {\n    width: 100%;\n    display: flex;\n    justify-content: center;\n    align-items: center;\n}\n\n@media (min-width: 992px) {\n    #recomendadorFixed {\n        width: 32% !important;\n        left: 5%;\n    }\n    .recomendadorCloseFixed{\n        right: inherit !important;\n        left: 378px !important;\n    }\n}\n\n#recomendadorFixed {\n    width: 90%;\n    box-shadow: 0 10px 20px 0px #00000057;\n    display: none;\n    height: 90px;\n    background: #F6F6F6;\n    position: fixed;\n    flex-direction: row;\n    bottom: 10px;\n    z-index: 9999;\n    border-radius: 16px;\n    padding: 7px 10px;\n}\n\n.recomendadorLeftArea {\n    width: 160px;\n}\n\n.recomendadorRightArea h2 {\n    padding-top: 0px;\n    margin: 2px 0px 4px 0px !important;\n    font-weight: 400;\n    text-align: center;\n    padding-left: 0px !important;\n    color: #000 !important;\n    border-left: none !important;\n    line-height: 20px;\n    font-size: 12px !important;\n}\n\n.recomendadorImgFixed {\n    overflow: hidden;\n    padding: 8px 6px;\n    height: 100%;\n}\n\n.recomendadorImgFixed img {\n    height: 100% !important;\n    border-radius: 16px;\n}\n\n.recomendadorRightArea {\n    padding-top: 6px;\n    display: flex;\n    width: calc(100% - 130px);\n    justify-content: space-between;\n    align-items: center;\n    flex-direction: column;\n}\n\n.recomendadorButtonFixed {\n    margin: 0 auto;\n    background: #1D3557;\n    width: 80%;\n    text-align: center;\n    font-size: 10px;\n    color: #FFF;\n    padding: 2px 10px;\n    border-radius: 3px;\n}\n\n.recomendadorButtonFixed:after {\n    margin-top: -3px;\n    content: \"\u2192\";\n    padding: 0px 0px 0px 10px;\n}\n\n.recomendadorAlertFixed {\n    font-weight: 400;\n    text-align: center;\n    color: #484848;\n    font-size: 8px;\n}\n\n.recomendadorCloseFixed {\n    z-index: 99999;\n    display: none;\n    right: 0px;\n    left: inherit;\n    bottom: 99px;\n    position: fixed;\n    justify-content: center;\n    background: #F6F6F6;\n    width: 25px;\n    align-items: center;\n    height: 25px;\n    font-weight: 800;\n    border-radius: 50%;\n    border: 1px solid #EBEBEB;\n}\n\n.recomendadorV2Desc{\n    color: #000000;\n    margin: 20px 0px;\n}\n\n@media (max-width: 576px) {\n    .recomendadorV2Area {\n      padding: 10px;\n      max-width: 100%;\n    }\n  \n    .recomendadorV2Area1 img {\n      width: 100%;\n      border-radius: 6px;\n    }\n  \n    .recomendadorV2Area2 .recomendadorV2Type {\n      font-size: 9px;\n      letter-spacing: 1px;\n      margin: 8px 0;\n    }\n  \n    .recomendadorV2Title h2 {\n      font-size: 18px !important;\n      margin-bottom: 8px !important;\n      line-height: 1.2;\n    }\n  \n    .recomendadorV2Desc {\n      font-size: 14px;\n      margin: 8px 0 !important;\n      line-height: 1.4;\n    }\n  \n    .recomendadorV2Button {\n      font-size: 12px;\n      height: 30px;\n      padding: 0 12px;\n      max-width: 160px;\n    }\n  \n    .recomendadorV2Button:after {\n      padding-left: 6px;\n    }\n  }\n  <\/style>\n        <div class=\"lazyblock-recomendador-v2-2jDGz wp-block-lazyblock-recomendador-v2\">\n        <a class=\"linkrecomendadorv2\" href=\"https:\/\/diariodaregiao.com.br\/variedades\/nova-regra-do-governo-vai-cortar-50-do-pis-pasep-dos-trabalhadores\/?utm_source=lazy\" target=\"_blank\" rel=\"noopener\">\n            <div class=\"recomendadorV2Area\">\n            <div class=\"recomendadorV2Area1\">\n                <div class=\"recomendadorV2Img\">\n                <img class=\"lazyloaded\" decoding=\"async\" src=\"https:\/\/diariodaregiao.com.br\/variedades\/wp-content\/uploads\/2025\/11\/varias-pessoas-participando-de-protestos_11zon-scaled.jpg\" data-src=\"https:\/\/diariodaregiao.com.br\/variedades\/wp-content\/uploads\/2025\/11\/varias-pessoas-participando-de-protestos_11zon-scaled.jpg\" alt=\"\">\n                <\/div>\n            <\/div>\n            <div class=\"recomendadorV2Area2\">\n                <div class=\"recomendadorV2Type\">\n                    <span>DR Variedades<\/span>\n                <\/div>\n                <div class=\"recomendadorV2Title\">\n                <h2><span>Corte no PIS\/Pasep \u26a0\ufe0f<\/span><\/h2>\n                <\/div>\n                <div class=\"recomendadorV2Desc\">\n                <span>Nova regra reduz 50% do benef\u00edcio<\/span>\n                <\/div>\n                <div class=\"recomendadorV2Button\">Leia agora<\/div>\n                <div class=\"recomendadorV2Alert\"><\/div>\n            <\/div>\n            <\/div>\n        <\/a>\n        <div>\n            <div style=\"z-index:99999;\" id=\"buttonClose\" onclick=\"closeRecomendadorFixed()\">\n            <div class=\"recomendadorCloseFixed\">X<\/div>\n            <\/div>\n            <a href=\"https:\/\/diariodaregiao.com.br\/variedades\/nova-regra-do-governo-vai-cortar-50-do-pis-pasep-dos-trabalhadores\/?utm_source=lazy\" target=\"_blank\" rel=\"noopener\">\n            <div class=\"recomendadorFixedArea\">\n                <div id=\"recomendadorFixed\">\n                <div class=\"recomendadorLeftArea\">\n                    <div class=\"recomendadorImgFixed\">\n                    <img class=\"lazyload\" decoding=\"async\" src=\"https:\/\/diariodaregiao.com.br\/variedades\/wp-content\/uploads\/2025\/11\/varias-pessoas-participando-de-protestos_11zon-scaled.jpg\" alt=\"\">\n                    <\/div>\n                <\/div>\n                <div class=\"recomendadorRightArea\">\n                    <div class=\"recomendadorTitleFixed\">\n                    <h2><span>Corte no PIS\/Pasep \u26a0\ufe0f<\/span><\/h2>\n                    <\/div>\n                    <div class=\"recomendadorButtonFixed\">Leia agora<\/div>\n                    <div class=\"recomendadorAlertFixed\"><\/div>\n                <\/div>\n                <\/div>\n            <\/div>\n            <\/a>\n        <\/div>\n        <\/div>\n\n\n\n<p>Com a vota\u00e7\u00e3o marcada para 25 de novembro de 2025, espera-se que o Senado aprove a proposta, permitindo que a mat\u00e9ria avance para a C\u00e2mara dos Deputados. A aprova\u00e7\u00e3o do PLP evidencia um compromisso renovado com a sa\u00fade b\u00e1sica e a justi\u00e7a social, elementos essenciais para refor\u00e7ar o cuidado \u00e0 sa\u00fade em comunidades vulner\u00e1veis.<\/p>\n\n\n\n<h2 class=\"wp-block-heading\">Expectativas e Pr\u00f3ximos Passos<\/h2>\n\n\n\n<p>A decis\u00e3o do Senado ser\u00e1 crucial para milhares de profissionais. A proposta, al\u00e9m de proporcionar reconhecimento e estabilidade, reflete a import\u00e2ncia dos agentes no combate a doen\u00e7as e na promo\u00e7\u00e3o de sa\u00fade p\u00fablica. Caso aprovada, a proposta seguir\u00e1 rapidamente para a an\u00e1lise da C\u00e2mara dos Deputados, completando mais uma etapa no processo legislativo.<\/p>\n","protected":false},"excerpt":{"rendered":"<p>O Senado Federal do Brasil decidir\u00e1 sobre um projeto de lei que busca regulamentar a aposentadoria especial para agentes comunit\u00e1rios de sa\u00fade e agentes de combate \u00e0s endemias, na pr\u00f3xima ter\u00e7a-feira, 25 de novembro de 2025. Proposto pelo senador Veneziano Vital do R\u00eago, o Projeto de Lei Complementar (PLP) n\u00ba 185\/2024 visa solucionar um problema [&hellip;]<\/p>\n","protected":false},"author":8,"featured_media":0,"comment_status":"open","ping_status":"open","sticky":false,"template":"","format":"standard","meta":{"jnews-multi-image_gallery":[],"jnews_single_post":{"format":"standard"},"jnews_primary_category":[],"jnews_social_meta":[],"jnews_post_split":[],"footnotes":""},"categories":[1],"tags":[],"class_list":["post-2354","post","type-post","status-publish","format-standard","hentry","category-variedades"],"_links":{"self":[{"href":"https:\/\/diariodaregiao.audiencelabs.com.br\/wp-json\/wp\/v2\/posts\/2354","targetHints":{"allow":["GET"]}}],"collection":[{"href":"https:\/\/diariodaregiao.audiencelabs.com.br\/wp-json\/wp\/v2\/posts"}],"about":[{"href":"https:\/\/diariodaregiao.audiencelabs.com.br\/wp-json\/wp\/v2\/types\/post"}],"author":[{"embeddable":true,"href":"https:\/\/diariodaregiao.audiencelabs.com.br\/wp-json\/wp\/v2\/users\/8"}],"replies":[{"embeddable":true,"href":"https:\/\/diariodaregiao.audiencelabs.com.br\/wp-json\/wp\/v2\/comments?post=2354"}],"version-history":[{"count":4,"href":"https:\/\/diariodaregiao.audiencelabs.com.br\/wp-json\/wp\/v2\/posts\/2354\/revisions"}],"predecessor-version":[{"id":4386,"href":"https:\/\/diariodaregiao.audiencelabs.com.br\/wp-json\/wp\/v2\/posts\/2354\/revisions\/4386"}],"wp:attachment":[{"href":"https:\/\/diariodaregiao.audiencelabs.com.br\/wp-json\/wp\/v2\/media?parent=2354"}],"wp:term":[{"taxonomy":"category","embeddable":true,"href":"https:\/\/diariodaregiao.audiencelabs.com.br\/wp-json\/wp\/v2\/categories?post=2354"},{"taxonomy":"post_tag","embeddable":true,"href":"https:\/\/diariodaregiao.audiencelabs.com.br\/wp-json\/wp\/v2\/tags?post=2354"}],"curies":[{"name":"wp","href":"https:\/\/api.w.org\/{rel}","templated":true}]}}