{"id":23542,"date":"2026-04-27T08:58:00","date_gmt":"2026-04-27T11:58:00","guid":{"rendered":"https:\/\/diariodaregiao.audiencelabs.com.br\/?p=23542"},"modified":"2026-04-26T22:46:31","modified_gmt":"2026-04-27T01:46:31","slug":"fifa-autoriza-ancelotti-a-mudar-os-convocados-do-brasil-apos-confirmar-lista-oficial","status":"publish","type":"post","link":"https:\/\/diariodaregiao.audiencelabs.com.br\/fifa-autoriza-ancelotti-a-mudar-os-convocados-do-brasil-apos-confirmar-lista-oficial\/","title":{"rendered":"FIFA autoriza Ancelotti a mudar os convocados do Brasil ap\u00f3s confirmar lista oficial"},"content":{"rendered":"\n<p>O planejamento para um dos momentos mais aguardados do futebol mundial j\u00e1 come\u00e7ou a ganhar forma, no entanto, ainda h\u00e1 detalhes importantes que podem mudar at\u00e9 os instantes finais. Justamente por isso, decis\u00f5es estrat\u00e9gicas seguem sendo tratadas com cautela nos bastidores, at\u00e9 mesmo quando parecem j\u00e1 definidas.<\/p>\n\n\n\n<p>A defini\u00e7\u00e3o envolve diretamente Carlo Ancelotti, anunciado como treinador da sele\u00e7\u00e3o brasileira em 12 de maio de 2025. O italiano, que assinou contrato at\u00e9 a Copa do Mundo de 2026, ter\u00e1 autonomia para lidar com poss\u00edveis mudan\u00e7as na lista final caso ocorram imprevistos, especialmente por les\u00f5es pr\u00f3ximas \u00e0 estreia.<\/p>\n\n\n\n<h2 class=\"wp-block-heading\">Convoca\u00e7\u00e3o ganha cen\u00e1rio diferente no Rio<\/h2>\n\n\n\n<p>A Confedera\u00e7\u00e3o Brasileira de Futebol decidiu alterar um ponto tradicional do processo de convoca\u00e7\u00e3o final. No entanto, ao inv\u00e9s da sede da entidade, o an\u00fancio dos 26 jogadores ser\u00e1 realizado no Museu do Amanh\u00e3, no centro do Rio de Janeiro, em um evento marcado para o dia 18 de maio, \u00e0s 17h.<\/p>\n\n\n\n<p>A escolha do local n\u00e3o foi por acaso, justamente por se tratar de um ponto tur\u00edstico com vista para a ba\u00eda de Guanabara. A ideia da CBF \u00e9 transformar o momento em uma celebra\u00e7\u00e3o do futebol brasileiro, unindo passado e presente da sele\u00e7\u00e3o mais vitoriosa das Copas do Mundo.<\/p>\n\n\n\n<p>Carlo Ancelotti, que chega com um curr\u00edculo de peso, ser\u00e1 o respons\u00e1vel por divulgar os nomes escolhidos. At\u00e9 mesmo com a lista definida, existe a possibilidade de altera\u00e7\u00f5es caso algum jogador sofra les\u00e3o antes da estreia, o que mant\u00e9m a expectativa at\u00e9 os \u00faltimos dias.<\/p>\n\n\n\n<figure class=\"wp-block-image size-large\"><img loading=\"lazy\" decoding=\"async\" width=\"1024\" height=\"684\" src=\"https:\/\/diariodaregiao.audiencelabs.com.br\/wp-content\/uploads\/2026\/04\/i-1-1024x684.jpg\" alt=\"\" class=\"wp-image-22413\" srcset=\"https:\/\/diariodaregiao.audiencelabs.com.br\/wp-content\/uploads\/2026\/04\/i-1-1024x684.jpg 1024w, https:\/\/diariodaregiao.audiencelabs.com.br\/wp-content\/uploads\/2026\/04\/i-1-300x200.jpg 300w, https:\/\/diariodaregiao.audiencelabs.com.br\/wp-content\/uploads\/2026\/04\/i-1-768x513.jpg 768w, https:\/\/diariodaregiao.audiencelabs.com.br\/wp-content\/uploads\/2026\/04\/i-1-750x501.jpg 750w, https:\/\/diariodaregiao.audiencelabs.com.br\/wp-content\/uploads\/2026\/04\/i-1-1140x761.jpg 1140w, https:\/\/diariodaregiao.audiencelabs.com.br\/wp-content\/uploads\/2026\/04\/i-1.jpg 1200w\" sizes=\"auto, (max-width: 1024px) 100vw, 1024px\" \/><figcaption class=\"wp-element-caption\">Cr\u00e9ditos: Divulga\u00e7\u00e3o\/CBF<\/figcaption><\/figure>\n\n\n\n<h2 class=\"wp-block-heading\">Prepara\u00e7\u00e3o da sele\u00e7\u00e3o j\u00e1 tem datas definidas<\/h2>\n\n\n\n<p>Ap\u00f3s a convoca\u00e7\u00e3o oficial, os atletas chamados ir\u00e3o se apresentar no dia 27 de maio na Granja Comary. No entanto, o per\u00edodo de prepara\u00e7\u00e3o ser\u00e1 curto, exigindo ajustes r\u00e1pidos por parte da comiss\u00e3o t\u00e9cnica comandada por Ancelotti.<\/p>\n\n\n\n<p>A despedida do Brasil acontecer\u00e1 no dia 31 de maio, em um amistoso contra o Panam\u00e1 no Maracan\u00e3. Justamente esse confronto servir\u00e1 como um dos \u00faltimos testes antes da viagem para os Estados Unidos, onde a equipe finalizar\u00e1 a prepara\u00e7\u00e3o.<\/p>\n\n\n\n<p>J\u00e1 em solo norte-americano, a sele\u00e7\u00e3o brasileira encara o Egito no dia 6 de junho, em Cleveland, no Huntington Bank Field. At\u00e9 mesmo com jogos preparat\u00f3rios, o foco principal seguir\u00e1 sendo a estreia na competi\u00e7\u00e3o mundial.<\/p>\n\n\n\n<figure class=\"wp-block-image size-large\"><img loading=\"lazy\" decoding=\"async\" width=\"1024\" height=\"613\" src=\"https:\/\/diariodaregiao.audiencelabs.com.br\/wp-content\/uploads\/2026\/03\/brasil_amistoso_senegal2025-1-1024x613.jpg\" alt=\"\" class=\"wp-image-19629\" srcset=\"https:\/\/diariodaregiao.audiencelabs.com.br\/wp-content\/uploads\/2026\/03\/brasil_amistoso_senegal2025-1-1024x613.jpg 1024w, https:\/\/diariodaregiao.audiencelabs.com.br\/wp-content\/uploads\/2026\/03\/brasil_amistoso_senegal2025-1-300x180.jpg 300w, https:\/\/diariodaregiao.audiencelabs.com.br\/wp-content\/uploads\/2026\/03\/brasil_amistoso_senegal2025-1-768x460.jpg 768w, https:\/\/diariodaregiao.audiencelabs.com.br\/wp-content\/uploads\/2026\/03\/brasil_amistoso_senegal2025-1-750x449.jpg 750w, https:\/\/diariodaregiao.audiencelabs.com.br\/wp-content\/uploads\/2026\/03\/brasil_amistoso_senegal2025-1-1140x682.jpg 1140w, https:\/\/diariodaregiao.audiencelabs.com.br\/wp-content\/uploads\/2026\/03\/brasil_amistoso_senegal2025-1.jpg 1200w\" sizes=\"auto, (max-width: 1024px) 100vw, 1024px\" \/><figcaption class=\"wp-element-caption\">Cr\u00e9ditos: Rafael Ribeiro\/CBF<\/figcaption><\/figure>\n\n\n\n<h2 class=\"wp-block-heading\">Estreia e trajet\u00f3ria at\u00e9 a Copa de 2026<\/h2>\n\n\n\n<p>O primeiro compromisso do Brasil na Copa do Mundo est\u00e1 marcado para o dia 13 de junho. O advers\u00e1rio ser\u00e1 o Marrocos, em partida que acontecer\u00e1 no MetLife Stadium, em Nova Jersey, abrindo oficialmente a caminhada rumo ao t\u00edtulo.<\/p>\n\n\n\n<p>A competi\u00e7\u00e3o ser\u00e1 realizada entre 11 de junho e 19 de julho de 2026, com jogos distribu\u00eddos entre Estados Unidos, Canad\u00e1 e M\u00e9xico. Justamente por isso, a log\u00edstica e o planejamento ganham ainda mais import\u00e2ncia para o desempenho da equipe.<\/p>\n\n\n\n<p>Carlo Ancelotti chega para comandar o Brasil ap\u00f3s uma trajet\u00f3ria marcante no futebol europeu. O treinador soma 31 t\u00edtulos na carreira e \u00e9 o t\u00e9cnico com mais conquistas da UEFA Champions League, com cinco trof\u00e9us, al\u00e9m de passagens por Juventus, Milan, Chelsea, Paris Saint-Germain, Bayern de Munique e Real Madrid.<\/p>\n\n\n\n<p>Antes dele, o ciclo at\u00e9 a Copa contou com mudan\u00e7as no comando t\u00e9cnico. Ramon Menezes e Fernando Diniz atuaram como interinos em diferentes per\u00edodos, enquanto Dorival J\u00fanior foi anunciado em janeiro de 2024 e deixou o cargo em mar\u00e7o de 2025.<\/p>\n\n\n\n<p>Agora, a miss\u00e3o de Ancelotti ser\u00e1 liderar a sele\u00e7\u00e3o na busca pelo hexacampeonato. No entanto, mesmo com planejamento definido e lista prestes a ser anunciada, ajustes de \u00faltima hora seguem como possibilidade, mantendo o cen\u00e1rio aberto at\u00e9 o in\u00edcio da competi\u00e7\u00e3o.<\/p>\n","protected":false},"excerpt":{"rendered":"<p>O planejamento para um dos momentos mais aguardados do futebol mundial j\u00e1 come\u00e7ou a ganhar forma, no entanto, ainda h\u00e1 detalhes importantes que podem mudar at\u00e9 os instantes finais. Justamente por isso, decis\u00f5es estrat\u00e9gicas seguem sendo tratadas com cautela nos bastidores, at\u00e9 mesmo quando parecem j\u00e1 definidas. A defini\u00e7\u00e3o envolve diretamente Carlo Ancelotti, anunciado como [&hellip;]<\/p>\n","protected":false},"author":10,"featured_media":22280,"comment_status":"open","ping_status":"open","sticky":false,"template":"","format":"standard","meta":{"jnews-multi-image_gallery":[],"jnews_single_post":{"format":"standard"},"jnews_primary_category":[],"jnews_social_meta":[],"jnews_post_split":[],"footnotes":""},"categories":[1],"tags":[],"class_list":["post-23542","post","type-post","status-publish","format-standard","has-post-thumbnail","hentry","category-variedades"],"_links":{"self":[{"href":"https:\/\/diariodaregiao.audiencelabs.com.br\/wp-json\/wp\/v2\/posts\/23542","targetHints":{"allow":["GET"]}}],"collection":[{"href":"https:\/\/diariodaregiao.audiencelabs.com.br\/wp-json\/wp\/v2\/posts"}],"about":[{"href":"https:\/\/diariodaregiao.audiencelabs.com.br\/wp-json\/wp\/v2\/types\/post"}],"author":[{"embeddable":true,"href":"https:\/\/diariodaregiao.audiencelabs.com.br\/wp-json\/wp\/v2\/users\/10"}],"replies":[{"embeddable":true,"href":"https:\/\/diariodaregiao.audiencelabs.com.br\/wp-json\/wp\/v2\/comments?post=23542"}],"version-history":[{"count":1,"href":"https:\/\/diariodaregiao.audiencelabs.com.br\/wp-json\/wp\/v2\/posts\/23542\/revisions"}],"predecessor-version":[{"id":23543,"href":"https:\/\/diariodaregiao.audiencelabs.com.br\/wp-json\/wp\/v2\/posts\/23542\/revisions\/23543"}],"wp:featuredmedia":[{"embeddable":true,"href":"https:\/\/diariodaregiao.audiencelabs.com.br\/wp-json\/wp\/v2\/media\/22280"}],"wp:attachment":[{"href":"https:\/\/diariodaregiao.audiencelabs.com.br\/wp-json\/wp\/v2\/media?parent=23542"}],"wp:term":[{"taxonomy":"category","embeddable":true,"href":"https:\/\/diariodaregiao.audiencelabs.com.br\/wp-json\/wp\/v2\/categories?post=23542"},{"taxonomy":"post_tag","embeddable":true,"href":"https:\/\/diariodaregiao.audiencelabs.com.br\/wp-json\/wp\/v2\/tags?post=23542"}],"curies":[{"name":"wp","href":"https:\/\/api.w.org\/{rel}","templated":true}]}}